{"id":4533,"date":"2023-03-23T21:54:38","date_gmt":"2023-03-23T21:54:38","guid":{"rendered":"https:\/\/blogsaverroes.juntadeandalucia.es\/ceippicasso\/?p=4533"},"modified":"2023-03-24T00:27:30","modified_gmt":"2023-03-24T00:27:30","slug":"xiv-programa-de-la-radio-escolar","status":"publish","type":"post","link":"https:\/\/blogsaverroes.juntadeandalucia.es\/ceippicasso\/xiv-programa-de-la-radio-escolar\/","title":{"rendered":"XIV Programa de la Radio Escolar"},"content":{"rendered":"<h4>&nbsp;<\/h4>\n<h4 style=\"text-align: center\"><span style=\"color: #000000\">El 21 de marzo fue el D\u00eda de la Poes\u00eda,<br \/>\ny as\u00ed el alumnado de primero nos inund\u00f3 con alegr\u00eda.<\/span><\/h4>\n<p>&nbsp;<\/p>\n<p><span style=\"color: #000000\">Hoy nuestra radio, PICASSIANOS EN LA ONDA.FM ha recibido a los peques de primaria. 1.\u00baA y 1.\u00baB, con sus tutoras al frente, las maestras Cristina y Ana Bel\u00e9n, han redactado el guion y montado un programa completamente enfocado a homenajear la POES\u00cdA en may\u00fasculas.<\/span><\/p>\n<p>&nbsp;<\/p>\n<p><span style=\"color: #000000\"><img loading=\"lazy\" decoding=\"async\" class=\"wp-image-4543 aligncenter\" src=\"https:\/\/blogsaverroes.juntadeandalucia.es\/ceippicasso\/files\/2023\/03\/7065B60D-CA52-4975-AB8D-2F18373EDEF0_1_105_c-1.jpeg\" alt=\"\" width=\"607\" height=\"455\" srcset=\"https:\/\/blogsaverroes.juntadeandalucia.es\/ceippicasso\/files\/2023\/03\/7065B60D-CA52-4975-AB8D-2F18373EDEF0_1_105_c-1.jpeg 1024w, https:\/\/blogsaverroes.juntadeandalucia.es\/ceippicasso\/files\/2023\/03\/7065B60D-CA52-4975-AB8D-2F18373EDEF0_1_105_c-1-300x225.jpeg 300w, https:\/\/blogsaverroes.juntadeandalucia.es\/ceippicasso\/files\/2023\/03\/7065B60D-CA52-4975-AB8D-2F18373EDEF0_1_105_c-1-768x576.jpeg 768w\" sizes=\"(max-width: 607px) 100vw, 607px\" \/><\/span><\/p>\n<p><span style=\"color: #000000\">De nuevo, emitiendo en directo para todas las clases (infantil, Aula TEA y primaria), desde&#8230; \u00a1\u00a1la sala de radio!! Los protagonistas en esta ocasi\u00f3n han sido El\u00edas y Vera de 1.\u00baA y Francisco Jos\u00e9 y Antonella de 1.\u00baB; con Athenea de 5.\u00baB que se ha prestado para guiar a nuestros peques en su primera andadura al frente de la radio.&nbsp;<\/span><\/p>\nngg_shortcode_0_placeholder\n<p><span style=\"color: #000000\">Como cada semana, el compa\u00f1ero Miguel \u00c1ngel de 6.\u00baB ha ejercido como t\u00e9cnico de sonido.<\/span><\/p>\n<p><span style=\"color: #000000\">Sin m\u00e1s, os dejamos con el programa de radio para que pod\u00e1is escucharlo en casa con vuestras familias.<\/span><\/p>\n<p><span style=\"color: #000000\">Nos vemos el&#8230; \u00a1PR\u00d3XIMO JUEVES!<\/span><\/p>\n<p>&nbsp;<\/p>\n<!--[if lt IE 9]><script>document.createElement('audio');<\/script><![endif]-->\n<audio class=\"wp-audio-shortcode\" id=\"audio-4533-1\" preload=\"none\" style=\"width: 100%;\" controls=\"controls\"><source type=\"audio\/mpeg\" src=\"https:\/\/blogsaverroes.juntadeandalucia.es\/ceippicasso\/files\/2023\/03\/Radio-Escolar-14.mp3?_=1\" \/><a href=\"https:\/\/blogsaverroes.juntadeandalucia.es\/ceippicasso\/files\/2023\/03\/Radio-Escolar-14.mp3\">https:\/\/blogsaverroes.juntadeandalucia.es\/ceippicasso\/files\/2023\/03\/Radio-Escolar-14.mp3<\/a><\/audio>\n<!--themify_builder_content-->\n<div id=\"themify_builder_content-4533\" data-postid=\"4533\" class=\"themify_builder_content themify_builder_content-4533 themify_builder tf_clear\">\n    <\/div>\n<!--\/themify_builder_content-->\n","protected":false},"excerpt":{"rendered":"<p>&nbsp; El 21 de marzo fue el D\u00eda de la Poes\u00eda, y as\u00ed el alumnado de primero nos inund\u00f3 con alegr\u00eda. &nbsp; Hoy nuestra radio, PICASSIANOS EN LA ONDA.FM ha recibido a los peques de primaria. 1.\u00baA y 1.\u00baB, con sus tutoras al frente, las maestras Cristina y Ana Bel\u00e9n, han redactado el guion y [&hellip;]<\/p>\n","protected":false},"author":11887,"featured_media":4544,"comment_status":"open","ping_status":"open","sticky":false,"template":"","format":"standard","meta":{"ngg_post_thumbnail":0,"footnotes":""},"categories":[2351712,2351718,2351725],"tags":[2351754,2351755],"aioseo_notices":[],"post_mailing_queue_ids":[],"_links":{"self":[{"href":"https:\/\/blogsaverroes.juntadeandalucia.es\/ceippicasso\/wp-json\/wp\/v2\/posts\/4533"}],"collection":[{"href":"https:\/\/blogsaverroes.juntadeandalucia.es\/ceippicasso\/wp-json\/wp\/v2\/posts"}],"about":[{"href":"https:\/\/blogsaverroes.juntadeandalucia.es\/ceippicasso\/wp-json\/wp\/v2\/types\/post"}],"author":[{"embeddable":true,"href":"https:\/\/blogsaverroes.juntadeandalucia.es\/ceippicasso\/wp-json\/wp\/v2\/users\/11887"}],"replies":[{"embeddable":true,"href":"https:\/\/blogsaverroes.juntadeandalucia.es\/ceippicasso\/wp-json\/wp\/v2\/comments?post=4533"}],"version-history":[{"count":9,"href":"https:\/\/blogsaverroes.juntadeandalucia.es\/ceippicasso\/wp-json\/wp\/v2\/posts\/4533\/revisions"}],"predecessor-version":[{"id":4588,"href":"https:\/\/blogsaverroes.juntadeandalucia.es\/ceippicasso\/wp-json\/wp\/v2\/posts\/4533\/revisions\/4588"}],"wp:featuredmedia":[{"embeddable":true,"href":"https:\/\/blogsaverroes.juntadeandalucia.es\/ceippicasso\/wp-json\/wp\/v2\/media\/4544"}],"wp:attachment":[{"href":"https:\/\/blogsaverroes.juntadeandalucia.es\/ceippicasso\/wp-json\/wp\/v2\/media?parent=4533"}],"wp:term":[{"taxonomy":"category","embeddable":true,"href":"https:\/\/blogsaverroes.juntadeandalucia.es\/ceippicasso\/wp-json\/wp\/v2\/categories?post=4533"},{"taxonomy":"post_tag","embeddable":true,"href":"https:\/\/blogsaverroes.juntadeandalucia.es\/ceippicasso\/wp-json\/wp\/v2\/tags?post=4533"}],"curies":[{"name":"wp","href":"https:\/\/api.w.org\/{rel}","templated":true}]}}