{"id":4662,"date":"2023-05-24T17:43:51","date_gmt":"2023-05-24T17:43:51","guid":{"rendered":"https:\/\/blogsaverroes.juntadeandalucia.es\/ceippicasso\/?p=4662"},"modified":"2023-05-24T17:50:39","modified_gmt":"2023-05-24T17:50:39","slug":"junio-de-celebraciones","status":"publish","type":"post","link":"https:\/\/blogsaverroes.juntadeandalucia.es\/ceippicasso\/junio-de-celebraciones\/","title":{"rendered":"\u00a1Junio de celebraciones!"},"content":{"rendered":"<p><span style=\"color: #000000\">Se acerca el final de curso y con \u00e9l, celebraciones y actividades variadas que se realizar\u00e1n en el centro a lo largo de todo el mes de junio. Para estar al tanto de las fechas, aqu\u00ed os dejamos los siguientes carteles:<\/span><\/p>\n<p><img loading=\"lazy\" decoding=\"async\" class=\"size-full wp-image-4663 aligncenter\" src=\"https:\/\/blogsaverroes.juntadeandalucia.es\/ceippicasso\/files\/2023\/05\/Graduaci\u00f3n-Infantil.png\" alt=\"\" width=\"1080\" height=\"1080\" srcset=\"https:\/\/blogsaverroes.juntadeandalucia.es\/ceippicasso\/files\/2023\/05\/Graduaci\u00f3n-Infantil.png 1080w, https:\/\/blogsaverroes.juntadeandalucia.es\/ceippicasso\/files\/2023\/05\/Graduaci\u00f3n-Infantil-300x300.png 300w, https:\/\/blogsaverroes.juntadeandalucia.es\/ceippicasso\/files\/2023\/05\/Graduaci\u00f3n-Infantil-1024x1024.png 1024w, https:\/\/blogsaverroes.juntadeandalucia.es\/ceippicasso\/files\/2023\/05\/Graduaci\u00f3n-Infantil-150x150.png 150w, https:\/\/blogsaverroes.juntadeandalucia.es\/ceippicasso\/files\/2023\/05\/Graduaci\u00f3n-Infantil-768x768.png 768w\" sizes=\"(max-width: 1080px) 100vw, 1080px\" \/><\/p>\n<p>&nbsp;<\/p>\n<p><img loading=\"lazy\" decoding=\"async\" class=\"size-full wp-image-4664 aligncenter\" src=\"https:\/\/blogsaverroes.juntadeandalucia.es\/ceippicasso\/files\/2023\/05\/Graduaci\u00f3n-6\u00ba.png\" alt=\"\" width=\"1240\" height=\"1748\" srcset=\"https:\/\/blogsaverroes.juntadeandalucia.es\/ceippicasso\/files\/2023\/05\/Graduaci\u00f3n-6\u00ba.png 1240w, https:\/\/blogsaverroes.juntadeandalucia.es\/ceippicasso\/files\/2023\/05\/Graduaci\u00f3n-6\u00ba-213x300.png 213w, https:\/\/blogsaverroes.juntadeandalucia.es\/ceippicasso\/files\/2023\/05\/Graduaci\u00f3n-6\u00ba-726x1024.png 726w, https:\/\/blogsaverroes.juntadeandalucia.es\/ceippicasso\/files\/2023\/05\/Graduaci\u00f3n-6\u00ba-768x1083.png 768w, https:\/\/blogsaverroes.juntadeandalucia.es\/ceippicasso\/files\/2023\/05\/Graduaci\u00f3n-6\u00ba-1090x1536.png 1090w\" sizes=\"(max-width: 1240px) 100vw, 1240px\" \/><\/p>\n<p>&nbsp;<\/p>\n<p><img loading=\"lazy\" decoding=\"async\" class=\"size-full wp-image-4665 aligncenter\" src=\"https:\/\/blogsaverroes.juntadeandalucia.es\/ceippicasso\/files\/2023\/05\/Actuaciones.png\" alt=\"\" width=\"1587\" height=\"2245\" srcset=\"https:\/\/blogsaverroes.juntadeandalucia.es\/ceippicasso\/files\/2023\/05\/Actuaciones.png 1587w, https:\/\/blogsaverroes.juntadeandalucia.es\/ceippicasso\/files\/2023\/05\/Actuaciones-212x300.png 212w, https:\/\/blogsaverroes.juntadeandalucia.es\/ceippicasso\/files\/2023\/05\/Actuaciones-724x1024.png 724w, https:\/\/blogsaverroes.juntadeandalucia.es\/ceippicasso\/files\/2023\/05\/Actuaciones-768x1086.png 768w, https:\/\/blogsaverroes.juntadeandalucia.es\/ceippicasso\/files\/2023\/05\/Actuaciones-1086x1536.png 1086w, https:\/\/blogsaverroes.juntadeandalucia.es\/ceippicasso\/files\/2023\/05\/Actuaciones-1448x2048.png 1448w\" sizes=\"(max-width: 1587px) 100vw, 1587px\" \/><\/p>\n<!--themify_builder_content-->\n<div id=\"themify_builder_content-4662\" data-postid=\"4662\" class=\"themify_builder_content themify_builder_content-4662 themify_builder tf_clear\">\n    <\/div>\n<!--\/themify_builder_content-->\n","protected":false},"excerpt":{"rendered":"<p>Se acerca el final de curso y con \u00e9l, celebraciones y actividades variadas que se realizar\u00e1n en el centro a lo largo de todo el mes de junio. Para estar al tanto de las fechas, aqu\u00ed os dejamos los siguientes carteles: &nbsp; &nbsp;<\/p>\n","protected":false},"author":11887,"featured_media":4666,"comment_status":"open","ping_status":"open","sticky":false,"template":"","format":"standard","meta":{"ngg_post_thumbnail":0,"footnotes":""},"categories":[2351712,2351714],"tags":[],"aioseo_notices":[],"post_mailing_queue_ids":[],"_links":{"self":[{"href":"https:\/\/blogsaverroes.juntadeandalucia.es\/ceippicasso\/wp-json\/wp\/v2\/posts\/4662"}],"collection":[{"href":"https:\/\/blogsaverroes.juntadeandalucia.es\/ceippicasso\/wp-json\/wp\/v2\/posts"}],"about":[{"href":"https:\/\/blogsaverroes.juntadeandalucia.es\/ceippicasso\/wp-json\/wp\/v2\/types\/post"}],"author":[{"embeddable":true,"href":"https:\/\/blogsaverroes.juntadeandalucia.es\/ceippicasso\/wp-json\/wp\/v2\/users\/11887"}],"replies":[{"embeddable":true,"href":"https:\/\/blogsaverroes.juntadeandalucia.es\/ceippicasso\/wp-json\/wp\/v2\/comments?post=4662"}],"version-history":[{"count":7,"href":"https:\/\/blogsaverroes.juntadeandalucia.es\/ceippicasso\/wp-json\/wp\/v2\/posts\/4662\/revisions"}],"predecessor-version":[{"id":4769,"href":"https:\/\/blogsaverroes.juntadeandalucia.es\/ceippicasso\/wp-json\/wp\/v2\/posts\/4662\/revisions\/4769"}],"wp:featuredmedia":[{"embeddable":true,"href":"https:\/\/blogsaverroes.juntadeandalucia.es\/ceippicasso\/wp-json\/wp\/v2\/media\/4666"}],"wp:attachment":[{"href":"https:\/\/blogsaverroes.juntadeandalucia.es\/ceippicasso\/wp-json\/wp\/v2\/media?parent=4662"}],"wp:term":[{"taxonomy":"category","embeddable":true,"href":"https:\/\/blogsaverroes.juntadeandalucia.es\/ceippicasso\/wp-json\/wp\/v2\/categories?post=4662"},{"taxonomy":"post_tag","embeddable":true,"href":"https:\/\/blogsaverroes.juntadeandalucia.es\/ceippicasso\/wp-json\/wp\/v2\/tags?post=4662"}],"curies":[{"name":"wp","href":"https:\/\/api.w.org\/{rel}","templated":true}]}}