{"id":4830,"date":"2023-06-09T19:33:59","date_gmt":"2023-06-09T19:33:59","guid":{"rendered":"https:\/\/blogsaverroes.juntadeandalucia.es\/ceippicasso\/?p=4830"},"modified":"2023-06-09T19:34:58","modified_gmt":"2023-06-09T19:34:58","slug":"festival-de-verano","status":"publish","type":"post","link":"https:\/\/blogsaverroes.juntadeandalucia.es\/ceippicasso\/festival-de-verano\/","title":{"rendered":"Festival de Verano"},"content":{"rendered":"<p><span style=\"color: #000000\">Con el concierto a cargo del grupo musical \u201c<strong>Los piratas del Estrecho<\/strong>\u201d inauguramos la programaci\u00f3n de actividades para celebrar la finalizaci\u00f3n del curso 22\/23, en el que toda la comunidad educativa hemos disfrutado de numerosas actividades complementarias.<\/span><\/p>\n<p><span style=\"color: #000000\">Don Isaac Carrillo, profesor de este centro y tutor de 3\u00ba B es uno de los componentes de \u201cLos piratas del Estrecho\u201d y organizador del acto que se celebrar\u00e1 en el SUM de nuestro colegio el martes 13 de junio. Se dar\u00e1 en dos pases en los que el alumnado podr\u00e1 disfrutar de la m\u00fasica y del baile con sus compa\u00f1eros y compa\u00f1eras.<\/span><\/p>\n<p>&nbsp;<\/p>\n<p><img loading=\"lazy\" decoding=\"async\" class=\" wp-image-4831 aligncenter\" src=\"https:\/\/blogsaverroes.juntadeandalucia.es\/ceippicasso\/files\/2023\/06\/WhatsApp-Image-2023-06-09-at-21.26.45.jpeg\" alt=\"\" width=\"686\" height=\"970\" srcset=\"https:\/\/blogsaverroes.juntadeandalucia.es\/ceippicasso\/files\/2023\/06\/WhatsApp-Image-2023-06-09-at-21.26.45.jpeg 1131w, https:\/\/blogsaverroes.juntadeandalucia.es\/ceippicasso\/files\/2023\/06\/WhatsApp-Image-2023-06-09-at-21.26.45-212x300.jpeg 212w, https:\/\/blogsaverroes.juntadeandalucia.es\/ceippicasso\/files\/2023\/06\/WhatsApp-Image-2023-06-09-at-21.26.45-724x1024.jpeg 724w, https:\/\/blogsaverroes.juntadeandalucia.es\/ceippicasso\/files\/2023\/06\/WhatsApp-Image-2023-06-09-at-21.26.45-768x1086.jpeg 768w, https:\/\/blogsaverroes.juntadeandalucia.es\/ceippicasso\/files\/2023\/06\/WhatsApp-Image-2023-06-09-at-21.26.45-1086x1536.jpeg 1086w\" sizes=\"(max-width: 686px) 100vw, 686px\" \/><\/p>\n<p>&nbsp;<\/p>\n<p><span style=\"color: #000000\">Para completar este evento, durante el recreo todos los ni\u00f1os y ni\u00f1as que lo deseen podr\u00e1n saborear saludables batidos de fruta realizados por la monitora del Taller de cocina del Programa PROA+ Transf\u00f3rmate utilizando la leche proporcionada por el programa \u201cCreciendo en Salud\u201d.<\/span><\/p>\n<p><img loading=\"lazy\" decoding=\"async\" class=\"wp-image-4832 aligncenter\" src=\"https:\/\/blogsaverroes.juntadeandalucia.es\/ceippicasso\/files\/2023\/06\/WhatsApp-Image-2023-06-09-at-21.31.25.jpeg\" alt=\"\" width=\"406\" height=\"574\" srcset=\"https:\/\/blogsaverroes.juntadeandalucia.es\/ceippicasso\/files\/2023\/06\/WhatsApp-Image-2023-06-09-at-21.31.25.jpeg 724w, https:\/\/blogsaverroes.juntadeandalucia.es\/ceippicasso\/files\/2023\/06\/WhatsApp-Image-2023-06-09-at-21.31.25-212x300.jpeg 212w\" sizes=\"(max-width: 406px) 100vw, 406px\" \/><\/p>\n<p>&nbsp;<\/p>\n<hr>\n<h2 style=\"text-align: center\"><span style=\"color: #000000\">Actividad del PROA+ Transf\u00f3rmate<\/span><\/h2>\n<p style=\"text-align: center\"><span style=\"color: #000000\"><img loading=\"lazy\" decoding=\"async\" class=\"alignnone wp-image-4239\" src=\"https:\/\/blogsaverroes.juntadeandalucia.es\/ceippicasso\/files\/2023\/02\/Proa-2-defi.png\" alt=\"\" width=\"406\" height=\"123\" srcset=\"https:\/\/blogsaverroes.juntadeandalucia.es\/ceippicasso\/files\/2023\/02\/Proa-2-defi.png 1678w, https:\/\/blogsaverroes.juntadeandalucia.es\/ceippicasso\/files\/2023\/02\/Proa-2-defi-300x91.png 300w, https:\/\/blogsaverroes.juntadeandalucia.es\/ceippicasso\/files\/2023\/02\/Proa-2-defi-1024x310.png 1024w, https:\/\/blogsaverroes.juntadeandalucia.es\/ceippicasso\/files\/2023\/02\/Proa-2-defi-768x233.png 768w, https:\/\/blogsaverroes.juntadeandalucia.es\/ceippicasso\/files\/2023\/02\/Proa-2-defi-1536x465.png 1536w\" sizes=\"(max-width: 406px) 100vw, 406px\" \/><\/span><\/p>\n<!--themify_builder_content-->\n<div id=\"themify_builder_content-4830\" data-postid=\"4830\" class=\"themify_builder_content themify_builder_content-4830 themify_builder tf_clear\">\n    <\/div>\n<!--\/themify_builder_content-->\n","protected":false},"excerpt":{"rendered":"<p>Con el concierto a cargo del grupo musical \u201cLos piratas del Estrecho\u201d inauguramos la programaci\u00f3n de actividades para celebrar la finalizaci\u00f3n del curso 22\/23, en el que toda la comunidad educativa hemos disfrutado de numerosas actividades complementarias. Don Isaac Carrillo, profesor de este centro y tutor de 3\u00ba B es uno de los componentes de [&hellip;]<\/p>\n","protected":false},"author":11887,"featured_media":4835,"comment_status":"open","ping_status":"open","sticky":false,"template":"","format":"standard","meta":{"ngg_post_thumbnail":0,"footnotes":""},"categories":[2351712,2351714,2351716,2351739,2351718],"tags":[],"aioseo_notices":[],"post_mailing_queue_ids":[],"_links":{"self":[{"href":"https:\/\/blogsaverroes.juntadeandalucia.es\/ceippicasso\/wp-json\/wp\/v2\/posts\/4830"}],"collection":[{"href":"https:\/\/blogsaverroes.juntadeandalucia.es\/ceippicasso\/wp-json\/wp\/v2\/posts"}],"about":[{"href":"https:\/\/blogsaverroes.juntadeandalucia.es\/ceippicasso\/wp-json\/wp\/v2\/types\/post"}],"author":[{"embeddable":true,"href":"https:\/\/blogsaverroes.juntadeandalucia.es\/ceippicasso\/wp-json\/wp\/v2\/users\/11887"}],"replies":[{"embeddable":true,"href":"https:\/\/blogsaverroes.juntadeandalucia.es\/ceippicasso\/wp-json\/wp\/v2\/comments?post=4830"}],"version-history":[{"count":3,"href":"https:\/\/blogsaverroes.juntadeandalucia.es\/ceippicasso\/wp-json\/wp\/v2\/posts\/4830\/revisions"}],"predecessor-version":[{"id":4836,"href":"https:\/\/blogsaverroes.juntadeandalucia.es\/ceippicasso\/wp-json\/wp\/v2\/posts\/4830\/revisions\/4836"}],"wp:featuredmedia":[{"embeddable":true,"href":"https:\/\/blogsaverroes.juntadeandalucia.es\/ceippicasso\/wp-json\/wp\/v2\/media\/4835"}],"wp:attachment":[{"href":"https:\/\/blogsaverroes.juntadeandalucia.es\/ceippicasso\/wp-json\/wp\/v2\/media?parent=4830"}],"wp:term":[{"taxonomy":"category","embeddable":true,"href":"https:\/\/blogsaverroes.juntadeandalucia.es\/ceippicasso\/wp-json\/wp\/v2\/categories?post=4830"},{"taxonomy":"post_tag","embeddable":true,"href":"https:\/\/blogsaverroes.juntadeandalucia.es\/ceippicasso\/wp-json\/wp\/v2\/tags?post=4830"}],"curies":[{"name":"wp","href":"https:\/\/api.w.org\/{rel}","templated":true}]}}