{"id":5557,"date":"2023-12-15T19:19:25","date_gmt":"2023-12-15T19:19:25","guid":{"rendered":"https:\/\/blogsaverroes.juntadeandalucia.es\/ceippicasso\/?p=5557"},"modified":"2023-12-16T10:11:57","modified_gmt":"2023-12-16T10:11:57","slug":"navidad-2023","status":"publish","type":"post","link":"https:\/\/blogsaverroes.juntadeandalucia.es\/ceippicasso\/navidad-2023\/","title":{"rendered":"\u00a1Navidad 2023!"},"content":{"rendered":"<p style=\"text-align: justify\"><span style=\"color: #000000\">La pr\u00f3xima semana celebramos la navidad por todo lo alto. Clases y pasillos se han vestido de verde y rojo con motivos&nbsp;que despiertan el esp\u00edritu navide\u00f1o y animan a nuestros alumnos y alumnas a disfrutar del colegio en las semanas de diciembre.<\/span><\/p>\n<p style=\"text-align: justify\"><span style=\"color: #000000\">Adem\u00e1s de la decoraci\u00f3n, el profesorado se ha esmerado en organizar por ciclo un programa navide\u00f1o que junto a las propuestas del AMPA aseguramos una despedida escolar del a\u00f1o 2023 divertida, emocionante y educativa.<\/span><\/p>\n<p style=\"text-align: justify\"><span style=\"color: #000000\">Regalos, cine, actividades con recursos digitales, desayunos navide\u00f1os, fin de a\u00f1o, manualidades, lecturas, intercambio de postales, villancicos y mucho m\u00e1s\u2026 todo para ilusionar a nuestro alumnado hasta el d\u00eda 23, fecha en la que empezar\u00e1n las vacaciones de Navidad. &nbsp;&nbsp;<\/span><\/p>\n<figure id=\"attachment_5558\" aria-describedby=\"caption-attachment-5558\" style=\"width: 2434px\" class=\"wp-caption aligncenter\"><a href=\"https:\/\/view.genial.ly\/638a6048ef239f001896f955\/interactive-content-navidad-infantil-picasso\"><img loading=\"lazy\" decoding=\"async\" class=\"wp-image-5558 size-full\" src=\"https:\/\/blogsaverroes.juntadeandalucia.es\/ceippicasso\/files\/2023\/12\/inf_navidad_2023.png\" alt=\"\" width=\"2434\" height=\"1366\" srcset=\"https:\/\/blogsaverroes.juntadeandalucia.es\/ceippicasso\/files\/2023\/12\/inf_navidad_2023.png 2434w, https:\/\/blogsaverroes.juntadeandalucia.es\/ceippicasso\/files\/2023\/12\/inf_navidad_2023-300x168.png 300w, https:\/\/blogsaverroes.juntadeandalucia.es\/ceippicasso\/files\/2023\/12\/inf_navidad_2023-1024x575.png 1024w, https:\/\/blogsaverroes.juntadeandalucia.es\/ceippicasso\/files\/2023\/12\/inf_navidad_2023-768x431.png 768w, https:\/\/blogsaverroes.juntadeandalucia.es\/ceippicasso\/files\/2023\/12\/inf_navidad_2023-1536x862.png 1536w, https:\/\/blogsaverroes.juntadeandalucia.es\/ceippicasso\/files\/2023\/12\/inf_navidad_2023-2048x1149.png 2048w\" sizes=\"(max-width: 2434px) 100vw, 2434px\" \/><\/a><figcaption id=\"caption-attachment-5558\" class=\"wp-caption-text\"><span style=\"color: #000000\">Programaci\u00f3n navide\u00f1a de INFANTIL (3, 4 y 5 a\u00f1os) &#8211; Haz click sobre ella para consultarla<\/span><\/figcaption><\/figure>\n<p>&nbsp;<\/p>\n<figure id=\"attachment_5559\" aria-describedby=\"caption-attachment-5559\" style=\"width: 1131px\" class=\"wp-caption aligncenter\"><img loading=\"lazy\" decoding=\"async\" class=\"wp-image-5559 size-full\" src=\"https:\/\/blogsaverroes.juntadeandalucia.es\/ceippicasso\/files\/2023\/12\/2023_navidad_1ciclo.jpeg\" alt=\"\" width=\"1131\" height=\"1600\" srcset=\"https:\/\/blogsaverroes.juntadeandalucia.es\/ceippicasso\/files\/2023\/12\/2023_navidad_1ciclo.jpeg 1131w, https:\/\/blogsaverroes.juntadeandalucia.es\/ceippicasso\/files\/2023\/12\/2023_navidad_1ciclo-212x300.jpeg 212w, https:\/\/blogsaverroes.juntadeandalucia.es\/ceippicasso\/files\/2023\/12\/2023_navidad_1ciclo-724x1024.jpeg 724w, https:\/\/blogsaverroes.juntadeandalucia.es\/ceippicasso\/files\/2023\/12\/2023_navidad_1ciclo-768x1086.jpeg 768w, https:\/\/blogsaverroes.juntadeandalucia.es\/ceippicasso\/files\/2023\/12\/2023_navidad_1ciclo-1086x1536.jpeg 1086w\" sizes=\"(max-width: 1131px) 100vw, 1131px\" \/><figcaption id=\"caption-attachment-5559\" class=\"wp-caption-text\"><span style=\"color: #000000\">Programaci\u00f3n navide\u00f1a del PRIMER CICLO (AULA TEA, 1.\u00ba y 2.\u00ba)<\/span><\/figcaption><\/figure>\n<p>&nbsp;<\/p>\n<figure id=\"attachment_5561\" aria-describedby=\"caption-attachment-5561\" style=\"width: 2534px\" class=\"wp-caption alignnone\"><a href=\"https:\/\/blogsaverroes.juntadeandalucia.es\/ceippicasso\/files\/2023\/12\/2023_navidad_2ciclo.mp4\"><img loading=\"lazy\" decoding=\"async\" class=\"wp-image-5561 size-full\" src=\"https:\/\/blogsaverroes.juntadeandalucia.es\/ceippicasso\/files\/2023\/12\/2023_navidad_2ciclo.png\" alt=\"\" width=\"2534\" height=\"1414\" srcset=\"https:\/\/blogsaverroes.juntadeandalucia.es\/ceippicasso\/files\/2023\/12\/2023_navidad_2ciclo.png 2534w, https:\/\/blogsaverroes.juntadeandalucia.es\/ceippicasso\/files\/2023\/12\/2023_navidad_2ciclo-300x167.png 300w, https:\/\/blogsaverroes.juntadeandalucia.es\/ceippicasso\/files\/2023\/12\/2023_navidad_2ciclo-1024x571.png 1024w, https:\/\/blogsaverroes.juntadeandalucia.es\/ceippicasso\/files\/2023\/12\/2023_navidad_2ciclo-768x429.png 768w, https:\/\/blogsaverroes.juntadeandalucia.es\/ceippicasso\/files\/2023\/12\/2023_navidad_2ciclo-1536x857.png 1536w, https:\/\/blogsaverroes.juntadeandalucia.es\/ceippicasso\/files\/2023\/12\/2023_navidad_2ciclo-2048x1143.png 2048w\" sizes=\"(max-width: 2534px) 100vw, 2534px\" \/><\/a><figcaption id=\"caption-attachment-5561\" class=\"wp-caption-text\"><span style=\"color: #000000\">Programaci\u00f3n navide\u00f1a del SEGUNDO CICLO (3.\u00ba y 4.\u00ba) &#8211; Haz click sobre ella para consultarla<\/span><\/figcaption><\/figure>\n<p>&nbsp;<\/p>\n<figure id=\"attachment_5565\" aria-describedby=\"caption-attachment-5565\" style=\"width: 1080px\" class=\"wp-caption aligncenter\"><a href=\"https:\/\/blogsaverroes.juntadeandalucia.es\/ceippicasso\/files\/2023\/12\/copy_F50F29F5-E56A-4B91-9EFE-2A5CF0778722.mov\"><img loading=\"lazy\" decoding=\"async\" class=\"wp-image-5565 size-full\" src=\"https:\/\/blogsaverroes.juntadeandalucia.es\/ceippicasso\/files\/2023\/12\/DCDA37D8-E058-4851-A00B-E7BE29CE4A2B_1_102_o-1.jpeg\" alt=\"\" width=\"1080\" height=\"1080\" srcset=\"https:\/\/blogsaverroes.juntadeandalucia.es\/ceippicasso\/files\/2023\/12\/DCDA37D8-E058-4851-A00B-E7BE29CE4A2B_1_102_o-1.jpeg 1080w, https:\/\/blogsaverroes.juntadeandalucia.es\/ceippicasso\/files\/2023\/12\/DCDA37D8-E058-4851-A00B-E7BE29CE4A2B_1_102_o-1-300x300.jpeg 300w, https:\/\/blogsaverroes.juntadeandalucia.es\/ceippicasso\/files\/2023\/12\/DCDA37D8-E058-4851-A00B-E7BE29CE4A2B_1_102_o-1-1024x1024.jpeg 1024w, https:\/\/blogsaverroes.juntadeandalucia.es\/ceippicasso\/files\/2023\/12\/DCDA37D8-E058-4851-A00B-E7BE29CE4A2B_1_102_o-1-150x150.jpeg 150w, https:\/\/blogsaverroes.juntadeandalucia.es\/ceippicasso\/files\/2023\/12\/DCDA37D8-E058-4851-A00B-E7BE29CE4A2B_1_102_o-1-768x768.jpeg 768w\" sizes=\"(max-width: 1080px) 100vw, 1080px\" \/><\/a><figcaption id=\"caption-attachment-5565\" class=\"wp-caption-text\"><span style=\"color: #000000\">Programaci\u00f3n navide\u00f1a del TERCER CICLO (5.\u00ba)<\/span><\/figcaption><\/figure>\n<p>&nbsp;<\/p>\n<figure id=\"attachment_5567\" aria-describedby=\"caption-attachment-5567\" style=\"width: 1920px\" class=\"wp-caption aligncenter\"><img loading=\"lazy\" decoding=\"async\" class=\"wp-image-5567 size-full\" src=\"https:\/\/blogsaverroes.juntadeandalucia.es\/ceippicasso\/files\/2023\/12\/2023_navidad_sexto_v2.png\" alt=\"\" width=\"1920\" height=\"1080\" srcset=\"https:\/\/blogsaverroes.juntadeandalucia.es\/ceippicasso\/files\/2023\/12\/2023_navidad_sexto_v2.png 1920w, https:\/\/blogsaverroes.juntadeandalucia.es\/ceippicasso\/files\/2023\/12\/2023_navidad_sexto_v2-300x169.png 300w, https:\/\/blogsaverroes.juntadeandalucia.es\/ceippicasso\/files\/2023\/12\/2023_navidad_sexto_v2-1024x576.png 1024w, https:\/\/blogsaverroes.juntadeandalucia.es\/ceippicasso\/files\/2023\/12\/2023_navidad_sexto_v2-768x432.png 768w, https:\/\/blogsaverroes.juntadeandalucia.es\/ceippicasso\/files\/2023\/12\/2023_navidad_sexto_v2-1536x864.png 1536w\" sizes=\"(max-width: 1920px) 100vw, 1920px\" \/><figcaption id=\"caption-attachment-5567\" class=\"wp-caption-text\"><span style=\"color: #000000\">Programaci\u00f3n navide\u00f1a del TERCER CICLO (6.\u00ba)<\/span><\/figcaption><\/figure>\n<p style=\"text-align: justify\"><span style=\"color: #000000\">Dar las gracias a las coordinadoras y compa\u00f1eros que han dise\u00f1ado estas magn\u00edficas presentaciones de la programaci\u00f3n navide\u00f1a y al AMPA por la gran propuesta de actividades en beneficio de todos el alumnado del centro.<\/span><\/p>\n<!--themify_builder_content-->\n<div id=\"themify_builder_content-5557\" data-postid=\"5557\" class=\"themify_builder_content themify_builder_content-5557 themify_builder tf_clear\">\n    <\/div>\n<!--\/themify_builder_content-->\n","protected":false},"excerpt":{"rendered":"<p>La pr\u00f3xima semana celebramos la navidad por todo lo alto. Clases y pasillos se han vestido de verde y rojo con motivos&nbsp;que despiertan el esp\u00edritu navide\u00f1o y animan a nuestros alumnos y alumnas a disfrutar del colegio en las semanas de diciembre. Adem\u00e1s de la decoraci\u00f3n, el profesorado se ha esmerado en organizar por ciclo [&hellip;]<\/p>\n","protected":false},"author":11887,"featured_media":3860,"comment_status":"open","ping_status":"open","sticky":false,"template":"","format":"standard","meta":{"ngg_post_thumbnail":0,"footnotes":""},"categories":[2351769,2351714],"tags":[2351773],"aioseo_notices":[],"post_mailing_queue_ids":[],"_links":{"self":[{"href":"https:\/\/blogsaverroes.juntadeandalucia.es\/ceippicasso\/wp-json\/wp\/v2\/posts\/5557"}],"collection":[{"href":"https:\/\/blogsaverroes.juntadeandalucia.es\/ceippicasso\/wp-json\/wp\/v2\/posts"}],"about":[{"href":"https:\/\/blogsaverroes.juntadeandalucia.es\/ceippicasso\/wp-json\/wp\/v2\/types\/post"}],"author":[{"embeddable":true,"href":"https:\/\/blogsaverroes.juntadeandalucia.es\/ceippicasso\/wp-json\/wp\/v2\/users\/11887"}],"replies":[{"embeddable":true,"href":"https:\/\/blogsaverroes.juntadeandalucia.es\/ceippicasso\/wp-json\/wp\/v2\/comments?post=5557"}],"version-history":[{"count":4,"href":"https:\/\/blogsaverroes.juntadeandalucia.es\/ceippicasso\/wp-json\/wp\/v2\/posts\/5557\/revisions"}],"predecessor-version":[{"id":5570,"href":"https:\/\/blogsaverroes.juntadeandalucia.es\/ceippicasso\/wp-json\/wp\/v2\/posts\/5557\/revisions\/5570"}],"wp:featuredmedia":[{"embeddable":true,"href":"https:\/\/blogsaverroes.juntadeandalucia.es\/ceippicasso\/wp-json\/wp\/v2\/media\/3860"}],"wp:attachment":[{"href":"https:\/\/blogsaverroes.juntadeandalucia.es\/ceippicasso\/wp-json\/wp\/v2\/media?parent=5557"}],"wp:term":[{"taxonomy":"category","embeddable":true,"href":"https:\/\/blogsaverroes.juntadeandalucia.es\/ceippicasso\/wp-json\/wp\/v2\/categories?post=5557"},{"taxonomy":"post_tag","embeddable":true,"href":"https:\/\/blogsaverroes.juntadeandalucia.es\/ceippicasso\/wp-json\/wp\/v2\/tags?post=5557"}],"curies":[{"name":"wp","href":"https:\/\/api.w.org\/{rel}","templated":true}]}}