{"id":5572,"date":"2023-12-09T10:17:07","date_gmt":"2023-12-09T10:17:07","guid":{"rendered":"https:\/\/blogsaverroes.juntadeandalucia.es\/ceippicasso\/?p=5572"},"modified":"2023-12-16T10:55:56","modified_gmt":"2023-12-16T10:55:56","slug":"dia-de-la-discapacidad","status":"publish","type":"post","link":"https:\/\/blogsaverroes.juntadeandalucia.es\/ceippicasso\/dia-de-la-discapacidad\/","title":{"rendered":"D\u00eda de la disCAPACIDAD"},"content":{"rendered":"<p style=\"text-align: justify\"><span style=\"color: #000000\">El pasado d\u00eda 3 de diciembre celebramos en el colegio el <strong>D\u00eda de la<\/strong> <del>dis<\/del><strong>CAPACIDAD<\/strong>. Por ello, desde el <strong>CEIP. Pablo Picasso<\/strong> hemos querido dar visibilidad a esta efem\u00e9rides con la canci\u00f3n \u00ab<strong>Si me pusiera en tu piel<\/strong>\u00bb (El Pescao), dicha canci\u00f3n fomenta el deporte entre las personas con discapacidad, lo cual es un mensaje muy importante que debe calar en todos nosotros y todas nosotras.<\/span><\/p>\n<p><span style=\"color: #000000\">Otra de las actividades fue la participaci\u00f3n en nuestra&nbsp;<strong>Radio Escolar<\/strong>, PicassianosEnLaOnda.FM, en la que nos leyeron el cuento \u00abPor 4 esquinitas de nada\u00bb:<\/span><\/p>\n<p><img loading=\"lazy\" decoding=\"async\" class=\"size-full wp-image-5589 aligncenter\" src=\"https:\/\/blogsaverroes.juntadeandalucia.es\/ceippicasso\/files\/2023\/12\/Captura-de-pantalla-2023-12-16-a-las-11.53.30.png\" alt=\"\" width=\"1890\" height=\"974\" srcset=\"https:\/\/blogsaverroes.juntadeandalucia.es\/ceippicasso\/files\/2023\/12\/Captura-de-pantalla-2023-12-16-a-las-11.53.30.png 1890w, https:\/\/blogsaverroes.juntadeandalucia.es\/ceippicasso\/files\/2023\/12\/Captura-de-pantalla-2023-12-16-a-las-11.53.30-300x155.png 300w, https:\/\/blogsaverroes.juntadeandalucia.es\/ceippicasso\/files\/2023\/12\/Captura-de-pantalla-2023-12-16-a-las-11.53.30-1024x528.png 1024w, https:\/\/blogsaverroes.juntadeandalucia.es\/ceippicasso\/files\/2023\/12\/Captura-de-pantalla-2023-12-16-a-las-11.53.30-768x396.png 768w, https:\/\/blogsaverroes.juntadeandalucia.es\/ceippicasso\/files\/2023\/12\/Captura-de-pantalla-2023-12-16-a-las-11.53.30-1536x792.png 1536w\" sizes=\"(max-width: 1890px) 100vw, 1890px\" \/><\/p>\n<p style=\"text-align: justify\"><span style=\"color: #000000\">Finalmente, hemos creado nuestro <strong>videoclip<\/strong> con apoyo de pictogramas e im\u00e1genes, que facilitan la comprensi\u00f3n de la letra a las personas con TEA o con una comprensi\u00f3n m\u00e1s visual.<\/span><\/p>\n<p style=\"text-align: justify\"><span style=\"color: #000000\">A los alumnos les ha gustado mucho el resultado y se lo han pasado \u00abbomba\u00bb realizando la grabaci\u00f3n. <\/span><br \/>\n<span style=\"color: #000000\">\u00a1Esperamos que os guste!<\/span><\/p>\n<div class=\"post-video\"><iframe loading=\"lazy\" title=\"D\u00eda de la disCAPACIDAD - 2023\/2024\" width=\"1165\" height=\"655\" src=\"https:\/\/www.youtube.com\/embed\/MYLZZ74kajE?feature=oembed\" frameborder=\"0\" allow=\"accelerometer; autoplay; clipboard-write; encrypted-media; gyroscope; picture-in-picture; web-share\" allowfullscreen><\/iframe><\/div>\n<!--themify_builder_content-->\n<div id=\"themify_builder_content-5572\" data-postid=\"5572\" class=\"themify_builder_content themify_builder_content-5572 themify_builder tf_clear\">\n    <\/div>\n<!--\/themify_builder_content-->\n","protected":false},"excerpt":{"rendered":"<p>El pasado d\u00eda 3 de diciembre celebramos en el colegio el D\u00eda de la disCAPACIDAD. Por ello, desde el CEIP. Pablo Picasso hemos querido dar visibilidad a esta efem\u00e9rides con la canci\u00f3n \u00abSi me pusiera en tu piel\u00bb (El Pescao), dicha canci\u00f3n fomenta el deporte entre las personas con discapacidad, lo cual es un mensaje [&hellip;]<\/p>\n","protected":false},"author":11887,"featured_media":5580,"comment_status":"open","ping_status":"open","sticky":false,"template":"","format":"standard","meta":{"ngg_post_thumbnail":0,"footnotes":""},"categories":[2351769,2351739],"tags":[],"aioseo_notices":[],"post_mailing_queue_ids":[],"_links":{"self":[{"href":"https:\/\/blogsaverroes.juntadeandalucia.es\/ceippicasso\/wp-json\/wp\/v2\/posts\/5572"}],"collection":[{"href":"https:\/\/blogsaverroes.juntadeandalucia.es\/ceippicasso\/wp-json\/wp\/v2\/posts"}],"about":[{"href":"https:\/\/blogsaverroes.juntadeandalucia.es\/ceippicasso\/wp-json\/wp\/v2\/types\/post"}],"author":[{"embeddable":true,"href":"https:\/\/blogsaverroes.juntadeandalucia.es\/ceippicasso\/wp-json\/wp\/v2\/users\/11887"}],"replies":[{"embeddable":true,"href":"https:\/\/blogsaverroes.juntadeandalucia.es\/ceippicasso\/wp-json\/wp\/v2\/comments?post=5572"}],"version-history":[{"count":11,"href":"https:\/\/blogsaverroes.juntadeandalucia.es\/ceippicasso\/wp-json\/wp\/v2\/posts\/5572\/revisions"}],"predecessor-version":[{"id":5593,"href":"https:\/\/blogsaverroes.juntadeandalucia.es\/ceippicasso\/wp-json\/wp\/v2\/posts\/5572\/revisions\/5593"}],"wp:featuredmedia":[{"embeddable":true,"href":"https:\/\/blogsaverroes.juntadeandalucia.es\/ceippicasso\/wp-json\/wp\/v2\/media\/5580"}],"wp:attachment":[{"href":"https:\/\/blogsaverroes.juntadeandalucia.es\/ceippicasso\/wp-json\/wp\/v2\/media?parent=5572"}],"wp:term":[{"taxonomy":"category","embeddable":true,"href":"https:\/\/blogsaverroes.juntadeandalucia.es\/ceippicasso\/wp-json\/wp\/v2\/categories?post=5572"},{"taxonomy":"post_tag","embeddable":true,"href":"https:\/\/blogsaverroes.juntadeandalucia.es\/ceippicasso\/wp-json\/wp\/v2\/tags?post=5572"}],"curies":[{"name":"wp","href":"https:\/\/api.w.org\/{rel}","templated":true}]}}