{"id":5940,"date":"2024-06-02T19:44:51","date_gmt":"2024-06-02T19:44:51","guid":{"rendered":"https:\/\/blogsaverroes.juntadeandalucia.es\/ceippicasso\/?p=5940"},"modified":"2024-06-02T20:43:51","modified_gmt":"2024-06-02T20:43:51","slug":"matriculacion-2024-25","status":"publish","type":"post","link":"https:\/\/blogsaverroes.juntadeandalucia.es\/ceippicasso\/matriculacion-2024-25\/","title":{"rendered":"Matriculaci\u00f3n 2024\/25"},"content":{"rendered":"<p style=\"text-align: justify\">Seg\u00fan el cronograma del Proceso de Admisi\u00f3n para el curso 2024\/2025, la fecha de matriculaci\u00f3n del alumnado de segundo ciclo de Infantil, TEA y Primaria&nbsp;<strong>ser\u00e1 del 1 al 10 de junio<\/strong>.<\/p>\n<p style=\"text-align: justify\"><strong>ROGAMOS realicen la matriculaci\u00f3n de forma telem\u00e1tica,<\/strong>&nbsp;a trav\u00e9s del formulario habilitado en la <strong>Secretar\u00eda Virtual de los centros educativos<\/strong>&nbsp;del portal web de la Consejer\u00eda de Desarrollo Educativo y Formaci\u00f3n Profesional. Se adjuntan los enlaces determinados para cada tr\u00e1mite:<\/p>\n<p style=\"text-align: center\"><a href=\"https:\/\/www.juntadeandalucia.es\/educacion\/secretariavirtual\/accesoTramite\/365\/\"><span style=\"color: #ff6600\">SECRETAR\u00cdA VIRTUAL para INFANTIL Y PRIMARIA<\/span><\/a><\/p>\n<p style=\"text-align: center\"><a href=\"https:\/\/www.juntadeandalucia.es\/educacion\/secretariavirtual\/accesoTramite\/739\/\"><span style=\"color: #ff6600\">SECRETAR\u00cdA VIRTUAL para AULA TEA<\/span><\/a><\/p>\n<p>S<\/p>\n<h4 style=\"text-align: center;line-height: 19.2pt;margin: 0cm 0cm 6.0pt 0cm\" align=\"center\"><span style=\"font-size: 13.0pt;font-family: 'Arial','sans-serif';color: #4b567d;letter-spacing: .6pt\">TUTORIAL PARA LA CUMPLIMENTACI\u00d3N DEL SOBRE DE MATR\u00cdCULA ELECTR\u00d3NICO<\/span><\/h4>\n<p style=\"margin: 0cm;margin-bottom: .0001pt;text-align: center\" align=\"center\"><span style=\"font-size: 9.5pt;font-family: 'Arial','sans-serif';color: black\">El siguiente v\u00eddeo os puede servir de gu\u00eda:<\/span><\/p>\n<p align=\"center\"><a href=\"https:\/\/www.youtube.com\/watch?v=VCcL3E5x7lk\">Enlace<\/a><\/p>\n<p><em>Atenci\u00f3n<\/em><em>: puede existir alguna leve variaci\u00f3n con respecto a este a\u00f1o puesto que el v\u00eddeo tutorial no ha sido actualizado.<\/em><\/p>\n<p style=\"text-align: center\"><strong><span style=\"color: #ff0000\">IMPORTANTE<\/span><\/strong><\/p>\n<ol>\n<li style=\"text-align: justify\">Cuando llegue al apartado <strong>\u00abPersonas Autorizadas para recoger a su hijo\/a en el curso 24\/25<\/strong>\u00bb es necesario que empiece incluyendo&nbsp; los datos de la madre\/padre (aunque lo haya anotado en apartados anteriores) y a continuaci\u00f3n el resto de personas autorizadas, pulsando + cada vez que autoriza a alguien. Antes del nombre debe indicar el parentesco.&nbsp; Solo si lo hace de esta forma, al generarse el listado de alumnos\/as desde secretar\u00eda, podremos contactar con los padres o tutores legales en caso de urgencia.&nbsp; Facilitamos ejemplo:&nbsp;<\/li>\n<\/ol>\n<p><img loading=\"lazy\" decoding=\"async\" class=\"size-large wp-image-6094 aligncenter\" src=\"https:\/\/blogsaverroes.juntadeandalucia.es\/ceippicasso\/files\/2024\/06\/Ejemplo-681x1024.jpeg\" alt=\"\" width=\"681\" height=\"1024\"><\/p>\n<p>&nbsp;<\/p>\n<p>2.Recordamos que para la solicitud de comedor y aula matinal tendr\u00e1n prioridad aquellos alumnos\/as cuyos progenitores est\u00e9n trabajando. Para ello es imprescindible que adjunte un certificado con el horario de la jornada laboral que lo acredite.<\/p>\n<p>&nbsp;<\/p>\n<p>Su colaboraci\u00f3n al realizar la matr\u00edcula telem\u00e1tica es imprescindible para agilizar las labores administrativas y evitar esperas. Pues es casi imposible atender a todas las familias en tan corto plazo de tiempo.&nbsp;<\/p>\n<p>En caso de tener problemas de acceso a la plataforma de&nbsp;<strong>SECRETAR\u00cdA VIRTUAL<\/strong>&nbsp;y de manera excepcional se habilitar\u00e1 el&nbsp;<strong>d\u00eda 10 de junio de 09:15 a 13:30h para proceder a la entrega en formato papel de la matr\u00edcula<\/strong>.&nbsp;<\/p>\n<p style=\"text-align: center\">&nbsp;<\/p>\n<p style=\"text-align: center\">&nbsp; MUCHAS GRACIAS POR SU COLABORACI\u00d3N&nbsp;<\/p>\n<!--themify_builder_content-->\n<div id=\"themify_builder_content-5940\" data-postid=\"5940\" class=\"themify_builder_content themify_builder_content-5940 themify_builder tf_clear\">\n    <\/div>\n<!--\/themify_builder_content-->\n","protected":false},"excerpt":{"rendered":"<p>Seg\u00fan el cronograma del Proceso de Admisi\u00f3n para el curso 2024\/2025, la fecha de matriculaci\u00f3n del alumnado de segundo ciclo de Infantil, TEA y Primaria&nbsp;ser\u00e1 del 1 al 10 de junio. ROGAMOS realicen la matriculaci\u00f3n de forma telem\u00e1tica,&nbsp;a trav\u00e9s del formulario habilitado en la Secretar\u00eda Virtual de los centros educativos&nbsp;del portal web de la Consejer\u00eda [&hellip;]<\/p>\n","protected":false},"author":11887,"featured_media":6092,"comment_status":"open","ping_status":"open","sticky":false,"template":"","format":"standard","meta":{"ngg_post_thumbnail":0,"footnotes":""},"categories":[11909],"tags":[],"aioseo_notices":[],"post_mailing_queue_ids":[],"_links":{"self":[{"href":"https:\/\/blogsaverroes.juntadeandalucia.es\/ceippicasso\/wp-json\/wp\/v2\/posts\/5940"}],"collection":[{"href":"https:\/\/blogsaverroes.juntadeandalucia.es\/ceippicasso\/wp-json\/wp\/v2\/posts"}],"about":[{"href":"https:\/\/blogsaverroes.juntadeandalucia.es\/ceippicasso\/wp-json\/wp\/v2\/types\/post"}],"author":[{"embeddable":true,"href":"https:\/\/blogsaverroes.juntadeandalucia.es\/ceippicasso\/wp-json\/wp\/v2\/users\/11887"}],"replies":[{"embeddable":true,"href":"https:\/\/blogsaverroes.juntadeandalucia.es\/ceippicasso\/wp-json\/wp\/v2\/comments?post=5940"}],"version-history":[{"count":6,"href":"https:\/\/blogsaverroes.juntadeandalucia.es\/ceippicasso\/wp-json\/wp\/v2\/posts\/5940\/revisions"}],"predecessor-version":[{"id":6098,"href":"https:\/\/blogsaverroes.juntadeandalucia.es\/ceippicasso\/wp-json\/wp\/v2\/posts\/5940\/revisions\/6098"}],"wp:featuredmedia":[{"embeddable":true,"href":"https:\/\/blogsaverroes.juntadeandalucia.es\/ceippicasso\/wp-json\/wp\/v2\/media\/6092"}],"wp:attachment":[{"href":"https:\/\/blogsaverroes.juntadeandalucia.es\/ceippicasso\/wp-json\/wp\/v2\/media?parent=5940"}],"wp:term":[{"taxonomy":"category","embeddable":true,"href":"https:\/\/blogsaverroes.juntadeandalucia.es\/ceippicasso\/wp-json\/wp\/v2\/categories?post=5940"},{"taxonomy":"post_tag","embeddable":true,"href":"https:\/\/blogsaverroes.juntadeandalucia.es\/ceippicasso\/wp-json\/wp\/v2\/tags?post=5940"}],"curies":[{"name":"wp","href":"https:\/\/api.w.org\/{rel}","templated":true}]}}