{"id":6040,"date":"2024-04-22T15:48:22","date_gmt":"2024-04-22T15:48:22","guid":{"rendered":"https:\/\/blogsaverroes.juntadeandalucia.es\/ceippicasso\/?p=6040"},"modified":"2024-06-02T15:51:59","modified_gmt":"2024-06-02T15:51:59","slug":"mercadillo-solidario-2024","status":"publish","type":"post","link":"https:\/\/blogsaverroes.juntadeandalucia.es\/ceippicasso\/mercadillo-solidario-2024\/","title":{"rendered":"Mercadillo Solidario 2024"},"content":{"rendered":"<p><span style=\"font-weight: 400;color: #000000\">Nuestro centro educativo ha participado en la <strong>9.\u00aa edici\u00f3n del Mercadillo Solidario<\/strong> para ayudar a un centro educativo en N\u00edger, que proporciona formaci\u00f3n y posibilidades a una amplia zona de este pa\u00eds, en una zona del mundo en la que los centros educativos son escasos, precarios, muy distantes, sin buenos medios de transporte ni posibilidades econ\u00f3micas.<\/span><\/p>\n<p><span style=\"font-weight: 400;color: #000000\">Aunque en un principio los ni\u00f1os y ni\u00f1as se mostraron algo t\u00edmidos, poco a poco fueron solt\u00e1ndose y adoptando la mejor de las actitudes para animar a la gente a aportar su granito de arena, desarrollando as\u00ed el sentido de iniciativa y esp\u00edritu emprendedor, captando gente de manera educada y trasladando el valor y mensaje de la solidaridad por una bonita e importante causa.<\/span><\/p>\n<p><img loading=\"lazy\" decoding=\"async\" class=\"size-large wp-image-6047 aligncenter\" src=\"https:\/\/blogsaverroes.juntadeandalucia.es\/ceippicasso\/files\/2024\/06\/Foto-first-1024x768.jpg\" alt=\"\" width=\"1024\" height=\"768\" srcset=\"https:\/\/blogsaverroes.juntadeandalucia.es\/ceippicasso\/files\/2024\/06\/Foto-first-1024x768.jpg 1024w, https:\/\/blogsaverroes.juntadeandalucia.es\/ceippicasso\/files\/2024\/06\/Foto-first-300x225.jpg 300w, https:\/\/blogsaverroes.juntadeandalucia.es\/ceippicasso\/files\/2024\/06\/Foto-first-768x576.jpg 768w, https:\/\/blogsaverroes.juntadeandalucia.es\/ceippicasso\/files\/2024\/06\/Foto-first-1536x1152.jpg 1536w, https:\/\/blogsaverroes.juntadeandalucia.es\/ceippicasso\/files\/2024\/06\/Foto-first.jpg 1600w\" sizes=\"(max-width: 1024px) 100vw, 1024px\" \/><\/p>\n<p><span style=\"font-weight: 400;color: #000000\">Entre los diferentes centros educativos participantes se ha recaudado una considerable cantidad de dinero que seguro ser\u00e1 de gran ayuda. Por nuestra parte, hemos conseguido recaudar una cifra r\u00e9cord de nada m\u00e1s y nada menos que\u2026 \u00a1737,89 euros!<\/span><\/p>\n<p><img loading=\"lazy\" decoding=\"async\" class=\" wp-image-6043 aligncenter\" src=\"https:\/\/blogsaverroes.juntadeandalucia.es\/ceippicasso\/files\/2024\/06\/Foto-1-768x1024.jpg\" alt=\"\" width=\"639\" height=\"852\" srcset=\"https:\/\/blogsaverroes.juntadeandalucia.es\/ceippicasso\/files\/2024\/06\/Foto-1-768x1024.jpg 768w, https:\/\/blogsaverroes.juntadeandalucia.es\/ceippicasso\/files\/2024\/06\/Foto-1-225x300.jpg 225w, https:\/\/blogsaverroes.juntadeandalucia.es\/ceippicasso\/files\/2024\/06\/Foto-1-1152x1536.jpg 1152w, https:\/\/blogsaverroes.juntadeandalucia.es\/ceippicasso\/files\/2024\/06\/Foto-1-1536x2048.jpg 1536w, https:\/\/blogsaverroes.juntadeandalucia.es\/ceippicasso\/files\/2024\/06\/Foto-1-scaled.jpg 1920w\" sizes=\"(max-width: 639px) 100vw, 639px\" \/><\/p>\n<p><span style=\"font-weight: 400;color: #000000\">Agradecemos a las diferentes familias y alumnos de sexto curso que han colaborado en la elaboraci\u00f3n de productos artesanales, a las que han venido al centro para ense\u00f1ar a los discentes la producci\u00f3n de manualidades, as\u00ed como a los diferentes organizadores del evento. El trabajo en equipo tiene su recompensa.<\/span><\/p>\n<p><img loading=\"lazy\" decoding=\"async\" class=\"size-large wp-image-6045 aligncenter\" src=\"https:\/\/blogsaverroes.juntadeandalucia.es\/ceippicasso\/files\/2024\/06\/Foto-3-1024x768.jpg\" alt=\"\" width=\"1024\" height=\"768\" srcset=\"https:\/\/blogsaverroes.juntadeandalucia.es\/ceippicasso\/files\/2024\/06\/Foto-3-1024x768.jpg 1024w, https:\/\/blogsaverroes.juntadeandalucia.es\/ceippicasso\/files\/2024\/06\/Foto-3-300x225.jpg 300w, https:\/\/blogsaverroes.juntadeandalucia.es\/ceippicasso\/files\/2024\/06\/Foto-3-768x576.jpg 768w, https:\/\/blogsaverroes.juntadeandalucia.es\/ceippicasso\/files\/2024\/06\/Foto-3-1536x1152.jpg 1536w, https:\/\/blogsaverroes.juntadeandalucia.es\/ceippicasso\/files\/2024\/06\/Foto-3.jpg 1600w\" sizes=\"(max-width: 1024px) 100vw, 1024px\" \/><\/p>\n<p><img loading=\"lazy\" decoding=\"async\" class=\"size-large wp-image-6044 aligncenter\" src=\"https:\/\/blogsaverroes.juntadeandalucia.es\/ceippicasso\/files\/2024\/06\/Foto-2-1024x768.jpg\" alt=\"\" width=\"1024\" height=\"768\" srcset=\"https:\/\/blogsaverroes.juntadeandalucia.es\/ceippicasso\/files\/2024\/06\/Foto-2-1024x768.jpg 1024w, https:\/\/blogsaverroes.juntadeandalucia.es\/ceippicasso\/files\/2024\/06\/Foto-2-300x225.jpg 300w, https:\/\/blogsaverroes.juntadeandalucia.es\/ceippicasso\/files\/2024\/06\/Foto-2-768x576.jpg 768w, https:\/\/blogsaverroes.juntadeandalucia.es\/ceippicasso\/files\/2024\/06\/Foto-2-1536x1152.jpg 1536w, https:\/\/blogsaverroes.juntadeandalucia.es\/ceippicasso\/files\/2024\/06\/Foto-2-2048x1536.jpg 2048w\" sizes=\"(max-width: 1024px) 100vw, 1024px\" \/><\/p>\n<h3>&nbsp;<\/h3>\n<h3 style=\"text-align: center\"><strong><span style=\"color: #000000\">\u00a1Enhorabuena a todos\/as por la magn\u00edfica labor y muchas gracias por vuestra implicaci\u00f3n y dedicaci\u00f3n!<\/span><\/strong><\/h3>\n<p>&nbsp;<\/p>\n<p><img loading=\"lazy\" decoding=\"async\" class=\"size-large wp-image-6046 aligncenter\" src=\"https:\/\/blogsaverroes.juntadeandalucia.es\/ceippicasso\/files\/2024\/06\/Foto-4-1024x768.jpg\" alt=\"\" width=\"1024\" height=\"768\" srcset=\"https:\/\/blogsaverroes.juntadeandalucia.es\/ceippicasso\/files\/2024\/06\/Foto-4-1024x768.jpg 1024w, https:\/\/blogsaverroes.juntadeandalucia.es\/ceippicasso\/files\/2024\/06\/Foto-4-300x225.jpg 300w, https:\/\/blogsaverroes.juntadeandalucia.es\/ceippicasso\/files\/2024\/06\/Foto-4-768x576.jpg 768w, https:\/\/blogsaverroes.juntadeandalucia.es\/ceippicasso\/files\/2024\/06\/Foto-4-1536x1152.jpg 1536w, https:\/\/blogsaverroes.juntadeandalucia.es\/ceippicasso\/files\/2024\/06\/Foto-4.jpg 1600w\" sizes=\"(max-width: 1024px) 100vw, 1024px\" \/><\/p>\n<p>&nbsp;&nbsp;<img loading=\"lazy\" decoding=\"async\" class=\"size-large wp-image-6042 aligncenter\" src=\"https:\/\/blogsaverroes.juntadeandalucia.es\/ceippicasso\/files\/2024\/06\/Foto-5-768x1024.jpg\" alt=\"\" width=\"768\" height=\"1024\" srcset=\"https:\/\/blogsaverroes.juntadeandalucia.es\/ceippicasso\/files\/2024\/06\/Foto-5-768x1024.jpg 768w, https:\/\/blogsaverroes.juntadeandalucia.es\/ceippicasso\/files\/2024\/06\/Foto-5-225x300.jpg 225w, https:\/\/blogsaverroes.juntadeandalucia.es\/ceippicasso\/files\/2024\/06\/Foto-5-1152x1536.jpg 1152w, https:\/\/blogsaverroes.juntadeandalucia.es\/ceippicasso\/files\/2024\/06\/Foto-5-1536x2048.jpg 1536w, https:\/\/blogsaverroes.juntadeandalucia.es\/ceippicasso\/files\/2024\/06\/Foto-5-scaled.jpg 1920w\" sizes=\"(max-width: 768px) 100vw, 768px\" \/><\/p>\n<hr>\n<h2 style=\"text-align: center\">GALER\u00cdA DE IM\u00c1GENES<\/h2>\nngg_shortcode_0_placeholder\n<!--themify_builder_content-->\n<div id=\"themify_builder_content-6040\" data-postid=\"6040\" class=\"themify_builder_content themify_builder_content-6040 themify_builder tf_clear\">\n    <\/div>\n<!--\/themify_builder_content-->\n","protected":false},"excerpt":{"rendered":"<p>Nuestro centro educativo ha participado en la 9.\u00aa edici\u00f3n del Mercadillo Solidario para ayudar a un centro educativo en N\u00edger, que proporciona formaci\u00f3n y posibilidades a una amplia zona de este pa\u00eds, en una zona del mundo en la que los centros educativos son escasos, precarios, muy distantes, sin buenos medios de transporte ni posibilidades [&hellip;]<\/p>\n","protected":false},"author":11887,"featured_media":6041,"comment_status":"open","ping_status":"open","sticky":false,"template":"","format":"standard","meta":{"ngg_post_thumbnail":0,"footnotes":""},"categories":[2351769,2351714],"tags":[2351757],"aioseo_notices":[],"post_mailing_queue_ids":[],"_links":{"self":[{"href":"https:\/\/blogsaverroes.juntadeandalucia.es\/ceippicasso\/wp-json\/wp\/v2\/posts\/6040"}],"collection":[{"href":"https:\/\/blogsaverroes.juntadeandalucia.es\/ceippicasso\/wp-json\/wp\/v2\/posts"}],"about":[{"href":"https:\/\/blogsaverroes.juntadeandalucia.es\/ceippicasso\/wp-json\/wp\/v2\/types\/post"}],"author":[{"embeddable":true,"href":"https:\/\/blogsaverroes.juntadeandalucia.es\/ceippicasso\/wp-json\/wp\/v2\/users\/11887"}],"replies":[{"embeddable":true,"href":"https:\/\/blogsaverroes.juntadeandalucia.es\/ceippicasso\/wp-json\/wp\/v2\/comments?post=6040"}],"version-history":[{"count":3,"href":"https:\/\/blogsaverroes.juntadeandalucia.es\/ceippicasso\/wp-json\/wp\/v2\/posts\/6040\/revisions"}],"predecessor-version":[{"id":6073,"href":"https:\/\/blogsaverroes.juntadeandalucia.es\/ceippicasso\/wp-json\/wp\/v2\/posts\/6040\/revisions\/6073"}],"wp:featuredmedia":[{"embeddable":true,"href":"https:\/\/blogsaverroes.juntadeandalucia.es\/ceippicasso\/wp-json\/wp\/v2\/media\/6041"}],"wp:attachment":[{"href":"https:\/\/blogsaverroes.juntadeandalucia.es\/ceippicasso\/wp-json\/wp\/v2\/media?parent=6040"}],"wp:term":[{"taxonomy":"category","embeddable":true,"href":"https:\/\/blogsaverroes.juntadeandalucia.es\/ceippicasso\/wp-json\/wp\/v2\/categories?post=6040"},{"taxonomy":"post_tag","embeddable":true,"href":"https:\/\/blogsaverroes.juntadeandalucia.es\/ceippicasso\/wp-json\/wp\/v2\/tags?post=6040"}],"curies":[{"name":"wp","href":"https:\/\/api.w.org\/{rel}","templated":true}]}}