{"id":1140,"date":"2022-05-10T20:39:57","date_gmt":"2022-05-10T19:39:57","guid":{"rendered":"https:\/\/blogsaverroes.juntadeandalucia.es\/ceippoetamolleja\/?p=1140"},"modified":"2022-05-10T20:39:57","modified_gmt":"2022-05-10T19:39:57","slug":"dia-del-libro","status":"publish","type":"post","link":"https:\/\/blogsaverroes.juntadeandalucia.es\/ceippoetamolleja\/dia-del-libro\/","title":{"rendered":"D\u00eda del Libro"},"content":{"rendered":"<p style=\"text-align: center\"><span style=\"color: #993300;font-size: 14pt\">Durante la \u00faltima semana de abril hemos celebrado con gran cantidad de actividades el D\u00eda del Libro en conmoraci\u00f3n del d\u00eda 23 de abril que fue el d\u00eda en el que fallecieron dos de los m\u00e1s ilustres escritores internacionales como Miguel de Cervantes y William Shakespeare.<\/span><\/p>\n<p style=\"text-align: center\"><a href=\"https:\/\/drive.google.com\/file\/d\/1Ckkue4NFNTqKs6ZaQoxAAZ755dH_dheu\/view?usp=sharing\"><strong><span style=\"color: #0000ff\">Haz clic aqu\u00ed para ver algunas de nuestras actividades.<\/span><\/strong><\/a><\/p>\n<p><a href=\"https:\/\/drive.google.com\/file\/d\/1Ckkue4NFNTqKs6ZaQoxAAZ755dH_dheu\/view?usp=sharing\"><img loading=\"lazy\" decoding=\"async\" class=\"aligncenter size-full wp-image-1141\" src=\"https:\/\/blogsaverroes.juntadeandalucia.es\/ceippoetamolleja\/files\/2022\/05\/1.jpg\" alt=\"\" width=\"242\" height=\"90\"><\/a><\/p>\n<p>&nbsp;<\/p>\n","protected":false},"excerpt":{"rendered":"<p>Durante la \u00faltima semana de abril hemos celebrado con gran cantidad de actividades el D\u00eda del Libro en conmoraci\u00f3n del d\u00eda 23 de abril que fue el d\u00eda en el que fallecieron dos de&#46;&#46;&#46;<\/p>\n","protected":false},"author":13272,"featured_media":0,"comment_status":"closed","ping_status":"open","sticky":false,"template":"","format":"standard","meta":{"ngg_post_thumbnail":0,"footnotes":""},"categories":[1],"tags":[],"aioseo_notices":[],"_links":{"self":[{"href":"https:\/\/blogsaverroes.juntadeandalucia.es\/ceippoetamolleja\/wp-json\/wp\/v2\/posts\/1140"}],"collection":[{"href":"https:\/\/blogsaverroes.juntadeandalucia.es\/ceippoetamolleja\/wp-json\/wp\/v2\/posts"}],"about":[{"href":"https:\/\/blogsaverroes.juntadeandalucia.es\/ceippoetamolleja\/wp-json\/wp\/v2\/types\/post"}],"author":[{"embeddable":true,"href":"https:\/\/blogsaverroes.juntadeandalucia.es\/ceippoetamolleja\/wp-json\/wp\/v2\/users\/13272"}],"replies":[{"embeddable":true,"href":"https:\/\/blogsaverroes.juntadeandalucia.es\/ceippoetamolleja\/wp-json\/wp\/v2\/comments?post=1140"}],"version-history":[{"count":1,"href":"https:\/\/blogsaverroes.juntadeandalucia.es\/ceippoetamolleja\/wp-json\/wp\/v2\/posts\/1140\/revisions"}],"predecessor-version":[{"id":1142,"href":"https:\/\/blogsaverroes.juntadeandalucia.es\/ceippoetamolleja\/wp-json\/wp\/v2\/posts\/1140\/revisions\/1142"}],"wp:attachment":[{"href":"https:\/\/blogsaverroes.juntadeandalucia.es\/ceippoetamolleja\/wp-json\/wp\/v2\/media?parent=1140"}],"wp:term":[{"taxonomy":"category","embeddable":true,"href":"https:\/\/blogsaverroes.juntadeandalucia.es\/ceippoetamolleja\/wp-json\/wp\/v2\/categories?post=1140"},{"taxonomy":"post_tag","embeddable":true,"href":"https:\/\/blogsaverroes.juntadeandalucia.es\/ceippoetamolleja\/wp-json\/wp\/v2\/tags?post=1140"}],"curies":[{"name":"wp","href":"https:\/\/api.w.org\/{rel}","templated":true}]}}