{"id":1160,"date":"2022-06-15T15:56:28","date_gmt":"2022-06-15T14:56:28","guid":{"rendered":"https:\/\/blogsaverroes.juntadeandalucia.es\/ceippoetamolleja\/?p=1160"},"modified":"2022-06-15T15:58:33","modified_gmt":"2022-06-15T14:58:33","slug":"taller-sensorial","status":"publish","type":"post","link":"https:\/\/blogsaverroes.juntadeandalucia.es\/ceippoetamolleja\/taller-sensorial\/","title":{"rendered":"Taller Sensorial"},"content":{"rendered":"<p style=\"text-align: center\">Durante los d\u00edas 22 y 34 de mayo del 2022 hemos realizado un TALLER SENSORIAL con el alumnado de Educaci\u00f3n Infantil y Educaci\u00f3n Especial.<\/p>\n<p style=\"text-align: center\">Hemos tenido la suerte de contar con muchas personas en el desarrollo de este taller como maestras del colegio,&nbsp; mam\u00e1s&nbsp; y monitoras.<\/p>\n<p style=\"text-align: center\"><a href=\"https:\/\/youtu.be\/eTgSLrEMVgA\"><span style=\"color: #0000ff\">Haz clic aqu\u00ed para poder ver el v\u00eddeo que recoge una experiencia muy especial.<\/span><\/a><\/p>\n<p><a href=\"https:\/\/youtu.be\/eTgSLrEMVgA\"><img loading=\"lazy\" decoding=\"async\" class=\"aligncenter size-medium wp-image-1161\" src=\"https:\/\/blogsaverroes.juntadeandalucia.es\/ceippoetamolleja\/files\/2022\/06\/taller-sensorial-300x152.jpg\" alt=\"\" width=\"300\" height=\"152\" srcset=\"https:\/\/blogsaverroes.juntadeandalucia.es\/ceippoetamolleja\/files\/2022\/06\/taller-sensorial-300x152.jpg 300w, https:\/\/blogsaverroes.juntadeandalucia.es\/ceippoetamolleja\/files\/2022\/06\/taller-sensorial.jpg 709w\" sizes=\"(max-width: 300px) 100vw, 300px\" \/><\/a><\/p>\n","protected":false},"excerpt":{"rendered":"<p>Durante los d\u00edas 22 y 34 de mayo del 2022 hemos realizado un TALLER SENSORIAL con el alumnado de Educaci\u00f3n Infantil y Educaci\u00f3n Especial. Hemos tenido la suerte de contar con muchas personas en&#46;&#46;&#46;<\/p>\n","protected":false},"author":13272,"featured_media":0,"comment_status":"closed","ping_status":"open","sticky":false,"template":"","format":"standard","meta":{"ngg_post_thumbnail":0,"footnotes":""},"categories":[1],"tags":[],"aioseo_notices":[],"_links":{"self":[{"href":"https:\/\/blogsaverroes.juntadeandalucia.es\/ceippoetamolleja\/wp-json\/wp\/v2\/posts\/1160"}],"collection":[{"href":"https:\/\/blogsaverroes.juntadeandalucia.es\/ceippoetamolleja\/wp-json\/wp\/v2\/posts"}],"about":[{"href":"https:\/\/blogsaverroes.juntadeandalucia.es\/ceippoetamolleja\/wp-json\/wp\/v2\/types\/post"}],"author":[{"embeddable":true,"href":"https:\/\/blogsaverroes.juntadeandalucia.es\/ceippoetamolleja\/wp-json\/wp\/v2\/users\/13272"}],"replies":[{"embeddable":true,"href":"https:\/\/blogsaverroes.juntadeandalucia.es\/ceippoetamolleja\/wp-json\/wp\/v2\/comments?post=1160"}],"version-history":[{"count":2,"href":"https:\/\/blogsaverroes.juntadeandalucia.es\/ceippoetamolleja\/wp-json\/wp\/v2\/posts\/1160\/revisions"}],"predecessor-version":[{"id":1164,"href":"https:\/\/blogsaverroes.juntadeandalucia.es\/ceippoetamolleja\/wp-json\/wp\/v2\/posts\/1160\/revisions\/1164"}],"wp:attachment":[{"href":"https:\/\/blogsaverroes.juntadeandalucia.es\/ceippoetamolleja\/wp-json\/wp\/v2\/media?parent=1160"}],"wp:term":[{"taxonomy":"category","embeddable":true,"href":"https:\/\/blogsaverroes.juntadeandalucia.es\/ceippoetamolleja\/wp-json\/wp\/v2\/categories?post=1160"},{"taxonomy":"post_tag","embeddable":true,"href":"https:\/\/blogsaverroes.juntadeandalucia.es\/ceippoetamolleja\/wp-json\/wp\/v2\/tags?post=1160"}],"curies":[{"name":"wp","href":"https:\/\/api.w.org\/{rel}","templated":true}]}}