{"id":1271,"date":"2023-02-07T00:16:26","date_gmt":"2023-02-06T23:16:26","guid":{"rendered":"https:\/\/blogsaverroes.juntadeandalucia.es\/ceippoetamolleja\/?p=1271"},"modified":"2023-03-27T12:35:48","modified_gmt":"2023-03-27T11:35:48","slug":"dia-de-la-paz","status":"publish","type":"post","link":"https:\/\/blogsaverroes.juntadeandalucia.es\/ceippoetamolleja\/dia-de-la-paz\/","title":{"rendered":"D\u00eda de la Paz"},"content":{"rendered":"<p style=\"text-align: center\"><span style=\"font-size: 14pt;color: #0000ff\">El pasado 30 de Enero hemos conmemorado el &#8220;D\u00eda de la Paz&#8221; en el colegio. Para ello llevamos a cabo varias actividades.<\/span><\/p>\n<p style=\"text-align: center\"><span style=\"font-size: 14pt;color: #0000ff\"> Comenzamos cantando la canci\u00f3n preparada para este d\u00eda: Scorpions &#8220;Vientos de cambio \/ wind of change&#8221;. <\/span><\/p>\n<p style=\"text-align: center\"><span style=\"font-size: 14pt;color: #0000ff\">Despu\u00e9s, celebramos la carrera solidaria para ayudar a las familias desplazadas por las guerras. Fue una carrera simb\u00f3lica y reivindicativa en la que corrimos con compa\u00f1eros y un globo blanco; s\u00edmbolo de la paz. <\/span><\/p>\n<p style=\"text-align: center\"><span style=\"font-size: 14pt;color: #0000ff\">Para finalizar, despu\u00e9s del recreo, tuvimos la gymkana de juegos cooperativos en la disfrutamos muchos alumnos y maestros.<\/span><\/p>\n<p style=\"text-align: center\"><span style=\"color: #003366\">Os dejamos en los siguientes enlaces algunos de los instantes de dicha conmemoraci\u00f3n. (Haz clic en las im\u00e1genes).<\/span><\/p>\n<p><a href=\"https:\/\/drive.google.com\/file\/d\/1vhRVq0_kJwrBRFGbOotEGzGcJAoWib8f\/view?usp=sharing\"><img loading=\"lazy\" decoding=\"async\" class=\"aligncenter size-medium wp-image-1273\" src=\"https:\/\/blogsaverroes.juntadeandalucia.es\/ceippoetamolleja\/files\/2023\/02\/Globos-300x162.jpg\" alt=\"\" width=\"300\" height=\"162\" srcset=\"https:\/\/blogsaverroes.juntadeandalucia.es\/ceippoetamolleja\/files\/2023\/02\/Globos-300x162.jpg 300w, https:\/\/blogsaverroes.juntadeandalucia.es\/ceippoetamolleja\/files\/2023\/02\/Globos.jpg 744w\" sizes=\"(max-width: 300px) 100vw, 300px\" \/><\/a><\/p>\n<p><a href=\"https:\/\/drive.google.com\/file\/d\/1m_nEe8eOHGBC0_Plv4tveSNkzd8MN2z5\/view?usp=sharing\"><img loading=\"lazy\" decoding=\"async\" class=\"aligncenter size-medium wp-image-1272\" src=\"https:\/\/blogsaverroes.juntadeandalucia.es\/ceippoetamolleja\/files\/2023\/02\/D\u00eda-300x95.jpg\" alt=\"\" width=\"300\" height=\"95\" srcset=\"https:\/\/blogsaverroes.juntadeandalucia.es\/ceippoetamolleja\/files\/2023\/02\/D\u00eda-300x95.jpg 300w, https:\/\/blogsaverroes.juntadeandalucia.es\/ceippoetamolleja\/files\/2023\/02\/D\u00eda.jpg 700w\" sizes=\"(max-width: 300px) 100vw, 300px\" \/><\/a><a href=\"https:\/\/drive.google.com\/file\/d\/141DU8vRzkspnoBfaELe551gVqVhN1gYV\/view?usp=sharing\"><img loading=\"lazy\" decoding=\"async\" class=\"aligncenter size-medium wp-image-1274\" src=\"https:\/\/blogsaverroes.juntadeandalucia.es\/ceippoetamolleja\/files\/2023\/02\/Lema-300x194.jpg\" alt=\"\" width=\"300\" height=\"194\" srcset=\"https:\/\/blogsaverroes.juntadeandalucia.es\/ceippoetamolleja\/files\/2023\/02\/Lema-300x194.jpg 300w, https:\/\/blogsaverroes.juntadeandalucia.es\/ceippoetamolleja\/files\/2023\/02\/Lema.jpg 335w\" sizes=\"(max-width: 300px) 100vw, 300px\" \/><\/a><\/p>\n","protected":false},"excerpt":{"rendered":"<p>El pasado 30 de Enero hemos conmemorado el &#8220;D\u00eda de la Paz&#8221; en el colegio. Para ello llevamos a cabo varias actividades. Comenzamos cantando la canci\u00f3n preparada para este d\u00eda: Scorpions &#8220;Vientos de cambio&#46;&#46;&#46;<\/p>\n","protected":false},"author":13272,"featured_media":1274,"comment_status":"closed","ping_status":"open","sticky":false,"template":"","format":"standard","meta":{"ngg_post_thumbnail":0,"footnotes":""},"categories":[10],"tags":[],"aioseo_notices":[],"_links":{"self":[{"href":"https:\/\/blogsaverroes.juntadeandalucia.es\/ceippoetamolleja\/wp-json\/wp\/v2\/posts\/1271"}],"collection":[{"href":"https:\/\/blogsaverroes.juntadeandalucia.es\/ceippoetamolleja\/wp-json\/wp\/v2\/posts"}],"about":[{"href":"https:\/\/blogsaverroes.juntadeandalucia.es\/ceippoetamolleja\/wp-json\/wp\/v2\/types\/post"}],"author":[{"embeddable":true,"href":"https:\/\/blogsaverroes.juntadeandalucia.es\/ceippoetamolleja\/wp-json\/wp\/v2\/users\/13272"}],"replies":[{"embeddable":true,"href":"https:\/\/blogsaverroes.juntadeandalucia.es\/ceippoetamolleja\/wp-json\/wp\/v2\/comments?post=1271"}],"version-history":[{"count":6,"href":"https:\/\/blogsaverroes.juntadeandalucia.es\/ceippoetamolleja\/wp-json\/wp\/v2\/posts\/1271\/revisions"}],"predecessor-version":[{"id":1280,"href":"https:\/\/blogsaverroes.juntadeandalucia.es\/ceippoetamolleja\/wp-json\/wp\/v2\/posts\/1271\/revisions\/1280"}],"wp:featuredmedia":[{"embeddable":true,"href":"https:\/\/blogsaverroes.juntadeandalucia.es\/ceippoetamolleja\/wp-json\/wp\/v2\/media\/1274"}],"wp:attachment":[{"href":"https:\/\/blogsaverroes.juntadeandalucia.es\/ceippoetamolleja\/wp-json\/wp\/v2\/media?parent=1271"}],"wp:term":[{"taxonomy":"category","embeddable":true,"href":"https:\/\/blogsaverroes.juntadeandalucia.es\/ceippoetamolleja\/wp-json\/wp\/v2\/categories?post=1271"},{"taxonomy":"post_tag","embeddable":true,"href":"https:\/\/blogsaverroes.juntadeandalucia.es\/ceippoetamolleja\/wp-json\/wp\/v2\/tags?post=1271"}],"curies":[{"name":"wp","href":"https:\/\/api.w.org\/{rel}","templated":true}]}}