{"id":4667,"date":"2022-03-31T09:55:43","date_gmt":"2022-03-31T07:55:43","guid":{"rendered":"https:\/\/blogsaverroes.juntadeandalucia.es\/ceipposidonia\/?p=4667"},"modified":"2022-03-31T09:55:43","modified_gmt":"2022-03-31T07:55:43","slug":"marcha-dia-autismo","status":"publish","type":"post","link":"https:\/\/blogsaverroes.juntadeandalucia.es\/ceipposidonia\/marcha-dia-autismo\/","title":{"rendered":"MARCHA D\u00cdA AUTISMO"},"content":{"rendered":"<h2 style=\"text-align: center\"><span style=\"font-family: arial, helvetica, sans-serif;color: #0000ff;background-color: #deecfa\">MARCHA SOLIDARIA POR EL D\u00cdA MUNDIAL DEL AUTISMO<\/span><\/h2>\n<p>Las dos aulas TEA del centro acuden a la V Marcha Solidaria con motivo del D\u00eda Mundial del Autismo. El mi\u00e9rcoles 30 de marzo, las aulas TEA del centro junto a alumnado de segundo y quinto de primaria acudieron al acto de concienciaci\u00f3n por el autismo celebrado en el Castillo de Santa Ana. En esta actividad han participado diez centros educativos del t\u00e9rmino municipal que cuentan con un total 13 aulas TEA. En concreto, se trata del alumnado procedente del CEIP Virgilio Valdivia, IES Mar Mediterr\u00e1neo, CEIP Posidonia, CEIP Las Marinas, CEIP Trinidad Mart\u00ednez, CEIP Las Salinas, IES Turaniana, CEIP Blas Infante, CEIP La Molina y CEIP Llanos de Mar\u00edn.<\/p>\n<p>M\u00e1s info y fotos en el siguiente enlace: <a href=\"https:\/\/blogsaverroes.juntadeandalucia.es\/posidoniatea\/2022\/03\/30\/las-aulas-tea-del-centro-acuden-a-la-v-marcha-solidaria-con-motivo-del-dia-mundial-del-autismo\">https:\/\/blogsaverroes.juntadeandalucia.es\/posidoniatea\/2022\/03\/30\/las-aulas-tea-del-centro-acuden-a-la-v-marcha-solidaria-con-motivo-del-dia-mundial-del-autismo<\/a><\/p>\n<p><img decoding=\"async\" class=\"size-full wp-image-2272 aligncenter\" src=\"https:\/\/blogsaverroes.juntadeandalucia.es\/ceipposidonia\/files\/2020\/06\/logo-cole-sin-fondo-e1592417035740.png\" alt=\"logocole\" width=\"150\" height=\"66\" srcset=\"https:\/\/blogsaverroes.juntadeandalucia.es\/ceipposidonia\/files\/2020\/06\/logo-cole-sin-fondo-e1592417035740.png 150w, https:\/\/blogsaverroes.juntadeandalucia.es\/ceipposidonia\/files\/2020\/06\/logo-cole-sin-fondo-e1592417035740-24x11.png 24w, https:\/\/blogsaverroes.juntadeandalucia.es\/ceipposidonia\/files\/2020\/06\/logo-cole-sin-fondo-e1592417035740-36x16.png 36w, https:\/\/blogsaverroes.juntadeandalucia.es\/ceipposidonia\/files\/2020\/06\/logo-cole-sin-fondo-e1592417035740-48x21.png 48w\" sizes=\"(max-width: 150px) 100vw, 150px\" \/><\/p>\n<hr>\n","protected":false},"excerpt":{"rendered":"<p>MARCHA SOLIDARIA POR EL D\u00cdA MUNDIAL DEL AUTISMO Las dos aulas TEA del centro acuden a la V Marcha Solidaria con motivo del D\u00eda Mundial del Autismo. El mi\u00e9rcoles 30 de marzo, las aulas TEA del centro junto a alumnado de segundo y quinto de primaria acudieron al acto de concienciaci\u00f3n por el autismo celebrado en el Castillo de Santa Ana. En esta actividad han participado diez centros educativos del t\u00e9rmino municipal que cuentan con un total 13 aulas TEA. En concreto, se trata del alumnado procedente del CEIP Virgilio Valdivia, IES Mar Mediterr\u00e1neo, CEIP Posidonia, CEIP Las Marinas, CEIP Trinidad Mart\u00ednez, CEIP Las Salinas, IES Turaniana, CEIP Blas Infante, CEIP La Molina y CEIP Llanos de Mar\u00edn. M\u00e1s info y fotos en el siguiente enlace: https:\/\/blogsaverroes.juntadeandalucia.es\/posidoniatea\/2022\/03\/30\/las-aulas-tea-del-centro-acuden-a-la-v-marcha-solidaria-con-motivo-del-dia-mundial-del-autismo<\/p>\n","protected":false},"author":10296,"featured_media":0,"comment_status":"closed","ping_status":"open","sticky":false,"template":"","format":"standard","meta":{"ngg_post_thumbnail":0,"footnotes":""},"categories":[2351653],"tags":[],"aioseo_notices":[],"_links":{"self":[{"href":"https:\/\/blogsaverroes.juntadeandalucia.es\/ceipposidonia\/wp-json\/wp\/v2\/posts\/4667"}],"collection":[{"href":"https:\/\/blogsaverroes.juntadeandalucia.es\/ceipposidonia\/wp-json\/wp\/v2\/posts"}],"about":[{"href":"https:\/\/blogsaverroes.juntadeandalucia.es\/ceipposidonia\/wp-json\/wp\/v2\/types\/post"}],"author":[{"embeddable":true,"href":"https:\/\/blogsaverroes.juntadeandalucia.es\/ceipposidonia\/wp-json\/wp\/v2\/users\/10296"}],"replies":[{"embeddable":true,"href":"https:\/\/blogsaverroes.juntadeandalucia.es\/ceipposidonia\/wp-json\/wp\/v2\/comments?post=4667"}],"version-history":[{"count":1,"href":"https:\/\/blogsaverroes.juntadeandalucia.es\/ceipposidonia\/wp-json\/wp\/v2\/posts\/4667\/revisions"}],"predecessor-version":[{"id":4668,"href":"https:\/\/blogsaverroes.juntadeandalucia.es\/ceipposidonia\/wp-json\/wp\/v2\/posts\/4667\/revisions\/4668"}],"wp:attachment":[{"href":"https:\/\/blogsaverroes.juntadeandalucia.es\/ceipposidonia\/wp-json\/wp\/v2\/media?parent=4667"}],"wp:term":[{"taxonomy":"category","embeddable":true,"href":"https:\/\/blogsaverroes.juntadeandalucia.es\/ceipposidonia\/wp-json\/wp\/v2\/categories?post=4667"},{"taxonomy":"post_tag","embeddable":true,"href":"https:\/\/blogsaverroes.juntadeandalucia.es\/ceipposidonia\/wp-json\/wp\/v2\/tags?post=4667"}],"curies":[{"name":"wp","href":"https:\/\/api.w.org\/{rel}","templated":true}]}}