{"id":4799,"date":"2022-05-20T09:26:43","date_gmt":"2022-05-20T07:26:43","guid":{"rendered":"https:\/\/blogsaverroes.juntadeandalucia.es\/ceipposidonia\/?p=4799"},"modified":"2022-05-20T09:26:43","modified_gmt":"2022-05-20T07:26:43","slug":"becas-neae","status":"publish","type":"post","link":"https:\/\/blogsaverroes.juntadeandalucia.es\/ceipposidonia\/becas-neae\/","title":{"rendered":"BECAS NEAE"},"content":{"rendered":"<h1 style=\"text-align: center\"><span style=\"font-family: arial, helvetica, sans-serif;background-color: #deeeff;color: #0000ff\">ABIERTO EL PLAZO PARA SOLICITAR LAS BECAS PARA ALUMNADO DE NECESIDAD ESPEC\u00cdFICA DE APOYO EDUCATIVO<\/span><\/h1>\n<div class=\"cte\">\n<p class=\"ta-center\">Se ha abierto el plazo para solicitar la ayuda al alumnado NEAE (Necesidad Espec\u00edfica de Apoyo Educativo). Podr\u00e1 pedirse desde el 19 de mayo hasta el 30 de septiembre de 2022, pero no lo dejes para el \u00faltimo d\u00eda, porque tienes que imprimir el PDF y presentarlo en el colegio antes de esa fecha.&nbsp;<\/p>\n<p class=\"ta-center\"><strong>\u00bfQu\u00e9 personas pueden solicitar esta ayuda?<\/strong> Las ayudas para el curso 2022-2023 est\u00e1n dirigidas a personas que presentan una necesidad espec\u00edfica de recibir apoyo educativo derivado de alguna de las siguientes situaciones:<\/p>\n<ul>\n<li class=\"ta-center\">Discapacidad<\/li>\n<li class=\"ta-center\">Trastorno grave de la conducta o de la comunicaci\u00f3n y del lenguaje<\/li>\n<li class=\"ta-center\">Trastorno del espectro autista<\/li>\n<li class=\"ta-center\">Altas capacidades<\/li>\n<\/ul>\n<p>Toda la informaci\u00f3n sobre esta convocatoria podr\u00e1s encontrarla en el <a href=\"https:\/\/www.becaseducacion.gob.es\/becas-y-ayudas\/ayudas-apoyo-educativo\/tipos-de-becas.html\" target=\"_blank\" rel=\"noopener noreferrer\">Portal de BECAS del Ministerio de Educaci\u00f3n y Formaci\u00f3n Profesional (pinchando aqu\u00ed)<\/a><\/p>\n<\/div>\n<p>En el siguiente <a href=\"https:\/\/www.educacionyfp.gob.es\/servicios-al-ciudadano\/catalogo\/estudiantes\/becas-ayudas\/para-estudiar\/deportivas\/necesidad-especifica-apoyo-educativo.html\" target=\"_blank\" rel=\"noopener noreferrer\">enlace se puede acceder a la tramitaci\u00f3n online:<\/a><\/p>\n<p><a href=\"https:\/\/www.educacionyfp.gob.es\/servicios-al-ciudadano\/catalogo\/estudiantes\/becas-ayudas\/para-estudiar\/deportivas\/necesidad-especifica-apoyo-educativo.html\">https:\/\/www.educacionyfp.gob.es\/servicios-al-ciudadano\/catalogo\/estudiantes\/becas-ayudas\/para-estudiar\/deportivas\/necesidad-especifica-apoyo-educativo.html<\/a><\/p>\n<p><img decoding=\"async\" class=\"size-full wp-image-2272 aligncenter\" src=\"https:\/\/blogsaverroes.juntadeandalucia.es\/ceipposidonia\/files\/2020\/06\/logo-cole-sin-fondo-e1592417035740.png\" alt=\"logocole\" width=\"150\" height=\"66\" srcset=\"https:\/\/blogsaverroes.juntadeandalucia.es\/ceipposidonia\/files\/2020\/06\/logo-cole-sin-fondo-e1592417035740.png 150w, https:\/\/blogsaverroes.juntadeandalucia.es\/ceipposidonia\/files\/2020\/06\/logo-cole-sin-fondo-e1592417035740-24x11.png 24w, https:\/\/blogsaverroes.juntadeandalucia.es\/ceipposidonia\/files\/2020\/06\/logo-cole-sin-fondo-e1592417035740-36x16.png 36w, https:\/\/blogsaverroes.juntadeandalucia.es\/ceipposidonia\/files\/2020\/06\/logo-cole-sin-fondo-e1592417035740-48x21.png 48w\" sizes=\"(max-width: 150px) 100vw, 150px\" \/><\/p>\n<hr>\n<p>&nbsp;<\/p>\n","protected":false},"excerpt":{"rendered":"<p>ABIERTO EL PLAZO PARA SOLICITAR LAS BECAS PARA ALUMNADO DE NECESIDAD ESPEC\u00cdFICA DE APOYO EDUCATIVO Se ha abierto el plazo para solicitar la ayuda al alumnado NEAE (Necesidad Espec\u00edfica de Apoyo Educativo). Podr\u00e1 pedirse desde el 19 de mayo hasta el 30 de septiembre de 2022, pero no lo dejes para el \u00faltimo d\u00eda, porque tienes que imprimir el PDF y presentarlo en el colegio antes de esa fecha.&nbsp; \u00bfQu\u00e9 personas pueden solicitar esta ayuda? Las ayudas para el curso 2022-2023 est\u00e1n dirigidas a personas que presentan una necesidad espec\u00edfica de recibir apoyo educativo derivado de alguna de las siguientes situaciones: Discapacidad Trastorno grave de la conducta o de la comunicaci\u00f3n y del lenguaje Trastorno del espectro autista Altas capacidades Toda la informaci\u00f3n sobre esta convocatoria podr\u00e1s encontrarla en el Portal de BECAS del Ministerio de Educaci\u00f3n y Formaci\u00f3n Profesional (pinchando aqu\u00ed) En el siguiente enlace se puede acceder a la tramitaci\u00f3n online: https:\/\/www.educacionyfp.gob.es\/servicios-al-ciudadano\/catalogo\/estudiantes\/becas-ayudas\/para-estudiar\/deportivas\/necesidad-especifica-apoyo-educativo.html &nbsp;<\/p>\n","protected":false},"author":10296,"featured_media":0,"comment_status":"closed","ping_status":"open","sticky":false,"template":"","format":"standard","meta":{"ngg_post_thumbnail":0,"footnotes":""},"categories":[2351653],"tags":[],"aioseo_notices":[],"_links":{"self":[{"href":"https:\/\/blogsaverroes.juntadeandalucia.es\/ceipposidonia\/wp-json\/wp\/v2\/posts\/4799"}],"collection":[{"href":"https:\/\/blogsaverroes.juntadeandalucia.es\/ceipposidonia\/wp-json\/wp\/v2\/posts"}],"about":[{"href":"https:\/\/blogsaverroes.juntadeandalucia.es\/ceipposidonia\/wp-json\/wp\/v2\/types\/post"}],"author":[{"embeddable":true,"href":"https:\/\/blogsaverroes.juntadeandalucia.es\/ceipposidonia\/wp-json\/wp\/v2\/users\/10296"}],"replies":[{"embeddable":true,"href":"https:\/\/blogsaverroes.juntadeandalucia.es\/ceipposidonia\/wp-json\/wp\/v2\/comments?post=4799"}],"version-history":[{"count":1,"href":"https:\/\/blogsaverroes.juntadeandalucia.es\/ceipposidonia\/wp-json\/wp\/v2\/posts\/4799\/revisions"}],"predecessor-version":[{"id":4800,"href":"https:\/\/blogsaverroes.juntadeandalucia.es\/ceipposidonia\/wp-json\/wp\/v2\/posts\/4799\/revisions\/4800"}],"wp:attachment":[{"href":"https:\/\/blogsaverroes.juntadeandalucia.es\/ceipposidonia\/wp-json\/wp\/v2\/media?parent=4799"}],"wp:term":[{"taxonomy":"category","embeddable":true,"href":"https:\/\/blogsaverroes.juntadeandalucia.es\/ceipposidonia\/wp-json\/wp\/v2\/categories?post=4799"},{"taxonomy":"post_tag","embeddable":true,"href":"https:\/\/blogsaverroes.juntadeandalucia.es\/ceipposidonia\/wp-json\/wp\/v2\/tags?post=4799"}],"curies":[{"name":"wp","href":"https:\/\/api.w.org\/{rel}","templated":true}]}}