{"id":6147,"date":"2023-04-25T11:21:34","date_gmt":"2023-04-25T09:21:34","guid":{"rendered":"https:\/\/blogsaverroes.juntadeandalucia.es\/ceipposidonia\/?p=6147"},"modified":"2023-04-25T11:25:43","modified_gmt":"2023-04-25T09:25:43","slug":"aclaraciones-servicio-comedor","status":"publish","type":"post","link":"https:\/\/blogsaverroes.juntadeandalucia.es\/ceipposidonia\/aclaraciones-servicio-comedor\/","title":{"rendered":"Aclaraciones servicio comedor"},"content":{"rendered":"\t\t<div data-elementor-type=\"wp-post\" data-elementor-id=\"6147\" class=\"elementor elementor-6147\">\n\t\t\t\t\t\t<section class=\"elementor-section elementor-top-section elementor-element elementor-element-7a641df0 elementor-section-boxed elementor-section-height-default elementor-section-height-default\" data-id=\"7a641df0\" data-element_type=\"section\">\n\t\t\t\t\t\t<div class=\"elementor-container elementor-column-gap-default\">\n\t\t\t\t\t<div class=\"elementor-column elementor-col-100 elementor-top-column elementor-element elementor-element-6457e56e\" data-id=\"6457e56e\" data-element_type=\"column\" data-settings=\"{&quot;background_background&quot;:&quot;gradient&quot;}\">\n\t\t\t<div class=\"elementor-widget-wrap elementor-element-populated\">\n\t\t\t\t\t\t<div class=\"elementor-element elementor-element-156e92de elementor-widget elementor-widget-heading\" data-id=\"156e92de\" data-element_type=\"widget\" data-widget_type=\"heading.default\">\n\t\t\t\t<div class=\"elementor-widget-container\">\n\t\t\t\t\t<h2 class=\"elementor-heading-title elementor-size-default\">ACLARACIONES DE LA GESTI\u00d3N DEL SERVICIO DE COMEDOR<\/h2>\t\t\t\t<\/div>\n\t\t\t\t<\/div>\n\t\t\t\t<div class=\"elementor-element elementor-element-3dd04176 elementor-widget elementor-widget-text-editor\" data-id=\"3dd04176\" data-element_type=\"widget\" data-widget_type=\"text-editor.default\">\n\t\t\t\t<div class=\"elementor-widget-container\">\n\t\t\t\t\t\t\t\t\t<p class=\"yiv8090184238MsoNormal\">Debido a la gran cantidad de bajas que se ocasionan en el servicio del comedor recordamos que: En base a los pliegos de prescripciones t\u00e9cnicas, <b>\u2018<\/b><b><em>La solicitud de baja en el servicio se comunicar\u00e1 con una antelaci\u00f3n de al menos una semana del inicio del mes en que se pretenda hacer efectiva la baja<\/em>\u2019<\/b>. As\u00ed se inform\u00f3 en la carta de presentaci\u00f3n de la empresa que gestiona el comedor este curso.<\/p><p class=\"yiv8090184238MsoNormal\">Las bajas deben cumplir el preaviso de los 7 d\u00edas y las familias deben avisar tanto al centro como a la empresa para que ambos tengamos los datos actualizados y evitar problemas en la facturaci\u00f3n.<\/p><p class=\"yiv8090184238MsoNormal\">Adjuntamos de nuevo la carta de presentaci\u00f3n de la empresa que gestiona el comedor.<\/p>\t\t\t\t\t\t\t\t<\/div>\n\t\t\t\t<\/div>\n\t\t\t\t<section class=\"elementor-section elementor-inner-section elementor-element elementor-element-186d0d1 elementor-section-boxed elementor-section-height-default elementor-section-height-default\" data-id=\"186d0d1\" data-element_type=\"section\">\n\t\t\t\t\t\t<div class=\"elementor-container elementor-column-gap-default\">\n\t\t\t\t\t<div class=\"elementor-column elementor-col-50 elementor-inner-column elementor-element elementor-element-4f2690d\" data-id=\"4f2690d\" data-element_type=\"column\">\n\t\t\t<div class=\"elementor-widget-wrap elementor-element-populated\">\n\t\t\t\t\t\t<div class=\"elementor-element elementor-element-ecec38c elementor-widget elementor-widget-image\" data-id=\"ecec38c\" data-element_type=\"widget\" data-widget_type=\"image.default\">\n\t\t\t\t<div class=\"elementor-widget-container\">\n\t\t\t\t\t\t\t\t\t\t\t\t\t\t\t\t<a href=\"https:\/\/blogsaverroes.juntadeandalucia.es\/ceipposidonia\/files\/2023\/04\/Carta-presentacion-curso-2022-2023-CORREO-ALMER\u00cdA.pdf\" target=\"_blank\">\n\t\t\t\t\t\t\t<img decoding=\"async\" src=\"https:\/\/blogsaverroes.juntadeandalucia.es\/ceipposidonia\/files\/elementor\/thumbs\/icono-pdf-1-ouzb8otliw74u54i7s9vrwkqh8v1vadmckoamhvbxc.png\" title=\"icono-pdf-1\" alt=\"icono-pdf-1\" loading=\"lazy\" \/>\t\t\t\t\t\t\t\t<\/a>\n\t\t\t\t\t\t\t\t\t\t\t\t\t\t\t<\/div>\n\t\t\t\t<\/div>\n\t\t\t\t\t<\/div>\n\t\t<\/div>\n\t\t\t\t<div class=\"elementor-column elementor-col-50 elementor-inner-column elementor-element elementor-element-49233b4\" data-id=\"49233b4\" data-element_type=\"column\">\n\t\t\t<div class=\"elementor-widget-wrap elementor-element-populated\">\n\t\t\t\t\t\t<div class=\"elementor-element elementor-element-6c3973f elementor-widget elementor-widget-text-editor\" data-id=\"6c3973f\" data-element_type=\"widget\" data-widget_type=\"text-editor.default\">\n\t\t\t\t<div class=\"elementor-widget-container\">\n\t\t\t\t\t\t\t\t\t<p><a href=\"https:\/\/blogsaverroes.juntadeandalucia.es\/ceipposidonia\/files\/2023\/04\/Carta-presentacion-curso-2022-2023-CORREO-ALMER\u00cdA.pdf\" target=\"_blank\" rel=\"noopener\">Carta de presentaci\u00f3n de la Gesti\u00f3n del Servicio de Comedor<\/a><\/p>\t\t\t\t\t\t\t\t<\/div>\n\t\t\t\t<\/div>\n\t\t\t\t\t<\/div>\n\t\t<\/div>\n\t\t\t\t\t<\/div>\n\t\t<\/section>\n\t\t\t\t<div class=\"elementor-element elementor-element-e399e6 elementor-widget elementor-widget-image\" data-id=\"e399e6\" data-element_type=\"widget\" data-widget_type=\"image.default\">\n\t\t\t\t<div class=\"elementor-widget-container\">\n\t\t\t\t\t\t\t\t\t\t\t\t\t\t\t<img decoding=\"async\" width=\"150\" height=\"66\" src=\"https:\/\/blogsaverroes.juntadeandalucia.es\/ceipposidonia\/files\/2020\/06\/logo-cole-sin-fondo-e1592417035740.png\" class=\"attachment-medium size-medium wp-image-2272\" alt=\"logocole\" srcset=\"https:\/\/blogsaverroes.juntadeandalucia.es\/ceipposidonia\/files\/2020\/06\/logo-cole-sin-fondo-e1592417035740.png 150w, https:\/\/blogsaverroes.juntadeandalucia.es\/ceipposidonia\/files\/2020\/06\/logo-cole-sin-fondo-e1592417035740-24x11.png 24w, https:\/\/blogsaverroes.juntadeandalucia.es\/ceipposidonia\/files\/2020\/06\/logo-cole-sin-fondo-e1592417035740-36x16.png 36w, https:\/\/blogsaverroes.juntadeandalucia.es\/ceipposidonia\/files\/2020\/06\/logo-cole-sin-fondo-e1592417035740-48x21.png 48w\" sizes=\"(max-width: 150px) 100vw, 150px\" \/>\t\t\t\t\t\t\t\t\t\t\t\t\t\t\t<\/div>\n\t\t\t\t<\/div>\n\t\t\t\t<div class=\"elementor-element elementor-element-3719ae1c animated-slow elementor-widget-divider--view-line elementor-invisible elementor-widget elementor-widget-divider\" data-id=\"3719ae1c\" data-element_type=\"widget\" data-settings=\"{&quot;_animation&quot;:&quot;rubberBand&quot;}\" data-widget_type=\"divider.default\">\n\t\t\t\t<div class=\"elementor-widget-container\">\n\t\t\t\t\t\t\t<div class=\"elementor-divider\">\n\t\t\t<span class=\"elementor-divider-separator\">\n\t\t\t\t\t\t<\/span>\n\t\t<\/div>\n\t\t\t\t\t\t<\/div>\n\t\t\t\t<\/div>\n\t\t\t\t\t<\/div>\n\t\t<\/div>\n\t\t\t\t\t<\/div>\n\t\t<\/section>\n\t\t\t\t<\/div>\n\t\t","protected":false},"excerpt":{"rendered":"<p>ACLARACIONES DE LA GESTI\u00d3N DEL SERVICIO DE COMEDOR Debido a la gran cantidad de bajas que se ocasionan en el servicio del comedor recordamos que: En base a los pliegos de prescripciones t\u00e9cnicas, \u2018La solicitud de baja en el servicio se comunicar\u00e1 con una antelaci\u00f3n de al menos una semana del inicio del mes en que se pretenda hacer efectiva la baja\u2019. As\u00ed se inform\u00f3 en la carta de presentaci\u00f3n de la empresa que gestiona el comedor este curso. Las bajas deben cumplir el preaviso de los 7 d\u00edas y las familias deben avisar tanto al centro como a la empresa para que ambos tengamos los datos actualizados y evitar problemas en la facturaci\u00f3n. Adjuntamos de nuevo la carta de presentaci\u00f3n de la empresa que gestiona el comedor. Carta de presentaci\u00f3n de la Gesti\u00f3n del Servicio de Comedor<\/p>\n","protected":false},"author":10296,"featured_media":0,"comment_status":"closed","ping_status":"open","sticky":false,"template":"","format":"standard","meta":{"ngg_post_thumbnail":0,"footnotes":""},"categories":[2351667],"tags":[],"aioseo_notices":[],"_links":{"self":[{"href":"https:\/\/blogsaverroes.juntadeandalucia.es\/ceipposidonia\/wp-json\/wp\/v2\/posts\/6147"}],"collection":[{"href":"https:\/\/blogsaverroes.juntadeandalucia.es\/ceipposidonia\/wp-json\/wp\/v2\/posts"}],"about":[{"href":"https:\/\/blogsaverroes.juntadeandalucia.es\/ceipposidonia\/wp-json\/wp\/v2\/types\/post"}],"author":[{"embeddable":true,"href":"https:\/\/blogsaverroes.juntadeandalucia.es\/ceipposidonia\/wp-json\/wp\/v2\/users\/10296"}],"replies":[{"embeddable":true,"href":"https:\/\/blogsaverroes.juntadeandalucia.es\/ceipposidonia\/wp-json\/wp\/v2\/comments?post=6147"}],"version-history":[{"count":3,"href":"https:\/\/blogsaverroes.juntadeandalucia.es\/ceipposidonia\/wp-json\/wp\/v2\/posts\/6147\/revisions"}],"predecessor-version":[{"id":6151,"href":"https:\/\/blogsaverroes.juntadeandalucia.es\/ceipposidonia\/wp-json\/wp\/v2\/posts\/6147\/revisions\/6151"}],"wp:attachment":[{"href":"https:\/\/blogsaverroes.juntadeandalucia.es\/ceipposidonia\/wp-json\/wp\/v2\/media?parent=6147"}],"wp:term":[{"taxonomy":"category","embeddable":true,"href":"https:\/\/blogsaverroes.juntadeandalucia.es\/ceipposidonia\/wp-json\/wp\/v2\/categories?post=6147"},{"taxonomy":"post_tag","embeddable":true,"href":"https:\/\/blogsaverroes.juntadeandalucia.es\/ceipposidonia\/wp-json\/wp\/v2\/tags?post=6147"}],"curies":[{"name":"wp","href":"https:\/\/api.w.org\/{rel}","templated":true}]}}