{"id":1707,"date":"2019-11-25T00:13:00","date_gmt":"2019-11-24T23:13:00","guid":{"rendered":"https:\/\/blogsaverroes.juntadeandalucia.es\/ceipprofesorgalvez\/?p=1707"},"modified":"2019-11-25T00:13:00","modified_gmt":"2019-11-24T23:13:00","slug":"celebramos-el-otono","status":"publish","type":"post","link":"https:\/\/blogsaverroes.juntadeandalucia.es\/ceipprofesorgalvez\/celebramos-el-otono\/","title":{"rendered":"Celebramos el Oto\u00f1o"},"content":{"rendered":"<p>El pasado viernes 23 celebramos la fiesta del Oto\u00f1o. Los alumnos han degustado frutos secos y carnosos, hemos le\u00eddo cuentos, cantados canciones, recitado poes\u00edas y realizado la corona del Oto\u00f1o.<\/p>\n<p>Muchas gracias a las familias por vuestra colaboraci\u00f3n.<\/p>\n\n\t\t<style>\n\t\t\t#gallery-1 {\n\t\t\t\tmargin: auto;\n\t\t\t}\n\t\t\t#gallery-1 .gallery-item {\n\t\t\t\tfloat: left;\n\t\t\t\tmargin-top: 10px;\n\t\t\t\ttext-align: center;\n\t\t\t\twidth: 33%;\n\t\t\t}\n\t\t\t#gallery-1 img {\n\t\t\t\tborder: 2px solid #cfcfcf;\n\t\t\t}\n\t\t\t#gallery-1 .gallery-caption {\n\t\t\t\tmargin-left: 0;\n\t\t\t}\n\t\t\t\/* see gallery_shortcode() in wp-includes\/media.php *\/\n\t\t<\/style>\n\t\t<div id='gallery-1' class='gallery galleryid-1707 gallery-columns-3 gallery-size-thumbnail'><dl class='gallery-item'>\n\t\t\t<dt class='gallery-icon portrait'>\n\t\t\t\t<a href='https:\/\/blogsaverroes.juntadeandalucia.es\/ceipprofesorgalvez\/celebramos-el-otono\/img_20191122_125435\/'><img loading=\"lazy\" decoding=\"async\" width=\"150\" height=\"150\" src=\"https:\/\/blogsaverroes.juntadeandalucia.es\/ceipprofesorgalvez\/files\/2019\/11\/IMG_20191122_125435-e1574635982254-150x150.jpg\" class=\"attachment-thumbnail size-thumbnail\" alt=\"\" srcset=\"https:\/\/blogsaverroes.juntadeandalucia.es\/ceipprofesorgalvez\/files\/2019\/11\/IMG_20191122_125435-e1574635982254-150x150.jpg 150w, https:\/\/blogsaverroes.juntadeandalucia.es\/ceipprofesorgalvez\/files\/2019\/11\/IMG_20191122_125435-e1574635982254-100x100.jpg 100w, https:\/\/blogsaverroes.juntadeandalucia.es\/ceipprofesorgalvez\/files\/2019\/11\/IMG_20191122_125435-e1574635982254-160x160.jpg 160w, https:\/\/blogsaverroes.juntadeandalucia.es\/ceipprofesorgalvez\/files\/2019\/11\/IMG_20191122_125435-e1574635982254-320x320.jpg 320w\" sizes=\"(max-width: 150px) 100vw, 150px\" \/><\/a>\n\t\t\t<\/dt><\/dl><dl class='gallery-item'>\n\t\t\t<dt class='gallery-icon landscape'>\n\t\t\t\t<a href='https:\/\/blogsaverroes.juntadeandalucia.es\/ceipprofesorgalvez\/celebramos-el-otono\/img_20191122_125825\/'><img loading=\"lazy\" decoding=\"async\" width=\"150\" height=\"150\" src=\"https:\/\/blogsaverroes.juntadeandalucia.es\/ceipprofesorgalvez\/files\/2019\/11\/IMG_20191122_125825-150x150.jpg\" class=\"attachment-thumbnail size-thumbnail\" alt=\"\" srcset=\"https:\/\/blogsaverroes.juntadeandalucia.es\/ceipprofesorgalvez\/files\/2019\/11\/IMG_20191122_125825-150x150.jpg 150w, https:\/\/blogsaverroes.juntadeandalucia.es\/ceipprofesorgalvez\/files\/2019\/11\/IMG_20191122_125825-100x100.jpg 100w, https:\/\/blogsaverroes.juntadeandalucia.es\/ceipprofesorgalvez\/files\/2019\/11\/IMG_20191122_125825-160x160.jpg 160w, https:\/\/blogsaverroes.juntadeandalucia.es\/ceipprofesorgalvez\/files\/2019\/11\/IMG_20191122_125825-320x320.jpg 320w\" sizes=\"(max-width: 150px) 100vw, 150px\" \/><\/a>\n\t\t\t<\/dt><\/dl><dl class='gallery-item'>\n\t\t\t<dt class='gallery-icon landscape'>\n\t\t\t\t<a href='https:\/\/blogsaverroes.juntadeandalucia.es\/ceipprofesorgalvez\/celebramos-el-otono\/img_20191122_125540\/'><img loading=\"lazy\" decoding=\"async\" width=\"150\" height=\"150\" src=\"https:\/\/blogsaverroes.juntadeandalucia.es\/ceipprofesorgalvez\/files\/2019\/11\/IMG_20191122_125540-150x150.jpg\" class=\"attachment-thumbnail size-thumbnail\" alt=\"\" srcset=\"https:\/\/blogsaverroes.juntadeandalucia.es\/ceipprofesorgalvez\/files\/2019\/11\/IMG_20191122_125540-150x150.jpg 150w, https:\/\/blogsaverroes.juntadeandalucia.es\/ceipprofesorgalvez\/files\/2019\/11\/IMG_20191122_125540-100x100.jpg 100w, https:\/\/blogsaverroes.juntadeandalucia.es\/ceipprofesorgalvez\/files\/2019\/11\/IMG_20191122_125540-160x160.jpg 160w, https:\/\/blogsaverroes.juntadeandalucia.es\/ceipprofesorgalvez\/files\/2019\/11\/IMG_20191122_125540-320x320.jpg 320w\" sizes=\"(max-width: 150px) 100vw, 150px\" \/><\/a>\n\t\t\t<\/dt><\/dl><br style=\"clear: both\" \/><dl class='gallery-item'>\n\t\t\t<dt class='gallery-icon portrait'>\n\t\t\t\t<a href='https:\/\/blogsaverroes.juntadeandalucia.es\/ceipprofesorgalvez\/celebramos-el-otono\/img_20191122_125325\/'><img loading=\"lazy\" decoding=\"async\" width=\"150\" height=\"150\" src=\"https:\/\/blogsaverroes.juntadeandalucia.es\/ceipprofesorgalvez\/files\/2019\/11\/IMG_20191122_125325-e1574635998948-150x150.jpg\" class=\"attachment-thumbnail size-thumbnail\" alt=\"\" srcset=\"https:\/\/blogsaverroes.juntadeandalucia.es\/ceipprofesorgalvez\/files\/2019\/11\/IMG_20191122_125325-e1574635998948-150x150.jpg 150w, https:\/\/blogsaverroes.juntadeandalucia.es\/ceipprofesorgalvez\/files\/2019\/11\/IMG_20191122_125325-e1574635998948-100x100.jpg 100w, https:\/\/blogsaverroes.juntadeandalucia.es\/ceipprofesorgalvez\/files\/2019\/11\/IMG_20191122_125325-e1574635998948-160x160.jpg 160w, https:\/\/blogsaverroes.juntadeandalucia.es\/ceipprofesorgalvez\/files\/2019\/11\/IMG_20191122_125325-e1574635998948-320x320.jpg 320w\" sizes=\"(max-width: 150px) 100vw, 150px\" \/><\/a>\n\t\t\t<\/dt><\/dl><dl class='gallery-item'>\n\t\t\t<dt class='gallery-icon portrait'>\n\t\t\t\t<a href='https:\/\/blogsaverroes.juntadeandalucia.es\/ceipprofesorgalvez\/celebramos-el-otono\/img_20191122_125300\/'><img loading=\"lazy\" decoding=\"async\" width=\"150\" height=\"150\" src=\"https:\/\/blogsaverroes.juntadeandalucia.es\/ceipprofesorgalvez\/files\/2019\/11\/IMG_20191122_125300-e1574636024361-150x150.jpg\" class=\"attachment-thumbnail size-thumbnail\" alt=\"\" srcset=\"https:\/\/blogsaverroes.juntadeandalucia.es\/ceipprofesorgalvez\/files\/2019\/11\/IMG_20191122_125300-e1574636024361-150x150.jpg 150w, https:\/\/blogsaverroes.juntadeandalucia.es\/ceipprofesorgalvez\/files\/2019\/11\/IMG_20191122_125300-e1574636024361-100x100.jpg 100w, https:\/\/blogsaverroes.juntadeandalucia.es\/ceipprofesorgalvez\/files\/2019\/11\/IMG_20191122_125300-e1574636024361-160x160.jpg 160w, https:\/\/blogsaverroes.juntadeandalucia.es\/ceipprofesorgalvez\/files\/2019\/11\/IMG_20191122_125300-e1574636024361-320x320.jpg 320w\" sizes=\"(max-width: 150px) 100vw, 150px\" \/><\/a>\n\t\t\t<\/dt><\/dl><dl class='gallery-item'>\n\t\t\t<dt class='gallery-icon portrait'>\n\t\t\t\t<a href='https:\/\/blogsaverroes.juntadeandalucia.es\/ceipprofesorgalvez\/celebramos-el-otono\/img_20191122_092948\/'><img loading=\"lazy\" decoding=\"async\" width=\"150\" height=\"150\" src=\"https:\/\/blogsaverroes.juntadeandalucia.es\/ceipprofesorgalvez\/files\/2019\/11\/IMG_20191122_092948-e1574636089766-150x150.jpg\" class=\"attachment-thumbnail size-thumbnail\" alt=\"\" srcset=\"https:\/\/blogsaverroes.juntadeandalucia.es\/ceipprofesorgalvez\/files\/2019\/11\/IMG_20191122_092948-e1574636089766-150x150.jpg 150w, https:\/\/blogsaverroes.juntadeandalucia.es\/ceipprofesorgalvez\/files\/2019\/11\/IMG_20191122_092948-e1574636089766-100x100.jpg 100w, https:\/\/blogsaverroes.juntadeandalucia.es\/ceipprofesorgalvez\/files\/2019\/11\/IMG_20191122_092948-e1574636089766-160x160.jpg 160w, https:\/\/blogsaverroes.juntadeandalucia.es\/ceipprofesorgalvez\/files\/2019\/11\/IMG_20191122_092948-e1574636089766-320x320.jpg 320w\" sizes=\"(max-width: 150px) 100vw, 150px\" \/><\/a>\n\t\t\t<\/dt><\/dl><br style=\"clear: both\" \/><dl class='gallery-item'>\n\t\t\t<dt class='gallery-icon portrait'>\n\t\t\t\t<a href='https:\/\/blogsaverroes.juntadeandalucia.es\/ceipprofesorgalvez\/celebramos-el-otono\/img_20191122_093016\/'><img loading=\"lazy\" decoding=\"async\" width=\"150\" height=\"150\" src=\"https:\/\/blogsaverroes.juntadeandalucia.es\/ceipprofesorgalvez\/files\/2019\/11\/IMG_20191122_093016-e1574636062949-150x150.jpg\" class=\"attachment-thumbnail size-thumbnail\" alt=\"\" srcset=\"https:\/\/blogsaverroes.juntadeandalucia.es\/ceipprofesorgalvez\/files\/2019\/11\/IMG_20191122_093016-e1574636062949-150x150.jpg 150w, https:\/\/blogsaverroes.juntadeandalucia.es\/ceipprofesorgalvez\/files\/2019\/11\/IMG_20191122_093016-e1574636062949-100x100.jpg 100w, https:\/\/blogsaverroes.juntadeandalucia.es\/ceipprofesorgalvez\/files\/2019\/11\/IMG_20191122_093016-e1574636062949-160x160.jpg 160w, https:\/\/blogsaverroes.juntadeandalucia.es\/ceipprofesorgalvez\/files\/2019\/11\/IMG_20191122_093016-e1574636062949-320x320.jpg 320w\" sizes=\"(max-width: 150px) 100vw, 150px\" \/><\/a>\n\t\t\t<\/dt><\/dl><dl class='gallery-item'>\n\t\t\t<dt class='gallery-icon landscape'>\n\t\t\t\t<a href='https:\/\/blogsaverroes.juntadeandalucia.es\/ceipprofesorgalvez\/celebramos-el-otono\/img_20191122_093108\/'><img loading=\"lazy\" decoding=\"async\" width=\"150\" height=\"150\" src=\"https:\/\/blogsaverroes.juntadeandalucia.es\/ceipprofesorgalvez\/files\/2019\/11\/IMG_20191122_093108-150x150.jpg\" class=\"attachment-thumbnail size-thumbnail\" alt=\"\" srcset=\"https:\/\/blogsaverroes.juntadeandalucia.es\/ceipprofesorgalvez\/files\/2019\/11\/IMG_20191122_093108-150x150.jpg 150w, https:\/\/blogsaverroes.juntadeandalucia.es\/ceipprofesorgalvez\/files\/2019\/11\/IMG_20191122_093108-100x100.jpg 100w, https:\/\/blogsaverroes.juntadeandalucia.es\/ceipprofesorgalvez\/files\/2019\/11\/IMG_20191122_093108-160x160.jpg 160w, https:\/\/blogsaverroes.juntadeandalucia.es\/ceipprofesorgalvez\/files\/2019\/11\/IMG_20191122_093108-320x320.jpg 320w\" sizes=\"(max-width: 150px) 100vw, 150px\" \/><\/a>\n\t\t\t<\/dt><\/dl><dl class='gallery-item'>\n\t\t\t<dt class='gallery-icon portrait'>\n\t\t\t\t<a href='https:\/\/blogsaverroes.juntadeandalucia.es\/ceipprofesorgalvez\/celebramos-el-otono\/img_20191122_093125\/'><img loading=\"lazy\" decoding=\"async\" width=\"150\" height=\"150\" src=\"https:\/\/blogsaverroes.juntadeandalucia.es\/ceipprofesorgalvez\/files\/2019\/11\/IMG_20191122_093125-e1574636043865-150x150.jpg\" class=\"attachment-thumbnail size-thumbnail\" alt=\"\" srcset=\"https:\/\/blogsaverroes.juntadeandalucia.es\/ceipprofesorgalvez\/files\/2019\/11\/IMG_20191122_093125-e1574636043865-150x150.jpg 150w, https:\/\/blogsaverroes.juntadeandalucia.es\/ceipprofesorgalvez\/files\/2019\/11\/IMG_20191122_093125-e1574636043865-100x100.jpg 100w, https:\/\/blogsaverroes.juntadeandalucia.es\/ceipprofesorgalvez\/files\/2019\/11\/IMG_20191122_093125-e1574636043865-160x160.jpg 160w, https:\/\/blogsaverroes.juntadeandalucia.es\/ceipprofesorgalvez\/files\/2019\/11\/IMG_20191122_093125-e1574636043865-320x320.jpg 320w\" sizes=\"(max-width: 150px) 100vw, 150px\" \/><\/a>\n\t\t\t<\/dt><\/dl><br style=\"clear: both\" \/><dl class='gallery-item'>\n\t\t\t<dt class='gallery-icon landscape'>\n\t\t\t\t<a href='https:\/\/blogsaverroes.juntadeandalucia.es\/ceipprofesorgalvez\/celebramos-el-otono\/img_20191122_122155\/'><img loading=\"lazy\" decoding=\"async\" width=\"150\" height=\"150\" src=\"https:\/\/blogsaverroes.juntadeandalucia.es\/ceipprofesorgalvez\/files\/2019\/11\/IMG_20191122_122155-150x150.jpg\" class=\"attachment-thumbnail size-thumbnail\" alt=\"\" srcset=\"https:\/\/blogsaverroes.juntadeandalucia.es\/ceipprofesorgalvez\/files\/2019\/11\/IMG_20191122_122155-150x150.jpg 150w, https:\/\/blogsaverroes.juntadeandalucia.es\/ceipprofesorgalvez\/files\/2019\/11\/IMG_20191122_122155-100x100.jpg 100w, https:\/\/blogsaverroes.juntadeandalucia.es\/ceipprofesorgalvez\/files\/2019\/11\/IMG_20191122_122155-160x160.jpg 160w, https:\/\/blogsaverroes.juntadeandalucia.es\/ceipprofesorgalvez\/files\/2019\/11\/IMG_20191122_122155-320x320.jpg 320w\" sizes=\"(max-width: 150px) 100vw, 150px\" \/><\/a>\n\t\t\t<\/dt><\/dl><dl class='gallery-item'>\n\t\t\t<dt class='gallery-icon landscape'>\n\t\t\t\t<a href='https:\/\/blogsaverroes.juntadeandalucia.es\/ceipprofesorgalvez\/celebramos-el-otono\/img_20191122_091029\/'><img loading=\"lazy\" decoding=\"async\" width=\"150\" height=\"150\" src=\"https:\/\/blogsaverroes.juntadeandalucia.es\/ceipprofesorgalvez\/files\/2019\/11\/IMG_20191122_091029-150x150.jpg\" class=\"attachment-thumbnail size-thumbnail\" alt=\"\" srcset=\"https:\/\/blogsaverroes.juntadeandalucia.es\/ceipprofesorgalvez\/files\/2019\/11\/IMG_20191122_091029-150x150.jpg 150w, https:\/\/blogsaverroes.juntadeandalucia.es\/ceipprofesorgalvez\/files\/2019\/11\/IMG_20191122_091029-100x100.jpg 100w, https:\/\/blogsaverroes.juntadeandalucia.es\/ceipprofesorgalvez\/files\/2019\/11\/IMG_20191122_091029-160x160.jpg 160w, https:\/\/blogsaverroes.juntadeandalucia.es\/ceipprofesorgalvez\/files\/2019\/11\/IMG_20191122_091029-320x320.jpg 320w\" sizes=\"(max-width: 150px) 100vw, 150px\" \/><\/a>\n\t\t\t<\/dt><\/dl><dl class='gallery-item'>\n\t\t\t<dt class='gallery-icon landscape'>\n\t\t\t\t<a href='https:\/\/blogsaverroes.juntadeandalucia.es\/ceipprofesorgalvez\/celebramos-el-otono\/img_20191121_132253\/'><img loading=\"lazy\" decoding=\"async\" width=\"150\" height=\"150\" src=\"https:\/\/blogsaverroes.juntadeandalucia.es\/ceipprofesorgalvez\/files\/2019\/11\/IMG_20191121_132253-150x150.jpg\" class=\"attachment-thumbnail size-thumbnail\" alt=\"\" srcset=\"https:\/\/blogsaverroes.juntadeandalucia.es\/ceipprofesorgalvez\/files\/2019\/11\/IMG_20191121_132253-150x150.jpg 150w, https:\/\/blogsaverroes.juntadeandalucia.es\/ceipprofesorgalvez\/files\/2019\/11\/IMG_20191121_132253-100x100.jpg 100w, https:\/\/blogsaverroes.juntadeandalucia.es\/ceipprofesorgalvez\/files\/2019\/11\/IMG_20191121_132253-160x160.jpg 160w, https:\/\/blogsaverroes.juntadeandalucia.es\/ceipprofesorgalvez\/files\/2019\/11\/IMG_20191121_132253-320x320.jpg 320w\" sizes=\"(max-width: 150px) 100vw, 150px\" \/><\/a>\n\t\t\t<\/dt><\/dl><br style=\"clear: both\" \/><dl class='gallery-item'>\n\t\t\t<dt class='gallery-icon landscape'>\n\t\t\t\t<a href='https:\/\/blogsaverroes.juntadeandalucia.es\/ceipprofesorgalvez\/celebramos-el-otono\/img_20191122_091038\/'><img loading=\"lazy\" decoding=\"async\" width=\"150\" height=\"150\" src=\"https:\/\/blogsaverroes.juntadeandalucia.es\/ceipprofesorgalvez\/files\/2019\/11\/IMG_20191122_091038-150x150.jpg\" class=\"attachment-thumbnail size-thumbnail\" alt=\"\" srcset=\"https:\/\/blogsaverroes.juntadeandalucia.es\/ceipprofesorgalvez\/files\/2019\/11\/IMG_20191122_091038-150x150.jpg 150w, https:\/\/blogsaverroes.juntadeandalucia.es\/ceipprofesorgalvez\/files\/2019\/11\/IMG_20191122_091038-100x100.jpg 100w, https:\/\/blogsaverroes.juntadeandalucia.es\/ceipprofesorgalvez\/files\/2019\/11\/IMG_20191122_091038-160x160.jpg 160w, https:\/\/blogsaverroes.juntadeandalucia.es\/ceipprofesorgalvez\/files\/2019\/11\/IMG_20191122_091038-320x320.jpg 320w\" sizes=\"(max-width: 150px) 100vw, 150px\" \/><\/a>\n\t\t\t<\/dt><\/dl>\n\t\t\t<br style='clear: both' \/>\n\t\t<\/div>\n\n","protected":false},"excerpt":{"rendered":"<p>El pasado viernes 23 celebramos la fiesta del Oto\u00f1o. Los alumnos han degustado frutos secos y carnosos, hemos le\u00eddo cuentos, cantados canciones, recitado poes\u00edas y realizado la corona del Oto\u00f1o. Muchas gracias a las&#46;&#46;&#46;<\/p>\n","protected":false},"author":7305,"featured_media":1710,"comment_status":"open","ping_status":"closed","sticky":false,"template":"","format":"standard","meta":{"ngg_post_thumbnail":0,"footnotes":""},"categories":[32,647,1852],"tags":[],"aioseo_notices":[],"_links":{"self":[{"href":"https:\/\/blogsaverroes.juntadeandalucia.es\/ceipprofesorgalvez\/wp-json\/wp\/v2\/posts\/1707"}],"collection":[{"href":"https:\/\/blogsaverroes.juntadeandalucia.es\/ceipprofesorgalvez\/wp-json\/wp\/v2\/posts"}],"about":[{"href":"https:\/\/blogsaverroes.juntadeandalucia.es\/ceipprofesorgalvez\/wp-json\/wp\/v2\/types\/post"}],"author":[{"embeddable":true,"href":"https:\/\/blogsaverroes.juntadeandalucia.es\/ceipprofesorgalvez\/wp-json\/wp\/v2\/users\/7305"}],"replies":[{"embeddable":true,"href":"https:\/\/blogsaverroes.juntadeandalucia.es\/ceipprofesorgalvez\/wp-json\/wp\/v2\/comments?post=1707"}],"version-history":[{"count":1,"href":"https:\/\/blogsaverroes.juntadeandalucia.es\/ceipprofesorgalvez\/wp-json\/wp\/v2\/posts\/1707\/revisions"}],"predecessor-version":[{"id":1722,"href":"https:\/\/blogsaverroes.juntadeandalucia.es\/ceipprofesorgalvez\/wp-json\/wp\/v2\/posts\/1707\/revisions\/1722"}],"wp:featuredmedia":[{"embeddable":true,"href":"https:\/\/blogsaverroes.juntadeandalucia.es\/ceipprofesorgalvez\/wp-json\/wp\/v2\/media\/1710"}],"wp:attachment":[{"href":"https:\/\/blogsaverroes.juntadeandalucia.es\/ceipprofesorgalvez\/wp-json\/wp\/v2\/media?parent=1707"}],"wp:term":[{"taxonomy":"category","embeddable":true,"href":"https:\/\/blogsaverroes.juntadeandalucia.es\/ceipprofesorgalvez\/wp-json\/wp\/v2\/categories?post=1707"},{"taxonomy":"post_tag","embeddable":true,"href":"https:\/\/blogsaverroes.juntadeandalucia.es\/ceipprofesorgalvez\/wp-json\/wp\/v2\/tags?post=1707"}],"curies":[{"name":"wp","href":"https:\/\/api.w.org\/{rel}","templated":true}]}}