{"id":3344,"date":"2025-01-28T13:58:49","date_gmt":"2025-01-28T12:58:49","guid":{"rendered":"https:\/\/blogsaverroes.juntadeandalucia.es\/ceipprofesorgalvez\/?p=3344"},"modified":"2025-01-28T13:58:49","modified_gmt":"2025-01-28T12:58:49","slug":"radio-on-line","status":"publish","type":"post","link":"https:\/\/blogsaverroes.juntadeandalucia.es\/ceipprofesorgalvez\/radio-on-line\/","title":{"rendered":"RADIO ON LINE!!!"},"content":{"rendered":"<p>Durante la semana estamos llevando a cabo una serie de actividades en referencia al d\u00eda de la PAZ. Para ello nuestra compa\u00f1era Bel\u00e9n nos ha llevado a los mando de la radio de nuestro centro y nos ha explicado c\u00f3mo podemos hacerla funcionar!!<\/p>\n<p>\u00c9ste ha sido el resultado!!<\/p>\n<p><img loading=\"lazy\" decoding=\"async\" class=\"alignnone size-medium wp-image-3348\" src=\"https:\/\/blogsaverroes.juntadeandalucia.es\/ceipprofesorgalvez\/files\/2025\/01\/WhatsApp-Image-2025-01-27-at-20.33.14-300x225.jpeg\" alt=\"\" width=\"300\" height=\"225\" srcset=\"https:\/\/blogsaverroes.juntadeandalucia.es\/ceipprofesorgalvez\/files\/2025\/01\/WhatsApp-Image-2025-01-27-at-20.33.14-300x225.jpeg 300w, https:\/\/blogsaverroes.juntadeandalucia.es\/ceipprofesorgalvez\/files\/2025\/01\/WhatsApp-Image-2025-01-27-at-20.33.14-1024x768.jpeg 1024w, https:\/\/blogsaverroes.juntadeandalucia.es\/ceipprofesorgalvez\/files\/2025\/01\/WhatsApp-Image-2025-01-27-at-20.33.14-768x576.jpeg 768w, https:\/\/blogsaverroes.juntadeandalucia.es\/ceipprofesorgalvez\/files\/2025\/01\/WhatsApp-Image-2025-01-27-at-20.33.14-1536x1152.jpeg 1536w, https:\/\/blogsaverroes.juntadeandalucia.es\/ceipprofesorgalvez\/files\/2025\/01\/WhatsApp-Image-2025-01-27-at-20.33.14.jpeg 1600w\" sizes=\"(max-width: 300px) 100vw, 300px\" \/><\/p>\n<div style=\"width: 848px;\" class=\"wp-video\"><!--[if lt IE 9]><script>document.createElement('video');<\/script><![endif]-->\n<video class=\"wp-video-shortcode\" id=\"video-3344-1\" width=\"848\" height=\"480\" preload=\"metadata\" controls=\"controls\"><source type=\"video\/mp4\" src=\"https:\/\/blogsaverroes.juntadeandalucia.es\/ceipprofesorgalvez\/files\/2025\/01\/WhatsApp-Video-2025-01-27-at-20.33.14.mp4?_=1\" \/><a href=\"https:\/\/blogsaverroes.juntadeandalucia.es\/ceipprofesorgalvez\/files\/2025\/01\/WhatsApp-Video-2025-01-27-at-20.33.14.mp4\">https:\/\/blogsaverroes.juntadeandalucia.es\/ceipprofesorgalvez\/files\/2025\/01\/WhatsApp-Video-2025-01-27-at-20.33.14.mp4<\/a><\/video><\/div>\n<p>&nbsp;<\/p>\n<!--[if lt IE 9]><script>document.createElement('audio');<\/script><![endif]-->\n<audio class=\"wp-audio-shortcode\" id=\"audio-3344-1\" preload=\"none\" style=\"width: 100%;\" controls=\"controls\"><source type=\"audio\/mpeg\" src=\"https:\/\/blogsaverroes.juntadeandalucia.es\/ceipprofesorgalvez\/files\/2025\/01\/Primaria-1.mp3?_=1\" \/><a href=\"https:\/\/blogsaverroes.juntadeandalucia.es\/ceipprofesorgalvez\/files\/2025\/01\/Primaria-1.mp3\">https:\/\/blogsaverroes.juntadeandalucia.es\/ceipprofesorgalvez\/files\/2025\/01\/Primaria-1.mp3<\/a><\/audio>\n<audio class=\"wp-audio-shortcode\" id=\"audio-3344-2\" preload=\"none\" style=\"width: 100%;\" controls=\"controls\"><source type=\"audio\/mpeg\" src=\"https:\/\/blogsaverroes.juntadeandalucia.es\/ceipprofesorgalvez\/files\/2025\/01\/5o-dia-de-la-Paz.mp3?_=2\" \/><a href=\"https:\/\/blogsaverroes.juntadeandalucia.es\/ceipprofesorgalvez\/files\/2025\/01\/5o-dia-de-la-Paz.mp3\">https:\/\/blogsaverroes.juntadeandalucia.es\/ceipprofesorgalvez\/files\/2025\/01\/5o-dia-de-la-Paz.mp3<\/a><\/audio>\n<audio class=\"wp-audio-shortcode\" id=\"audio-3344-3\" preload=\"none\" style=\"width: 100%;\" controls=\"controls\"><source type=\"audio\/mpeg\" src=\"https:\/\/blogsaverroes.juntadeandalucia.es\/ceipprofesorgalvez\/files\/2025\/01\/aythami-2.mp3?_=3\" \/><a href=\"https:\/\/blogsaverroes.juntadeandalucia.es\/ceipprofesorgalvez\/files\/2025\/01\/aythami-2.mp3\">https:\/\/blogsaverroes.juntadeandalucia.es\/ceipprofesorgalvez\/files\/2025\/01\/aythami-2.mp3<\/a><\/audio>\n","protected":false},"excerpt":{"rendered":"<p>Durante la semana estamos llevando a cabo una serie de actividades en referencia al d\u00eda de la PAZ. Para ello nuestra compa\u00f1era Bel\u00e9n nos ha llevado a los mando de la radio de nuestro&#46;&#46;&#46;<\/p>\n","protected":false},"author":19882,"featured_media":3348,"comment_status":"open","ping_status":"closed","sticky":false,"template":"","format":"standard","meta":{"ngg_post_thumbnail":0,"footnotes":""},"categories":[1783482,1783483,1429],"tags":[],"aioseo_notices":[],"_links":{"self":[{"href":"https:\/\/blogsaverroes.juntadeandalucia.es\/ceipprofesorgalvez\/wp-json\/wp\/v2\/posts\/3344"}],"collection":[{"href":"https:\/\/blogsaverroes.juntadeandalucia.es\/ceipprofesorgalvez\/wp-json\/wp\/v2\/posts"}],"about":[{"href":"https:\/\/blogsaverroes.juntadeandalucia.es\/ceipprofesorgalvez\/wp-json\/wp\/v2\/types\/post"}],"author":[{"embeddable":true,"href":"https:\/\/blogsaverroes.juntadeandalucia.es\/ceipprofesorgalvez\/wp-json\/wp\/v2\/users\/19882"}],"replies":[{"embeddable":true,"href":"https:\/\/blogsaverroes.juntadeandalucia.es\/ceipprofesorgalvez\/wp-json\/wp\/v2\/comments?post=3344"}],"version-history":[{"count":1,"href":"https:\/\/blogsaverroes.juntadeandalucia.es\/ceipprofesorgalvez\/wp-json\/wp\/v2\/posts\/3344\/revisions"}],"predecessor-version":[{"id":3350,"href":"https:\/\/blogsaverroes.juntadeandalucia.es\/ceipprofesorgalvez\/wp-json\/wp\/v2\/posts\/3344\/revisions\/3350"}],"wp:featuredmedia":[{"embeddable":true,"href":"https:\/\/blogsaverroes.juntadeandalucia.es\/ceipprofesorgalvez\/wp-json\/wp\/v2\/media\/3348"}],"wp:attachment":[{"href":"https:\/\/blogsaverroes.juntadeandalucia.es\/ceipprofesorgalvez\/wp-json\/wp\/v2\/media?parent=3344"}],"wp:term":[{"taxonomy":"category","embeddable":true,"href":"https:\/\/blogsaverroes.juntadeandalucia.es\/ceipprofesorgalvez\/wp-json\/wp\/v2\/categories?post=3344"},{"taxonomy":"post_tag","embeddable":true,"href":"https:\/\/blogsaverroes.juntadeandalucia.es\/ceipprofesorgalvez\/wp-json\/wp\/v2\/tags?post=3344"}],"curies":[{"name":"wp","href":"https:\/\/api.w.org\/{rel}","templated":true}]}}