{"id":2673,"date":"2020-07-09T09:46:46","date_gmt":"2020-07-09T09:46:46","guid":{"rendered":"https:\/\/blogsaverroes.juntadeandalucia.es\/ceipptiernogalvangr\/?p=2673"},"modified":"2020-07-09T09:46:46","modified_gmt":"2020-07-09T09:46:46","slug":"infomacion-importante-listado-definitivo","status":"publish","type":"post","link":"https:\/\/blogsaverroes.juntadeandalucia.es\/ceipptiernogalvangr\/2020\/07\/09\/infomacion-importante-listado-definitivo\/","title":{"rendered":"Infomaci\u00f3n importante: Listado Definitivo."},"content":{"rendered":"<p>Listado definitivo de admitidos y suplentes de los Servicios Complementarios: Comedor, Aula Matinal y Actividades Extraescolares 2020- 21.<\/p>\n<p>Siguiendo las instrucciones, hoy, 9-7-2020, se publica el listado definitivo, tras el periodo de alegaciones. A partir de este momento, alguien no est\u00e1 de acuerdo con lo publicado, debe presentar un Recurso de Alzada en la Delegaci\u00f3n Provincial de Educaci\u00f3n.<\/p>\n<p><a href=\"https:\/\/drive.google.com\/file\/d\/1Ay2msNKm6TNdAyHttAR8d-vQTsk6EN72\/view?usp=sharing\">LISTADO DEFINITIVO DE ADMITIDOS Y SUPLENTES<\/a><\/p>\n","protected":false},"excerpt":{"rendered":"<p>Listado definitivo de admitidos y suplentes de los Servicios Complementarios: Comedor, Aula Matinal y Actividades Extraescolares 2020- 21. Siguiendo las instrucciones, hoy, 9-7-2020, se publica el listado definitivo, tras el periodo de alegaciones. A&#46;&#46;&#46;<\/p>\n","protected":false},"author":6382,"featured_media":0,"comment_status":"open","ping_status":"open","sticky":false,"template":"","format":"standard","meta":{"ngg_post_thumbnail":0,"footnotes":""},"categories":[1518151,1518152],"tags":[],"aioseo_notices":[],"_links":{"self":[{"href":"https:\/\/blogsaverroes.juntadeandalucia.es\/ceipptiernogalvangr\/wp-json\/wp\/v2\/posts\/2673"}],"collection":[{"href":"https:\/\/blogsaverroes.juntadeandalucia.es\/ceipptiernogalvangr\/wp-json\/wp\/v2\/posts"}],"about":[{"href":"https:\/\/blogsaverroes.juntadeandalucia.es\/ceipptiernogalvangr\/wp-json\/wp\/v2\/types\/post"}],"author":[{"embeddable":true,"href":"https:\/\/blogsaverroes.juntadeandalucia.es\/ceipptiernogalvangr\/wp-json\/wp\/v2\/users\/6382"}],"replies":[{"embeddable":true,"href":"https:\/\/blogsaverroes.juntadeandalucia.es\/ceipptiernogalvangr\/wp-json\/wp\/v2\/comments?post=2673"}],"version-history":[{"count":1,"href":"https:\/\/blogsaverroes.juntadeandalucia.es\/ceipptiernogalvangr\/wp-json\/wp\/v2\/posts\/2673\/revisions"}],"predecessor-version":[{"id":2674,"href":"https:\/\/blogsaverroes.juntadeandalucia.es\/ceipptiernogalvangr\/wp-json\/wp\/v2\/posts\/2673\/revisions\/2674"}],"wp:attachment":[{"href":"https:\/\/blogsaverroes.juntadeandalucia.es\/ceipptiernogalvangr\/wp-json\/wp\/v2\/media?parent=2673"}],"wp:term":[{"taxonomy":"category","embeddable":true,"href":"https:\/\/blogsaverroes.juntadeandalucia.es\/ceipptiernogalvangr\/wp-json\/wp\/v2\/categories?post=2673"},{"taxonomy":"post_tag","embeddable":true,"href":"https:\/\/blogsaverroes.juntadeandalucia.es\/ceipptiernogalvangr\/wp-json\/wp\/v2\/tags?post=2673"}],"curies":[{"name":"wp","href":"https:\/\/api.w.org\/{rel}","templated":true}]}}