{"id":3164,"date":"2021-08-23T12:22:35","date_gmt":"2021-08-23T10:22:35","guid":{"rendered":"https:\/\/blogsaverroes.juntadeandalucia.es\/ceippuertadealcala\/?p=3164"},"modified":"2022-02-02T13:15:21","modified_gmt":"2022-02-02T12:15:21","slug":"3164-2","status":"publish","type":"post","link":"https:\/\/blogsaverroes.juntadeandalucia.es\/ceippuertadealcala\/3164-2\/","title":{"rendered":"PROTOCOLO COVID-19"},"content":{"rendered":"<p><a href=\"https:\/\/blogsaverroes.juntadeandalucia.es\/ceippuertadealcala\/files\/2021\/08\/Logo-protocolo-COVID-768x492-1.jpeg\"><img fetchpriority=\"high\" decoding=\"async\" class=\"aligncenter size-full wp-image-3168\" src=\"https:\/\/blogsaverroes.juntadeandalucia.es\/ceippuertadealcala\/files\/2021\/08\/Logo-protocolo-COVID-768x492-1.jpeg\" alt=\"\" width=\"768\" height=\"492\" srcset=\"https:\/\/blogsaverroes.juntadeandalucia.es\/ceippuertadealcala\/files\/2021\/08\/Logo-protocolo-COVID-768x492-1.jpeg 768w, https:\/\/blogsaverroes.juntadeandalucia.es\/ceippuertadealcala\/files\/2021\/08\/Logo-protocolo-COVID-768x492-1-300x192.jpeg 300w\" sizes=\"(max-width: 767px) 89vw, (max-width: 1000px) 54vw, (max-width: 1071px) 543px, 580px\" \/><\/a><\/p>\n<p>Estimadas familias.<\/p>\n<p>Esperamos que hay\u00e1is pasado un gran verano y que hay\u00e1is descansado y recargado las pilas.<\/p>\n<p>Ya sab\u00e9is que la vuelta al cole est\u00e1 a la vuelta de la esquina, as\u00ed que queremos compartir con vosotros el Protocolo de actuaci\u00f3n Covid-19 para este nuevo curso. Para verlo, s\u00f3lo ten\u00e9is que hacer clic en el enlace de color rojo.<\/p>\n<p>Nos vemos pronto.<\/p>\n<p>Un saludo a tod@s.<\/p>\n<p><span style=\"color: #ff0000\"><a style=\"color: #ff0000\" href=\"https:\/\/blogsaverroes.juntadeandalucia.es\/ceippuertadealcala\/files\/2021\/08\/PROTOCOLO-ACTUACI\u00d3N-COVID-19.pdf\">PROTOCOLO ACTUACI\u00d3N COVID-19<\/a><\/span><\/p>\n","protected":false},"excerpt":{"rendered":"<p>Estimadas familias. Esperamos que hay\u00e1is pasado un gran verano y que hay\u00e1is descansado y recargado las pilas. Ya sab\u00e9is que la vuelta al cole est\u00e1 a la vuelta de la esquina, as\u00ed que queremos compartir con vosotros el Protocolo de actuaci\u00f3n Covid-19 para este nuevo curso. Para verlo, s\u00f3lo ten\u00e9is que hacer clic en el &hellip; <\/p>\n<p class=\"link-more\"><a href=\"https:\/\/blogsaverroes.juntadeandalucia.es\/ceippuertadealcala\/3164-2\/\" class=\"more-link\">Continuar leyendo<span class=\"screen-reader-text\"> \u00abPROTOCOLO COVID-19\u00bb<\/span><\/a><\/p>\n","protected":false},"author":10628,"featured_media":0,"comment_status":"open","ping_status":"open","sticky":false,"template":"","format":"standard","meta":{"ngg_post_thumbnail":0,"footnotes":""},"categories":[1338830],"tags":[2351761],"aioseo_notices":[],"_links":{"self":[{"href":"https:\/\/blogsaverroes.juntadeandalucia.es\/ceippuertadealcala\/wp-json\/wp\/v2\/posts\/3164"}],"collection":[{"href":"https:\/\/blogsaverroes.juntadeandalucia.es\/ceippuertadealcala\/wp-json\/wp\/v2\/posts"}],"about":[{"href":"https:\/\/blogsaverroes.juntadeandalucia.es\/ceippuertadealcala\/wp-json\/wp\/v2\/types\/post"}],"author":[{"embeddable":true,"href":"https:\/\/blogsaverroes.juntadeandalucia.es\/ceippuertadealcala\/wp-json\/wp\/v2\/users\/10628"}],"replies":[{"embeddable":true,"href":"https:\/\/blogsaverroes.juntadeandalucia.es\/ceippuertadealcala\/wp-json\/wp\/v2\/comments?post=3164"}],"version-history":[{"count":10,"href":"https:\/\/blogsaverroes.juntadeandalucia.es\/ceippuertadealcala\/wp-json\/wp\/v2\/posts\/3164\/revisions"}],"predecessor-version":[{"id":3508,"href":"https:\/\/blogsaverroes.juntadeandalucia.es\/ceippuertadealcala\/wp-json\/wp\/v2\/posts\/3164\/revisions\/3508"}],"wp:attachment":[{"href":"https:\/\/blogsaverroes.juntadeandalucia.es\/ceippuertadealcala\/wp-json\/wp\/v2\/media?parent=3164"}],"wp:term":[{"taxonomy":"category","embeddable":true,"href":"https:\/\/blogsaverroes.juntadeandalucia.es\/ceippuertadealcala\/wp-json\/wp\/v2\/categories?post=3164"},{"taxonomy":"post_tag","embeddable":true,"href":"https:\/\/blogsaverroes.juntadeandalucia.es\/ceippuertadealcala\/wp-json\/wp\/v2\/tags?post=3164"}],"curies":[{"name":"wp","href":"https:\/\/api.w.org\/{rel}","templated":true}]}}