{"id":3723,"date":"2022-05-26T20:25:56","date_gmt":"2022-05-26T18:25:56","guid":{"rendered":"https:\/\/blogsaverroes.juntadeandalucia.es\/ceippuertadealcala\/?p=3723"},"modified":"2022-05-26T20:25:56","modified_gmt":"2022-05-26T18:25:56","slug":"camino-a-ucrania","status":"publish","type":"post","link":"https:\/\/blogsaverroes.juntadeandalucia.es\/ceippuertadealcala\/camino-a-ucrania\/","title":{"rendered":"CAMINO A UCRANIA"},"content":{"rendered":"<p>Con nuestra \u00abCarrera solidaria\u00bb y nuestra operaci\u00f3n kilo particular, hemos recogido alimentos que ya van camino a Ucrania. Desde nuestro centro, y en nombre del pueblo ucraniano, muchas gracias a todas las familias del centro que han participado en esta campa\u00f1a. Seguro que nuestro peque\u00f1o granito de arena ser\u00e1 una gran ayuda all\u00ed donde vaya.<\/p>\n<p><a href=\"https:\/\/blogsaverroes.juntadeandalucia.es\/ceippuertadealcala\/files\/2022\/05\/WhatsApp-Image-2022-05-26-at-7.36.47-PM.jpeg\"><img fetchpriority=\"high\" decoding=\"async\" class=\"aligncenter size-full wp-image-3724\" src=\"https:\/\/blogsaverroes.juntadeandalucia.es\/ceippuertadealcala\/files\/2022\/05\/WhatsApp-Image-2022-05-26-at-7.36.47-PM.jpeg\" alt=\"\" width=\"1984\" height=\"1488\" srcset=\"https:\/\/blogsaverroes.juntadeandalucia.es\/ceippuertadealcala\/files\/2022\/05\/WhatsApp-Image-2022-05-26-at-7.36.47-PM.jpeg 1984w, https:\/\/blogsaverroes.juntadeandalucia.es\/ceippuertadealcala\/files\/2022\/05\/WhatsApp-Image-2022-05-26-at-7.36.47-PM-300x225.jpeg 300w, https:\/\/blogsaverroes.juntadeandalucia.es\/ceippuertadealcala\/files\/2022\/05\/WhatsApp-Image-2022-05-26-at-7.36.47-PM-1024x768.jpeg 1024w, https:\/\/blogsaverroes.juntadeandalucia.es\/ceippuertadealcala\/files\/2022\/05\/WhatsApp-Image-2022-05-26-at-7.36.47-PM-768x576.jpeg 768w, https:\/\/blogsaverroes.juntadeandalucia.es\/ceippuertadealcala\/files\/2022\/05\/WhatsApp-Image-2022-05-26-at-7.36.47-PM-1536x1152.jpeg 1536w\" sizes=\"(max-width: 767px) 89vw, (max-width: 1000px) 54vw, (max-width: 1071px) 543px, 580px\" \/><\/a><\/p>\n","protected":false},"excerpt":{"rendered":"<p>Con nuestra \u00abCarrera solidaria\u00bb y nuestra operaci\u00f3n kilo particular, hemos recogido alimentos que ya van camino a Ucrania. Desde nuestro centro, y en nombre del pueblo ucraniano, muchas gracias a todas las familias del centro que han participado en esta campa\u00f1a. Seguro que nuestro peque\u00f1o granito de arena ser\u00e1 una gran ayuda all\u00ed donde vaya.<\/p>\n","protected":false},"author":10628,"featured_media":0,"comment_status":"open","ping_status":"open","sticky":false,"template":"","format":"standard","meta":{"ngg_post_thumbnail":0,"footnotes":""},"categories":[2351757],"tags":[2351769],"aioseo_notices":[],"_links":{"self":[{"href":"https:\/\/blogsaverroes.juntadeandalucia.es\/ceippuertadealcala\/wp-json\/wp\/v2\/posts\/3723"}],"collection":[{"href":"https:\/\/blogsaverroes.juntadeandalucia.es\/ceippuertadealcala\/wp-json\/wp\/v2\/posts"}],"about":[{"href":"https:\/\/blogsaverroes.juntadeandalucia.es\/ceippuertadealcala\/wp-json\/wp\/v2\/types\/post"}],"author":[{"embeddable":true,"href":"https:\/\/blogsaverroes.juntadeandalucia.es\/ceippuertadealcala\/wp-json\/wp\/v2\/users\/10628"}],"replies":[{"embeddable":true,"href":"https:\/\/blogsaverroes.juntadeandalucia.es\/ceippuertadealcala\/wp-json\/wp\/v2\/comments?post=3723"}],"version-history":[{"count":3,"href":"https:\/\/blogsaverroes.juntadeandalucia.es\/ceippuertadealcala\/wp-json\/wp\/v2\/posts\/3723\/revisions"}],"predecessor-version":[{"id":3727,"href":"https:\/\/blogsaverroes.juntadeandalucia.es\/ceippuertadealcala\/wp-json\/wp\/v2\/posts\/3723\/revisions\/3727"}],"wp:attachment":[{"href":"https:\/\/blogsaverroes.juntadeandalucia.es\/ceippuertadealcala\/wp-json\/wp\/v2\/media?parent=3723"}],"wp:term":[{"taxonomy":"category","embeddable":true,"href":"https:\/\/blogsaverroes.juntadeandalucia.es\/ceippuertadealcala\/wp-json\/wp\/v2\/categories?post=3723"},{"taxonomy":"post_tag","embeddable":true,"href":"https:\/\/blogsaverroes.juntadeandalucia.es\/ceippuertadealcala\/wp-json\/wp\/v2\/tags?post=3723"}],"curies":[{"name":"wp","href":"https:\/\/api.w.org\/{rel}","templated":true}]}}