{"id":3859,"date":"2022-10-06T17:44:02","date_gmt":"2022-10-06T15:44:02","guid":{"rendered":"https:\/\/blogsaverroes.juntadeandalucia.es\/ceippuertadealcala\/?p=3859"},"modified":"2022-10-06T17:44:02","modified_gmt":"2022-10-06T15:44:02","slug":"elecciones-al-consejo-escolar","status":"publish","type":"post","link":"https:\/\/blogsaverroes.juntadeandalucia.es\/ceippuertadealcala\/elecciones-al-consejo-escolar\/","title":{"rendered":"ELECCIONES AL CONSEJO ESCOLAR"},"content":{"rendered":"<p>Estimadas familias. Os comunicamos que, durante este curso, habr\u00e1 elecciones al Consejo Escolar. Este organismo es uno de los m\u00e1s importantes en relaci\u00f3n a la organizaci\u00f3n y funcionamiento de nuestro centro y que vosotros, como padres\/madres, form\u00e9is parte de \u00e9l, es fundamental. Es por ello que os aconsejamos que os anim\u00e9is y present\u00e9is vuestra candidatura. \u00a1Animo! Que nuestro cole marche bien es cosa de todos.<\/p>\n<p><a href=\"https:\/\/blogsaverroes.juntadeandalucia.es\/ceippuertadealcala\/files\/2022\/10\/ELECCIONES-CONSEJO-ESCOLAR.jpg\"><img fetchpriority=\"high\" decoding=\"async\" class=\"aligncenter size-full wp-image-3860\" src=\"https:\/\/blogsaverroes.juntadeandalucia.es\/ceippuertadealcala\/files\/2022\/10\/ELECCIONES-CONSEJO-ESCOLAR.jpg\" alt=\"\" width=\"1091\" height=\"619\" srcset=\"https:\/\/blogsaverroes.juntadeandalucia.es\/ceippuertadealcala\/files\/2022\/10\/ELECCIONES-CONSEJO-ESCOLAR.jpg 1091w, https:\/\/blogsaverroes.juntadeandalucia.es\/ceippuertadealcala\/files\/2022\/10\/ELECCIONES-CONSEJO-ESCOLAR-300x170.jpg 300w, https:\/\/blogsaverroes.juntadeandalucia.es\/ceippuertadealcala\/files\/2022\/10\/ELECCIONES-CONSEJO-ESCOLAR-1024x581.jpg 1024w, https:\/\/blogsaverroes.juntadeandalucia.es\/ceippuertadealcala\/files\/2022\/10\/ELECCIONES-CONSEJO-ESCOLAR-768x436.jpg 768w\" sizes=\"(max-width: 767px) 89vw, (max-width: 1000px) 54vw, (max-width: 1071px) 543px, 580px\" \/><\/a><\/p>\n","protected":false},"excerpt":{"rendered":"<p>Estimadas familias. Os comunicamos que, durante este curso, habr\u00e1 elecciones al Consejo Escolar. Este organismo es uno de los m\u00e1s importantes en relaci\u00f3n a la organizaci\u00f3n y funcionamiento de nuestro centro y que vosotros, como padres\/madres, form\u00e9is parte de \u00e9l, es fundamental. Es por ello que os aconsejamos que os anim\u00e9is y present\u00e9is vuestra candidatura. &hellip; <\/p>\n<p class=\"link-more\"><a href=\"https:\/\/blogsaverroes.juntadeandalucia.es\/ceippuertadealcala\/elecciones-al-consejo-escolar\/\" class=\"more-link\">Continuar leyendo<span class=\"screen-reader-text\"> \u00abELECCIONES AL CONSEJO ESCOLAR\u00bb<\/span><\/a><\/p>\n","protected":false},"author":10628,"featured_media":0,"comment_status":"open","ping_status":"open","sticky":false,"template":"","format":"standard","meta":{"ngg_post_thumbnail":0,"footnotes":""},"categories":[2351757],"tags":[2351755],"aioseo_notices":[],"_links":{"self":[{"href":"https:\/\/blogsaverroes.juntadeandalucia.es\/ceippuertadealcala\/wp-json\/wp\/v2\/posts\/3859"}],"collection":[{"href":"https:\/\/blogsaverroes.juntadeandalucia.es\/ceippuertadealcala\/wp-json\/wp\/v2\/posts"}],"about":[{"href":"https:\/\/blogsaverroes.juntadeandalucia.es\/ceippuertadealcala\/wp-json\/wp\/v2\/types\/post"}],"author":[{"embeddable":true,"href":"https:\/\/blogsaverroes.juntadeandalucia.es\/ceippuertadealcala\/wp-json\/wp\/v2\/users\/10628"}],"replies":[{"embeddable":true,"href":"https:\/\/blogsaverroes.juntadeandalucia.es\/ceippuertadealcala\/wp-json\/wp\/v2\/comments?post=3859"}],"version-history":[{"count":2,"href":"https:\/\/blogsaverroes.juntadeandalucia.es\/ceippuertadealcala\/wp-json\/wp\/v2\/posts\/3859\/revisions"}],"predecessor-version":[{"id":3862,"href":"https:\/\/blogsaverroes.juntadeandalucia.es\/ceippuertadealcala\/wp-json\/wp\/v2\/posts\/3859\/revisions\/3862"}],"wp:attachment":[{"href":"https:\/\/blogsaverroes.juntadeandalucia.es\/ceippuertadealcala\/wp-json\/wp\/v2\/media?parent=3859"}],"wp:term":[{"taxonomy":"category","embeddable":true,"href":"https:\/\/blogsaverroes.juntadeandalucia.es\/ceippuertadealcala\/wp-json\/wp\/v2\/categories?post=3859"},{"taxonomy":"post_tag","embeddable":true,"href":"https:\/\/blogsaverroes.juntadeandalucia.es\/ceippuertadealcala\/wp-json\/wp\/v2\/tags?post=3859"}],"curies":[{"name":"wp","href":"https:\/\/api.w.org\/{rel}","templated":true}]}}