{"id":4016,"date":"2023-05-16T16:03:26","date_gmt":"2023-05-16T14:03:26","guid":{"rendered":"https:\/\/blogsaverroes.juntadeandalucia.es\/ceippuertadealcala\/?p=4016"},"modified":"2023-05-16T16:06:25","modified_gmt":"2023-05-16T14:06:25","slug":"lista-de-admitidos","status":"publish","type":"post","link":"https:\/\/blogsaverroes.juntadeandalucia.es\/ceippuertadealcala\/lista-de-admitidos\/","title":{"rendered":"LISTA DE ADMITIDOS"},"content":{"rendered":"<p>Estimadas familias:<\/p>\n<p>Ya han sido publicadas las listas de admitidos y no admitidos en el centro. Aquellos que quieran conocer el estado de su solicitud, pueden verlo en las listas disponibles en la Secretar\u00eda del Centro o a trav\u00e9s de la Secretar\u00eda Virtual haciendo clic en el siguiente enlace:<\/p>\n<p><a href=\"https:\/\/www.juntadeandalucia.es\/educacion\/secretariavirtual\/accesoConsultas\/1476\/\">https:\/\/www.juntadeandalucia.es\/educacion\/secretariavirtual\/accesoConsultas\/1476\/<\/a><\/p>\n<p>&nbsp;<\/p>\n<p>&nbsp;<\/p>\n","protected":false},"excerpt":{"rendered":"<p>Estimadas familias: Ya han sido publicadas las listas de admitidos y no admitidos en el centro. Aquellos que quieran conocer el estado de su solicitud, pueden verlo en las listas disponibles en la Secretar\u00eda del Centro o a trav\u00e9s de la Secretar\u00eda Virtual haciendo clic en el siguiente enlace: https:\/\/www.juntadeandalucia.es\/educacion\/secretariavirtual\/accesoConsultas\/1476\/ &nbsp; &nbsp;<\/p>\n","protected":false},"author":10628,"featured_media":0,"comment_status":"open","ping_status":"open","sticky":false,"template":"","format":"standard","meta":{"ngg_post_thumbnail":0,"footnotes":""},"categories":[1000142],"tags":[2351780],"aioseo_notices":[],"_links":{"self":[{"href":"https:\/\/blogsaverroes.juntadeandalucia.es\/ceippuertadealcala\/wp-json\/wp\/v2\/posts\/4016"}],"collection":[{"href":"https:\/\/blogsaverroes.juntadeandalucia.es\/ceippuertadealcala\/wp-json\/wp\/v2\/posts"}],"about":[{"href":"https:\/\/blogsaverroes.juntadeandalucia.es\/ceippuertadealcala\/wp-json\/wp\/v2\/types\/post"}],"author":[{"embeddable":true,"href":"https:\/\/blogsaverroes.juntadeandalucia.es\/ceippuertadealcala\/wp-json\/wp\/v2\/users\/10628"}],"replies":[{"embeddable":true,"href":"https:\/\/blogsaverroes.juntadeandalucia.es\/ceippuertadealcala\/wp-json\/wp\/v2\/comments?post=4016"}],"version-history":[{"count":3,"href":"https:\/\/blogsaverroes.juntadeandalucia.es\/ceippuertadealcala\/wp-json\/wp\/v2\/posts\/4016\/revisions"}],"predecessor-version":[{"id":4019,"href":"https:\/\/blogsaverroes.juntadeandalucia.es\/ceippuertadealcala\/wp-json\/wp\/v2\/posts\/4016\/revisions\/4019"}],"wp:attachment":[{"href":"https:\/\/blogsaverroes.juntadeandalucia.es\/ceippuertadealcala\/wp-json\/wp\/v2\/media?parent=4016"}],"wp:term":[{"taxonomy":"category","embeddable":true,"href":"https:\/\/blogsaverroes.juntadeandalucia.es\/ceippuertadealcala\/wp-json\/wp\/v2\/categories?post=4016"},{"taxonomy":"post_tag","embeddable":true,"href":"https:\/\/blogsaverroes.juntadeandalucia.es\/ceippuertadealcala\/wp-json\/wp\/v2\/tags?post=4016"}],"curies":[{"name":"wp","href":"https:\/\/api.w.org\/{rel}","templated":true}]}}