{"id":4073,"date":"2023-06-23T11:26:09","date_gmt":"2023-06-23T09:26:09","guid":{"rendered":"https:\/\/blogsaverroes.juntadeandalucia.es\/ceippuertadealcala\/?p=4073"},"modified":"2023-06-23T11:26:09","modified_gmt":"2023-06-23T09:26:09","slug":"abracadabra","status":"publish","type":"post","link":"https:\/\/blogsaverroes.juntadeandalucia.es\/ceippuertadealcala\/abracadabra\/","title":{"rendered":"ABRACADABRA"},"content":{"rendered":"<p>Este Martes, nuestro colegio se llen\u00f3 de magia y de ilusi\u00f3n. El mago Est\u00edn y Serpentina nos hicieron pasar un momento m\u00e1gico y nos ense\u00f1aron que la magia existe de verdad.<\/p>\n<div style=\"width: 368px;\" class=\"wp-video\"><!--[if lt IE 9]><script>document.createElement('video');<\/script><![endif]-->\n<video class=\"wp-video-shortcode\" id=\"video-4073-1\" width=\"368\" height=\"656\" preload=\"metadata\" controls=\"controls\"><source type=\"video\/mp4\" src=\"https:\/\/blogsaverroes.juntadeandalucia.es\/ceippuertadealcala\/files\/2023\/06\/Levitando.mp4?_=1\" \/><a href=\"https:\/\/blogsaverroes.juntadeandalucia.es\/ceippuertadealcala\/files\/2023\/06\/Levitando.mp4\">https:\/\/blogsaverroes.juntadeandalucia.es\/ceippuertadealcala\/files\/2023\/06\/Levitando.mp4<\/a><\/video><\/div>\n<div style=\"width: 368px;\" class=\"wp-video\"><video class=\"wp-video-shortcode\" id=\"video-4073-2\" width=\"368\" height=\"656\" preload=\"metadata\" controls=\"controls\"><source type=\"video\/mp4\" src=\"https:\/\/blogsaverroes.juntadeandalucia.es\/ceippuertadealcala\/files\/2023\/06\/El-conejo-m\u00e1gico.mp4?_=2\" \/><a href=\"https:\/\/blogsaverroes.juntadeandalucia.es\/ceippuertadealcala\/files\/2023\/06\/El-conejo-m\u00e1gico.mp4\">https:\/\/blogsaverroes.juntadeandalucia.es\/ceippuertadealcala\/files\/2023\/06\/El-conejo-m\u00e1gico.mp4<\/a><\/video><\/div>\n<div id='gallery-1' class='gallery galleryid-4073 gallery-columns-3 gallery-size-thumbnail'><figure class='gallery-item'>\n\t\t\t<div class='gallery-icon landscape'>\n\t\t\t\t<a href='https:\/\/blogsaverroes.juntadeandalucia.es\/ceippuertadealcala\/abracadabra\/adivina\/'><img decoding=\"async\" width=\"150\" height=\"150\" src=\"https:\/\/blogsaverroes.juntadeandalucia.es\/ceippuertadealcala\/files\/2023\/06\/Adivina-150x150.jpg\" class=\"attachment-thumbnail size-thumbnail\" alt=\"\" srcset=\"https:\/\/blogsaverroes.juntadeandalucia.es\/ceippuertadealcala\/files\/2023\/06\/Adivina-150x150.jpg 150w, https:\/\/blogsaverroes.juntadeandalucia.es\/ceippuertadealcala\/files\/2023\/06\/Adivina-100x100.jpg 100w\" sizes=\"100vw\" \/><\/a>\n\t\t\t<\/div><\/figure><figure class='gallery-item'>\n\t\t\t<div class='gallery-icon portrait'>\n\t\t\t\t<a href='https:\/\/blogsaverroes.juntadeandalucia.es\/ceippuertadealcala\/abracadabra\/estin-y-serpentina\/'><img decoding=\"async\" width=\"150\" height=\"150\" src=\"https:\/\/blogsaverroes.juntadeandalucia.es\/ceippuertadealcala\/files\/2023\/06\/Est\u00edn-y-Serpentina-150x150.jpg\" class=\"attachment-thumbnail size-thumbnail\" alt=\"\" srcset=\"https:\/\/blogsaverroes.juntadeandalucia.es\/ceippuertadealcala\/files\/2023\/06\/Est\u00edn-y-Serpentina-150x150.jpg 150w, https:\/\/blogsaverroes.juntadeandalucia.es\/ceippuertadealcala\/files\/2023\/06\/Est\u00edn-y-Serpentina-100x100.jpg 100w\" sizes=\"100vw\" \/><\/a>\n\t\t\t<\/div><\/figure><figure class='gallery-item'>\n\t\t\t<div class='gallery-icon landscape'>\n\t\t\t\t<a href='https:\/\/blogsaverroes.juntadeandalucia.es\/ceippuertadealcala\/abracadabra\/estin\/'><img decoding=\"async\" width=\"150\" height=\"150\" src=\"https:\/\/blogsaverroes.juntadeandalucia.es\/ceippuertadealcala\/files\/2023\/06\/Est\u00edn-150x150.jpg\" class=\"attachment-thumbnail size-thumbnail\" alt=\"\" srcset=\"https:\/\/blogsaverroes.juntadeandalucia.es\/ceippuertadealcala\/files\/2023\/06\/Est\u00edn-150x150.jpg 150w, https:\/\/blogsaverroes.juntadeandalucia.es\/ceippuertadealcala\/files\/2023\/06\/Est\u00edn-100x100.jpg 100w\" sizes=\"100vw\" \/><\/a>\n\t\t\t<\/div><\/figure><figure class='gallery-item'>\n\t\t\t<div class='gallery-icon portrait'>\n\t\t\t\t<a href='https:\/\/blogsaverroes.juntadeandalucia.es\/ceippuertadealcala\/abracadabra\/la-caja-infinita\/'><img loading=\"lazy\" decoding=\"async\" width=\"150\" height=\"150\" src=\"https:\/\/blogsaverroes.juntadeandalucia.es\/ceippuertadealcala\/files\/2023\/06\/La-caja-infinita-150x150.jpg\" class=\"attachment-thumbnail size-thumbnail\" alt=\"\" srcset=\"https:\/\/blogsaverroes.juntadeandalucia.es\/ceippuertadealcala\/files\/2023\/06\/La-caja-infinita-150x150.jpg 150w, https:\/\/blogsaverroes.juntadeandalucia.es\/ceippuertadealcala\/files\/2023\/06\/La-caja-infinita-100x100.jpg 100w\" sizes=\"100vw\" \/><\/a>\n\t\t\t<\/div><\/figure><figure class='gallery-item'>\n\t\t\t<div class='gallery-icon portrait'>\n\t\t\t\t<a href='https:\/\/blogsaverroes.juntadeandalucia.es\/ceippuertadealcala\/abracadabra\/la-paloma-magica\/'><img loading=\"lazy\" decoding=\"async\" width=\"150\" height=\"150\" src=\"https:\/\/blogsaverroes.juntadeandalucia.es\/ceippuertadealcala\/files\/2023\/06\/La-paloma-m\u00e1gica-150x150.jpg\" class=\"attachment-thumbnail size-thumbnail\" alt=\"\" srcset=\"https:\/\/blogsaverroes.juntadeandalucia.es\/ceippuertadealcala\/files\/2023\/06\/La-paloma-m\u00e1gica-150x150.jpg 150w, https:\/\/blogsaverroes.juntadeandalucia.es\/ceippuertadealcala\/files\/2023\/06\/La-paloma-m\u00e1gica-100x100.jpg 100w\" sizes=\"100vw\" \/><\/a>\n\t\t\t<\/div><\/figure><figure class='gallery-item'>\n\t\t\t<div class='gallery-icon portrait'>\n\t\t\t\t<a href='https:\/\/blogsaverroes.juntadeandalucia.es\/ceippuertadealcala\/abracadabra\/magia\/'><img loading=\"lazy\" decoding=\"async\" width=\"150\" height=\"150\" src=\"https:\/\/blogsaverroes.juntadeandalucia.es\/ceippuertadealcala\/files\/2023\/06\/Magia-150x150.jpg\" class=\"attachment-thumbnail size-thumbnail\" alt=\"\" srcset=\"https:\/\/blogsaverroes.juntadeandalucia.es\/ceippuertadealcala\/files\/2023\/06\/Magia-150x150.jpg 150w, https:\/\/blogsaverroes.juntadeandalucia.es\/ceippuertadealcala\/files\/2023\/06\/Magia-100x100.jpg 100w\" sizes=\"100vw\" \/><\/a>\n\t\t\t<\/div><\/figure><figure class='gallery-item'>\n\t\t\t<div class='gallery-icon landscape'>\n\t\t\t\t<a href='https:\/\/blogsaverroes.juntadeandalucia.es\/ceippuertadealcala\/abracadabra\/mago-pr\/'><img loading=\"lazy\" decoding=\"async\" width=\"150\" height=\"150\" src=\"https:\/\/blogsaverroes.juntadeandalucia.es\/ceippuertadealcala\/files\/2023\/06\/Mago-pr-150x150.jpg\" class=\"attachment-thumbnail size-thumbnail\" alt=\"\" srcset=\"https:\/\/blogsaverroes.juntadeandalucia.es\/ceippuertadealcala\/files\/2023\/06\/Mago-pr-150x150.jpg 150w, https:\/\/blogsaverroes.juntadeandalucia.es\/ceippuertadealcala\/files\/2023\/06\/Mago-pr-100x100.jpg 100w\" sizes=\"100vw\" \/><\/a>\n\t\t\t<\/div><\/figure><figure class='gallery-item'>\n\t\t\t<div class='gallery-icon landscape'>\n\t\t\t\t<a href='https:\/\/blogsaverroes.juntadeandalucia.es\/ceippuertadealcala\/abracadabra\/mago-prim\/'><img loading=\"lazy\" decoding=\"async\" width=\"150\" height=\"150\" src=\"https:\/\/blogsaverroes.juntadeandalucia.es\/ceippuertadealcala\/files\/2023\/06\/Mago-prim-150x150.jpg\" class=\"attachment-thumbnail size-thumbnail\" alt=\"\" srcset=\"https:\/\/blogsaverroes.juntadeandalucia.es\/ceippuertadealcala\/files\/2023\/06\/Mago-prim-150x150.jpg 150w, https:\/\/blogsaverroes.juntadeandalucia.es\/ceippuertadealcala\/files\/2023\/06\/Mago-prim-100x100.jpg 100w\" sizes=\"100vw\" \/><\/a>\n\t\t\t<\/div><\/figure><figure class='gallery-item'>\n\t\t\t<div class='gallery-icon landscape'>\n\t\t\t\t<a href='https:\/\/blogsaverroes.juntadeandalucia.es\/ceippuertadealcala\/abracadabra\/mago-prima\/'><img loading=\"lazy\" decoding=\"async\" width=\"150\" height=\"150\" src=\"https:\/\/blogsaverroes.juntadeandalucia.es\/ceippuertadealcala\/files\/2023\/06\/Mago-prima-150x150.jpg\" class=\"attachment-thumbnail size-thumbnail\" alt=\"\" srcset=\"https:\/\/blogsaverroes.juntadeandalucia.es\/ceippuertadealcala\/files\/2023\/06\/Mago-prima-150x150.jpg 150w, https:\/\/blogsaverroes.juntadeandalucia.es\/ceippuertadealcala\/files\/2023\/06\/Mago-prima-100x100.jpg 100w\" sizes=\"100vw\" \/><\/a>\n\t\t\t<\/div><\/figure><figure class='gallery-item'>\n\t\t\t<div class='gallery-icon landscape'>\n\t\t\t\t<a href='https:\/\/blogsaverroes.juntadeandalucia.es\/ceippuertadealcala\/abracadabra\/mago-primaria\/'><img loading=\"lazy\" decoding=\"async\" width=\"150\" height=\"150\" src=\"https:\/\/blogsaverroes.juntadeandalucia.es\/ceippuertadealcala\/files\/2023\/06\/Mago-primaria-150x150.jpg\" class=\"attachment-thumbnail size-thumbnail\" alt=\"\" srcset=\"https:\/\/blogsaverroes.juntadeandalucia.es\/ceippuertadealcala\/files\/2023\/06\/Mago-primaria-150x150.jpg 150w, https:\/\/blogsaverroes.juntadeandalucia.es\/ceippuertadealcala\/files\/2023\/06\/Mago-primaria-100x100.jpg 100w\" sizes=\"100vw\" \/><\/a>\n\t\t\t<\/div><\/figure><figure class='gallery-item'>\n\t\t\t<div class='gallery-icon landscape'>\n\t\t\t\t<a href='https:\/\/blogsaverroes.juntadeandalucia.es\/ceippuertadealcala\/abracadabra\/mgo\/'><img loading=\"lazy\" decoding=\"async\" width=\"150\" height=\"150\" src=\"https:\/\/blogsaverroes.juntadeandalucia.es\/ceippuertadealcala\/files\/2023\/06\/Mgo-150x150.jpg\" class=\"attachment-thumbnail size-thumbnail\" alt=\"\" srcset=\"https:\/\/blogsaverroes.juntadeandalucia.es\/ceippuertadealcala\/files\/2023\/06\/Mgo-150x150.jpg 150w, https:\/\/blogsaverroes.juntadeandalucia.es\/ceippuertadealcala\/files\/2023\/06\/Mgo-100x100.jpg 100w\" sizes=\"100vw\" \/><\/a>\n\t\t\t<\/div><\/figure>\n\t\t<\/div>\n\n","protected":false},"excerpt":{"rendered":"<p>Este Martes, nuestro colegio se llen\u00f3 de magia y de ilusi\u00f3n. El mago Est\u00edn y Serpentina nos hicieron pasar un momento m\u00e1gico y nos ense\u00f1aron que la magia existe de verdad.<\/p>\n","protected":false},"author":10628,"featured_media":0,"comment_status":"open","ping_status":"open","sticky":false,"template":"","format":"standard","meta":{"ngg_post_thumbnail":0,"footnotes":""},"categories":[784],"tags":[2351766],"aioseo_notices":[],"_links":{"self":[{"href":"https:\/\/blogsaverroes.juntadeandalucia.es\/ceippuertadealcala\/wp-json\/wp\/v2\/posts\/4073"}],"collection":[{"href":"https:\/\/blogsaverroes.juntadeandalucia.es\/ceippuertadealcala\/wp-json\/wp\/v2\/posts"}],"about":[{"href":"https:\/\/blogsaverroes.juntadeandalucia.es\/ceippuertadealcala\/wp-json\/wp\/v2\/types\/post"}],"author":[{"embeddable":true,"href":"https:\/\/blogsaverroes.juntadeandalucia.es\/ceippuertadealcala\/wp-json\/wp\/v2\/users\/10628"}],"replies":[{"embeddable":true,"href":"https:\/\/blogsaverroes.juntadeandalucia.es\/ceippuertadealcala\/wp-json\/wp\/v2\/comments?post=4073"}],"version-history":[{"count":1,"href":"https:\/\/blogsaverroes.juntadeandalucia.es\/ceippuertadealcala\/wp-json\/wp\/v2\/posts\/4073\/revisions"}],"predecessor-version":[{"id":4087,"href":"https:\/\/blogsaverroes.juntadeandalucia.es\/ceippuertadealcala\/wp-json\/wp\/v2\/posts\/4073\/revisions\/4087"}],"wp:attachment":[{"href":"https:\/\/blogsaverroes.juntadeandalucia.es\/ceippuertadealcala\/wp-json\/wp\/v2\/media?parent=4073"}],"wp:term":[{"taxonomy":"category","embeddable":true,"href":"https:\/\/blogsaverroes.juntadeandalucia.es\/ceippuertadealcala\/wp-json\/wp\/v2\/categories?post=4073"},{"taxonomy":"post_tag","embeddable":true,"href":"https:\/\/blogsaverroes.juntadeandalucia.es\/ceippuertadealcala\/wp-json\/wp\/v2\/tags?post=4073"}],"curies":[{"name":"wp","href":"https:\/\/api.w.org\/{rel}","templated":true}]}}