{"id":4098,"date":"2023-09-06T19:46:21","date_gmt":"2023-09-06T17:46:21","guid":{"rendered":"https:\/\/blogsaverroes.juntadeandalucia.es\/ceippuertadealcala\/?p=4098"},"modified":"2023-09-08T10:53:00","modified_gmt":"2023-09-08T08:53:00","slug":"informacion-comedor-escolar","status":"publish","type":"post","link":"https:\/\/blogsaverroes.juntadeandalucia.es\/ceippuertadealcala\/informacion-comedor-escolar\/","title":{"rendered":"INFORMACI\u00d3N COMEDOR ESCOLAR"},"content":{"rendered":"<p>Compartimos con vosotros la informaci\u00f3n que hemos recibido por parte del Grupo Mediterr\u00e1nea de c\u00e1tering, que es la empresa que gestiona nuestro comedor escolar.&nbsp; Para leer la informaci\u00f3n s\u00f3lo ten\u00e9is que pinchar en el enlace.<\/p>\n<p><strong><span style=\"color: #ff6600\"> <a style=\"color: #ff6600\" href=\"https:\/\/blogsaverroes.juntadeandalucia.es\/ceippuertadealcala\/files\/2023\/09\/Carta-presentacion-curso-2023-2024-SEVILLA.pdf\">Carta presentacion curso 2023-2024 SEVILLA<\/a> <\/span><\/strong><\/p>\n<p>&nbsp;<\/p>\n<p><span style=\"color: #3366ff\"><strong><a style=\"color: #3366ff\" href=\"https:\/\/blogsaverroes.juntadeandalucia.es\/ceippuertadealcala\/files\/2023\/09\/REGISTRO-WEB-PADRES-23-24.pdf\">REGISTRO WEB PADRES 23-24<\/a><\/strong><\/span><\/p>\n","protected":false},"excerpt":{"rendered":"<p>Compartimos con vosotros la informaci\u00f3n que hemos recibido por parte del Grupo Mediterr\u00e1nea de c\u00e1tering, que es la empresa que gestiona nuestro comedor escolar.&nbsp; Para leer la informaci\u00f3n s\u00f3lo ten\u00e9is que pinchar en el enlace. Carta presentacion curso 2023-2024 SEVILLA &nbsp; REGISTRO WEB PADRES 23-24<\/p>\n","protected":false},"author":10628,"featured_media":0,"comment_status":"open","ping_status":"open","sticky":false,"template":"","format":"standard","meta":{"ngg_post_thumbnail":0,"footnotes":""},"categories":[25491],"tags":[2351761],"aioseo_notices":[],"_links":{"self":[{"href":"https:\/\/blogsaverroes.juntadeandalucia.es\/ceippuertadealcala\/wp-json\/wp\/v2\/posts\/4098"}],"collection":[{"href":"https:\/\/blogsaverroes.juntadeandalucia.es\/ceippuertadealcala\/wp-json\/wp\/v2\/posts"}],"about":[{"href":"https:\/\/blogsaverroes.juntadeandalucia.es\/ceippuertadealcala\/wp-json\/wp\/v2\/types\/post"}],"author":[{"embeddable":true,"href":"https:\/\/blogsaverroes.juntadeandalucia.es\/ceippuertadealcala\/wp-json\/wp\/v2\/users\/10628"}],"replies":[{"embeddable":true,"href":"https:\/\/blogsaverroes.juntadeandalucia.es\/ceippuertadealcala\/wp-json\/wp\/v2\/comments?post=4098"}],"version-history":[{"count":2,"href":"https:\/\/blogsaverroes.juntadeandalucia.es\/ceippuertadealcala\/wp-json\/wp\/v2\/posts\/4098\/revisions"}],"predecessor-version":[{"id":4102,"href":"https:\/\/blogsaverroes.juntadeandalucia.es\/ceippuertadealcala\/wp-json\/wp\/v2\/posts\/4098\/revisions\/4102"}],"wp:attachment":[{"href":"https:\/\/blogsaverroes.juntadeandalucia.es\/ceippuertadealcala\/wp-json\/wp\/v2\/media?parent=4098"}],"wp:term":[{"taxonomy":"category","embeddable":true,"href":"https:\/\/blogsaverroes.juntadeandalucia.es\/ceippuertadealcala\/wp-json\/wp\/v2\/categories?post=4098"},{"taxonomy":"post_tag","embeddable":true,"href":"https:\/\/blogsaverroes.juntadeandalucia.es\/ceippuertadealcala\/wp-json\/wp\/v2\/tags?post=4098"}],"curies":[{"name":"wp","href":"https:\/\/api.w.org\/{rel}","templated":true}]}}