{"id":4116,"date":"2023-09-27T10:27:34","date_gmt":"2023-09-27T08:27:34","guid":{"rendered":"https:\/\/blogsaverroes.juntadeandalucia.es\/ceippuertadealcala\/?p=4116"},"modified":"2023-09-27T10:27:34","modified_gmt":"2023-09-27T08:27:34","slug":"actividades-extraescolares-3","status":"publish","type":"post","link":"https:\/\/blogsaverroes.juntadeandalucia.es\/ceippuertadealcala\/actividades-extraescolares-3\/","title":{"rendered":"ACTIVIDADES EXTRAESCOLARES"},"content":{"rendered":"<p>Debido a la falta de la firma de los contratos por parte de la Consejer\u00eda de Educaci\u00f3n, las actividades extraescolares (Ingl\u00e9s, patinaje y multideportes), <strong>NO PODR\u00c1N COMENZAR<\/strong> el pr\u00f3ximo lunes 2 de Octubre. Se avisar\u00e1 de su comienzo.&nbsp;<\/p>\n","protected":false},"excerpt":{"rendered":"<p>Debido a la falta de la firma de los contratos por parte de la Consejer\u00eda de Educaci\u00f3n, las actividades extraescolares (Ingl\u00e9s, patinaje y multideportes), NO PODR\u00c1N COMENZAR el pr\u00f3ximo lunes 2 de Octubre. Se avisar\u00e1 de su comienzo.&nbsp;<\/p>\n","protected":false},"author":10628,"featured_media":0,"comment_status":"open","ping_status":"open","sticky":false,"template":"","format":"standard","meta":{"ngg_post_thumbnail":0,"footnotes":""},"categories":[2351757],"tags":[2351772],"aioseo_notices":[],"_links":{"self":[{"href":"https:\/\/blogsaverroes.juntadeandalucia.es\/ceippuertadealcala\/wp-json\/wp\/v2\/posts\/4116"}],"collection":[{"href":"https:\/\/blogsaverroes.juntadeandalucia.es\/ceippuertadealcala\/wp-json\/wp\/v2\/posts"}],"about":[{"href":"https:\/\/blogsaverroes.juntadeandalucia.es\/ceippuertadealcala\/wp-json\/wp\/v2\/types\/post"}],"author":[{"embeddable":true,"href":"https:\/\/blogsaverroes.juntadeandalucia.es\/ceippuertadealcala\/wp-json\/wp\/v2\/users\/10628"}],"replies":[{"embeddable":true,"href":"https:\/\/blogsaverroes.juntadeandalucia.es\/ceippuertadealcala\/wp-json\/wp\/v2\/comments?post=4116"}],"version-history":[{"count":1,"href":"https:\/\/blogsaverroes.juntadeandalucia.es\/ceippuertadealcala\/wp-json\/wp\/v2\/posts\/4116\/revisions"}],"predecessor-version":[{"id":4117,"href":"https:\/\/blogsaverroes.juntadeandalucia.es\/ceippuertadealcala\/wp-json\/wp\/v2\/posts\/4116\/revisions\/4117"}],"wp:attachment":[{"href":"https:\/\/blogsaverroes.juntadeandalucia.es\/ceippuertadealcala\/wp-json\/wp\/v2\/media?parent=4116"}],"wp:term":[{"taxonomy":"category","embeddable":true,"href":"https:\/\/blogsaverroes.juntadeandalucia.es\/ceippuertadealcala\/wp-json\/wp\/v2\/categories?post=4116"},{"taxonomy":"post_tag","embeddable":true,"href":"https:\/\/blogsaverroes.juntadeandalucia.es\/ceippuertadealcala\/wp-json\/wp\/v2\/tags?post=4116"}],"curies":[{"name":"wp","href":"https:\/\/api.w.org\/{rel}","templated":true}]}}