{"id":4133,"date":"2023-10-16T14:15:26","date_gmt":"2023-10-16T12:15:26","guid":{"rendered":"https:\/\/blogsaverroes.juntadeandalucia.es\/ceippuertadealcala\/?p=4133"},"modified":"2023-10-16T14:15:27","modified_gmt":"2023-10-16T12:15:27","slug":"actividades-extraescolares-4","status":"publish","type":"post","link":"https:\/\/blogsaverroes.juntadeandalucia.es\/ceippuertadealcala\/actividades-extraescolares-4\/","title":{"rendered":"ACTIVIDADES EXTRAESCOLARES"},"content":{"rendered":"<p>Para todas aquellas familias que lo solicitaron en su momento, las actividades extraescolares comenzar\u00e1n el pr\u00f3ximo mi\u00e9rcoles 18 de octubre con el siguiente horario:<\/p>\n<p><span style=\"color: #0000ff\"><strong>INGL\u00c9S:<\/strong><\/span> lunes y mi\u00e9rcoles de 16:00 a 17:00<\/p>\n<p><strong><span style=\"color: #339966\">MULTIDEPORTE:<\/span><\/strong> martes y jueves de 16:00 a 17:00<\/p>\n<p><strong><span style=\"color: #ff6600\">PATINAJE:<\/span><\/strong> lunes&nbsp; y mi\u00e9rcoles de 16:00 a 17:00<\/p>\n<p>Ante cualquier duda, pod\u00e9is poneros en contacto con el centro llamando al 955 624 512<\/p>\n","protected":false},"excerpt":{"rendered":"<p>Para todas aquellas familias que lo solicitaron en su momento, las actividades extraescolares comenzar\u00e1n el pr\u00f3ximo mi\u00e9rcoles 18 de octubre con el siguiente horario: INGL\u00c9S: lunes y mi\u00e9rcoles de 16:00 a 17:00 MULTIDEPORTE: martes y jueves de 16:00 a 17:00 PATINAJE: lunes&nbsp; y mi\u00e9rcoles de 16:00 a 17:00 Ante cualquier duda, pod\u00e9is poneros en contacto &hellip; <\/p>\n<p class=\"link-more\"><a href=\"https:\/\/blogsaverroes.juntadeandalucia.es\/ceippuertadealcala\/actividades-extraescolares-4\/\" class=\"more-link\">Continuar leyendo<span class=\"screen-reader-text\"> \u00abACTIVIDADES EXTRAESCOLARES\u00bb<\/span><\/a><\/p>\n","protected":false},"author":10628,"featured_media":0,"comment_status":"open","ping_status":"open","sticky":false,"template":"","format":"standard","meta":{"ngg_post_thumbnail":0,"footnotes":""},"categories":[784],"tags":[2351772],"aioseo_notices":[],"_links":{"self":[{"href":"https:\/\/blogsaverroes.juntadeandalucia.es\/ceippuertadealcala\/wp-json\/wp\/v2\/posts\/4133"}],"collection":[{"href":"https:\/\/blogsaverroes.juntadeandalucia.es\/ceippuertadealcala\/wp-json\/wp\/v2\/posts"}],"about":[{"href":"https:\/\/blogsaverroes.juntadeandalucia.es\/ceippuertadealcala\/wp-json\/wp\/v2\/types\/post"}],"author":[{"embeddable":true,"href":"https:\/\/blogsaverroes.juntadeandalucia.es\/ceippuertadealcala\/wp-json\/wp\/v2\/users\/10628"}],"replies":[{"embeddable":true,"href":"https:\/\/blogsaverroes.juntadeandalucia.es\/ceippuertadealcala\/wp-json\/wp\/v2\/comments?post=4133"}],"version-history":[{"count":1,"href":"https:\/\/blogsaverroes.juntadeandalucia.es\/ceippuertadealcala\/wp-json\/wp\/v2\/posts\/4133\/revisions"}],"predecessor-version":[{"id":4134,"href":"https:\/\/blogsaverroes.juntadeandalucia.es\/ceippuertadealcala\/wp-json\/wp\/v2\/posts\/4133\/revisions\/4134"}],"wp:attachment":[{"href":"https:\/\/blogsaverroes.juntadeandalucia.es\/ceippuertadealcala\/wp-json\/wp\/v2\/media?parent=4133"}],"wp:term":[{"taxonomy":"category","embeddable":true,"href":"https:\/\/blogsaverroes.juntadeandalucia.es\/ceippuertadealcala\/wp-json\/wp\/v2\/categories?post=4133"},{"taxonomy":"post_tag","embeddable":true,"href":"https:\/\/blogsaverroes.juntadeandalucia.es\/ceippuertadealcala\/wp-json\/wp\/v2\/tags?post=4133"}],"curies":[{"name":"wp","href":"https:\/\/api.w.org\/{rel}","templated":true}]}}