{"id":2208,"date":"2015-10-05T19:06:20","date_gmt":"2015-10-05T19:06:20","guid":{"rendered":"http:\/\/blogsaverroes.juntadeandalucia.es\/ceipramoncrossa\/?p=2208"},"modified":"2016-06-10T15:39:22","modified_gmt":"2016-06-10T15:39:22","slug":"programa-andalucia-profundiza","status":"publish","type":"post","link":"https:\/\/blogsaverroes.juntadeandalucia.es\/ceipramoncrossa\/2015\/10\/05\/programa-andalucia-profundiza\/","title":{"rendered":"Programa Andaluc\u00eda Profundiza."},"content":{"rendered":"<p class=\"western\" align=\"justify\"><span style=\"font-size: large\">En nuestro centro educativo se est\u00e1 desarrollando el <\/span><span style=\"font-size: large\"><b>Programa Andaluc\u00eda Profundiza.<\/b><\/span><\/p>\n<p class=\"western\" align=\"justify\"><span style=\"font-size: large\">El programa de profundizaci\u00f3n de conocimientos \u201cAndaluc\u00eda Profundiza\u201d consiste en la realizaci\u00f3n de proyectos de investigaci\u00f3n en los centros educativos en horario extraescolar.<\/span><\/p>\n<p class=\"western\" align=\"justify\"><span style=\"font-size: large\">Estos proyectos se dirigen a la estimulaci\u00f3n del aprendizaje y de la iniciativa en aquellos alumnos y alumnas que se destacan por su inter\u00e9s y motivaci\u00f3n hacia la realizaci\u00f3n de actividades que supongan una profundizaci\u00f3n con respecto al curr\u00edculo ordinario.<\/span><\/p>\n<p class=\"western\" align=\"justify\"><span style=\"font-size: large\">En Andaluc\u00eda Profundiza la clave reside en la investigaci\u00f3n, en el aprendizaje por descubrimiento, en el desarrollo de proyectos de aprendizaje activo por parte del alumnado, potenciando el inter\u00e9s de \u00e9stos por la experimentaci\u00f3n y la investigaci\u00f3n, convirti\u00e9ndolos en agentes activos en la construcci\u00f3n de sus aprendizajes. <\/span><\/p>\n<p class=\"western\" align=\"justify\"><span style=\"font-size: large\">El programa tiene como fin el desarrollo de la capacidad del alumnado para regular su propio aprendizaje, confiar en sus aptitudes y conocimientos, as\u00ed como para desarrollar la creatividad, la iniciativa personal y el esp\u00edritu emprendedor. <\/span><\/p>\n<p class=\"western\" align=\"justify\">\u201c<span style=\"font-size: large\">Andaluc\u00eda Profundiza\u201d se realiza durante los meses de marzo a junio, en ocho sesiones de trabajo, en horario extraescolar. <\/span><\/p>\n<p class=\"western\" align=\"justify\"><span style=\"font-size: large\">En el C.E.I.P. Ram\u00f3n Crossa se realiz\u00e1n dos programas de \u201cAndaluc\u00eda Profundiza\u201d.<\/span><\/p>\n<ul>\n<li>\n<p class=\"western\" align=\"justify\"><a href=\"http:\/\/blogsaverroes.juntadeandalucia.es\/ceipramoncrossa\/2015\/09\/05\/imagina-y-crea\/\"><span style=\"font-size: large\">Programa \u201cIMAGINA Y CREA\u201d.<\/span><\/a><\/p>\n<\/li>\n<\/ul>\n<p class=\"western\" align=\"justify\"><span style=\"font-size: large\">Dirigido a alumnado de 3\u00ba de Primaria. <\/span><\/p>\n<p class=\"western\" align=\"justify\"><span style=\"font-size: large\">Profesora: M\u00aa del Pilar Garc\u00eda Ortega.<\/span><\/p>\n<ul>\n<li>\n<p class=\"western\" align=\"justify\"><span style=\"font-size: large\"><a href=\"http:\/\/blogsaverroes.juntadeandalucia.es\/ceipramoncrossa\/2015\/04\/05\/iniciativa-emprendedora-y-fotografica\/\">Programa \u201cINICIATIVA EMPRENDEDORA Y FOTOGR\u00c1FICA\u201d.<\/a><\/span><\/p>\n<\/li>\n<\/ul>\n<p class=\"western\" align=\"justify\"><span style=\"font-size: large\">Dirigido a alumnado de 6\u00ba de Primaria. <\/span><\/p>\n<p class=\"western\" align=\"justify\"><span style=\"font-size: large\">Profesor: Pedro A\u00f1\u00f3n Carrasco.<\/span><\/p>\n<ul>\n<li class=\"western\">\n<h3><a href=\"http:\/\/profundizacrossa.blogspot.com.es\/?m=1\">Blog Profundiza<\/a><\/h3>\n<\/li>\n<\/ul>\n","protected":false},"excerpt":{"rendered":"<p>En nuestro centro educativo se est\u00e1 desarrollando el Programa Andaluc\u00eda Profundiza. El programa de profundizaci\u00f3n de conocimientos \u201cAndaluc\u00eda Profundiza\u201d consiste en la realizaci\u00f3n de proyectos de investigaci\u00f3n en los centros educativos en horario extraescolar.&#46;&#46;&#46;<\/p>\n","protected":false},"author":1801,"featured_media":0,"comment_status":"open","ping_status":"open","sticky":false,"template":"","format":"standard","meta":{"ngg_post_thumbnail":0,"footnotes":""},"categories":[11909],"tags":[],"aioseo_notices":[],"_links":{"self":[{"href":"https:\/\/blogsaverroes.juntadeandalucia.es\/ceipramoncrossa\/wp-json\/wp\/v2\/posts\/2208"}],"collection":[{"href":"https:\/\/blogsaverroes.juntadeandalucia.es\/ceipramoncrossa\/wp-json\/wp\/v2\/posts"}],"about":[{"href":"https:\/\/blogsaverroes.juntadeandalucia.es\/ceipramoncrossa\/wp-json\/wp\/v2\/types\/post"}],"author":[{"embeddable":true,"href":"https:\/\/blogsaverroes.juntadeandalucia.es\/ceipramoncrossa\/wp-json\/wp\/v2\/users\/1801"}],"replies":[{"embeddable":true,"href":"https:\/\/blogsaverroes.juntadeandalucia.es\/ceipramoncrossa\/wp-json\/wp\/v2\/comments?post=2208"}],"version-history":[{"count":6,"href":"https:\/\/blogsaverroes.juntadeandalucia.es\/ceipramoncrossa\/wp-json\/wp\/v2\/posts\/2208\/revisions"}],"predecessor-version":[{"id":2635,"href":"https:\/\/blogsaverroes.juntadeandalucia.es\/ceipramoncrossa\/wp-json\/wp\/v2\/posts\/2208\/revisions\/2635"}],"wp:attachment":[{"href":"https:\/\/blogsaverroes.juntadeandalucia.es\/ceipramoncrossa\/wp-json\/wp\/v2\/media?parent=2208"}],"wp:term":[{"taxonomy":"category","embeddable":true,"href":"https:\/\/blogsaverroes.juntadeandalucia.es\/ceipramoncrossa\/wp-json\/wp\/v2\/categories?post=2208"},{"taxonomy":"post_tag","embeddable":true,"href":"https:\/\/blogsaverroes.juntadeandalucia.es\/ceipramoncrossa\/wp-json\/wp\/v2\/tags?post=2208"}],"curies":[{"name":"wp","href":"https:\/\/api.w.org\/{rel}","templated":true}]}}