{"id":2335,"date":"2016-04-21T17:35:23","date_gmt":"2016-04-21T17:35:23","guid":{"rendered":"http:\/\/blogsaverroes.juntadeandalucia.es\/ceipramoncrossa\/?p=2335"},"modified":"2016-04-21T17:36:57","modified_gmt":"2016-04-21T17:36:57","slug":"2335","status":"publish","type":"post","link":"https:\/\/blogsaverroes.juntadeandalucia.es\/ceipramoncrossa\/2016\/04\/21\/2335\/","title":{"rendered":"23 de abril D\u00eda del Libro"},"content":{"rendered":"<p>&nbsp;<\/p>\n<p><a href=\"http:\/\/blogsaverroes.juntadeandalucia.es\/ceipramoncrossa\/files\/2016\/04\/dia_del_libro_2012.jpg\"><img loading=\"lazy\" decoding=\"async\" class=\"alignnone size-medium wp-image-2336\" src=\"http:\/\/blogsaverroes.juntadeandalucia.es\/ceipramoncrossa\/files\/2016\/04\/dia_del_libro_2012-300x187.jpg\" alt=\"dia_del_libro_2012\" width=\"300\" height=\"187\" srcset=\"https:\/\/blogsaverroes.juntadeandalucia.es\/ceipramoncrossa\/files\/2016\/04\/dia_del_libro_2012-300x187.jpg 300w, https:\/\/blogsaverroes.juntadeandalucia.es\/ceipramoncrossa\/files\/2016\/04\/dia_del_libro_2012-700x437.jpg 700w, https:\/\/blogsaverroes.juntadeandalucia.es\/ceipramoncrossa\/files\/2016\/04\/dia_del_libro_2012.jpg 962w\" sizes=\"(max-width: 300px) 100vw, 300px\" \/><\/a><\/p>\n<p>La delegaci\u00f3n de Cultura del Ayuntamiento de Ubrique va a llevar a cabo una serie de iniciativas en nuestra localidad con motivo de la celebraci\u00f3n del <strong>D\u00eda del Libro<\/strong>, el pr\u00f3ximo 23 de abril. De esta forma se va a hacer entrega a cada colegio e instituto local de un ejemplar de la segunda edici\u00f3n del libro \u201cEl Habla de Ubrique\u201d, obra del ubrique\u00f1o Bartolom\u00e9 P\u00e9rez S\u00e1nchez de Medina. Del mismo modo, la<strong> Biblioteca P\u00fablica Municipal \u201cBlas Infante\u201d<\/strong> llevar\u00e1 a cabo una serie de sesiones de cuentacuentos desarrolladas por la Asociaci\u00f3n Camenae y que tienen por t\u00edtulo <strong>\u201cLa maleta de los cuentos\u201d<\/strong>. La iniciativa est\u00e1 destinada a grupos de escolares, tanto de Infantil como de Primaria, de los centros educativos ubrique\u00f1os. A trav\u00e9s de esta actividad se pretende fomentar la lectura y la escucha por medio de la narraci\u00f3n, promover h\u00e1bitos de lectura y el inter\u00e9s por los cuentos y poner en valor la imaginaci\u00f3n. Otro de los objetivos es que todos los escolares conozcan las instalaciones de la biblioteca municipal y que tengan la posibilidad de solicitar la tarjeta de usuario de la misma. Esta tarjeta es v\u00e1lida para todas las bibliotecas p\u00fablicas pertenecientes a la Red de Bibliotecas P\u00fablicas de Andaluc\u00eda. Cada centro educativo va a contar con dos sesiones por lo que ser\u00e1n m\u00e1s de 450 alumnos los que pasen por estas dependencias municipales. La programaci\u00f3n se va a prolongar hasta el 18 de mayo. Por \u00faltimo, ma\u00f1ana viernes, a las 17 horas en el centro de la Avenida de Espa\u00f1a tendr\u00e1 lugar una<strong> sesi\u00f3n de cuentacuentos<\/strong>, tambi\u00e9n gracias a la colaboraci\u00f3n de la Asociaci\u00f3n Camenae. A todos los ni\u00f1os que asistan se les entregar\u00e1 un marcap\u00e1ginas conmemorativo del D\u00eda del Libro. La actividad se va a completar con la colocaci\u00f3n de stands de exposici\u00f3n y venta de libros por parte de las librer\u00edas y papeler\u00edas de la localidad.<\/p>\n<p>&nbsp;<\/p>\n","protected":false},"excerpt":{"rendered":"<p>&nbsp; La delegaci\u00f3n de Cultura del Ayuntamiento de Ubrique va a llevar a cabo una serie de iniciativas en nuestra localidad con motivo de la celebraci\u00f3n del D\u00eda del Libro, el pr\u00f3ximo 23 de&#46;&#46;&#46;<\/p>\n","protected":false},"author":1801,"featured_media":2336,"comment_status":"open","ping_status":"open","sticky":false,"template":"","format":"standard","meta":{"ngg_post_thumbnail":0,"footnotes":""},"categories":[32,205264,2376,19,205203],"tags":[],"aioseo_notices":[],"_links":{"self":[{"href":"https:\/\/blogsaverroes.juntadeandalucia.es\/ceipramoncrossa\/wp-json\/wp\/v2\/posts\/2335"}],"collection":[{"href":"https:\/\/blogsaverroes.juntadeandalucia.es\/ceipramoncrossa\/wp-json\/wp\/v2\/posts"}],"about":[{"href":"https:\/\/blogsaverroes.juntadeandalucia.es\/ceipramoncrossa\/wp-json\/wp\/v2\/types\/post"}],"author":[{"embeddable":true,"href":"https:\/\/blogsaverroes.juntadeandalucia.es\/ceipramoncrossa\/wp-json\/wp\/v2\/users\/1801"}],"replies":[{"embeddable":true,"href":"https:\/\/blogsaverroes.juntadeandalucia.es\/ceipramoncrossa\/wp-json\/wp\/v2\/comments?post=2335"}],"version-history":[{"count":2,"href":"https:\/\/blogsaverroes.juntadeandalucia.es\/ceipramoncrossa\/wp-json\/wp\/v2\/posts\/2335\/revisions"}],"predecessor-version":[{"id":2338,"href":"https:\/\/blogsaverroes.juntadeandalucia.es\/ceipramoncrossa\/wp-json\/wp\/v2\/posts\/2335\/revisions\/2338"}],"wp:featuredmedia":[{"embeddable":true,"href":"https:\/\/blogsaverroes.juntadeandalucia.es\/ceipramoncrossa\/wp-json\/wp\/v2\/media\/2336"}],"wp:attachment":[{"href":"https:\/\/blogsaverroes.juntadeandalucia.es\/ceipramoncrossa\/wp-json\/wp\/v2\/media?parent=2335"}],"wp:term":[{"taxonomy":"category","embeddable":true,"href":"https:\/\/blogsaverroes.juntadeandalucia.es\/ceipramoncrossa\/wp-json\/wp\/v2\/categories?post=2335"},{"taxonomy":"post_tag","embeddable":true,"href":"https:\/\/blogsaverroes.juntadeandalucia.es\/ceipramoncrossa\/wp-json\/wp\/v2\/tags?post=2335"}],"curies":[{"name":"wp","href":"https:\/\/api.w.org\/{rel}","templated":true}]}}