{"id":2683,"date":"2016-06-26T16:55:28","date_gmt":"2016-06-26T16:55:28","guid":{"rendered":"http:\/\/blogsaverroes.juntadeandalucia.es\/ceipramoncrossa\/?p=2683"},"modified":"2016-06-26T17:56:34","modified_gmt":"2016-06-26T17:56:34","slug":"reconocimiento-de-la-junta-de-andalucia-a-los-centros-de-ubrique-promotores-de-la-convivencia","status":"publish","type":"post","link":"https:\/\/blogsaverroes.juntadeandalucia.es\/ceipramoncrossa\/2016\/06\/26\/reconocimiento-de-la-junta-de-andalucia-a-los-centros-de-ubrique-promotores-de-la-convivencia\/","title":{"rendered":"Reconocimiento de la Junta de Andaluc\u00eda a los centros de Ubrique promotores de la Convivencia."},"content":{"rendered":"<p>Nuestro centro pertenece junto con el resto de centros educativos de la localidad a la Red andaluza de \u00abEscuela, espacio de paz\u00bb a trav\u00e9s de su proyecto intercentros \u00abUbrique, blanco de paz\u00bb. Independientemente de esta participaci\u00f3n durante \u00a011 a\u00f1os, tambi\u00e9n la Junta de Andaluc\u00eda otorga reconocimientos por nuestra labor en este aspecto y, por quinto a\u00f1o consecutivo se nos vuelve a destacar a todos los centros educativos de \u00a0Ubrique como centros promotores de la Convivencia.<\/p>\n<p>As\u00ed pues, el pasado jueves 23 de junio en el IES San Telmo de Jerez se entregaron estas distinciones.<\/p>\n<p><a href=\"http:\/\/blogsaverroes.juntadeandalucia.es\/ceipramoncrossa\/files\/2016\/06\/IMG-20160626-WA0035.jpg\"><img loading=\"lazy\" decoding=\"async\" class=\"alignnone size-thumbnail wp-image-2684\" src=\"http:\/\/blogsaverroes.juntadeandalucia.es\/ceipramoncrossa\/files\/2016\/06\/IMG-20160626-WA0035-150x150.jpg\" alt=\"IMG-20160626-WA0035\" width=\"150\" height=\"150\" srcset=\"https:\/\/blogsaverroes.juntadeandalucia.es\/ceipramoncrossa\/files\/2016\/06\/IMG-20160626-WA0035-150x150.jpg 150w, https:\/\/blogsaverroes.juntadeandalucia.es\/ceipramoncrossa\/files\/2016\/06\/IMG-20160626-WA0035-100x100.jpg 100w, https:\/\/blogsaverroes.juntadeandalucia.es\/ceipramoncrossa\/files\/2016\/06\/IMG-20160626-WA0035-432x432.jpg 432w, https:\/\/blogsaverroes.juntadeandalucia.es\/ceipramoncrossa\/files\/2016\/06\/IMG-20160626-WA0035-268x268.jpg 268w\" sizes=\"(max-width: 150px) 100vw, 150px\" \/><\/a><\/p>\n<p>&nbsp;<\/p>\n","protected":false},"excerpt":{"rendered":"<p>Nuestro centro pertenece junto con el resto de centros educativos de la localidad a la Red andaluza de \u00abEscuela, espacio de paz\u00bb a trav\u00e9s de su proyecto intercentros \u00abUbrique, blanco de paz\u00bb. Independientemente de&#46;&#46;&#46;<\/p>\n","protected":false},"author":1801,"featured_media":2684,"comment_status":"open","ping_status":"open","sticky":false,"template":"","format":"standard","meta":{"ngg_post_thumbnail":0,"footnotes":""},"categories":[32,205264,2376,261,19,4441,205203],"tags":[],"aioseo_notices":[],"_links":{"self":[{"href":"https:\/\/blogsaverroes.juntadeandalucia.es\/ceipramoncrossa\/wp-json\/wp\/v2\/posts\/2683"}],"collection":[{"href":"https:\/\/blogsaverroes.juntadeandalucia.es\/ceipramoncrossa\/wp-json\/wp\/v2\/posts"}],"about":[{"href":"https:\/\/blogsaverroes.juntadeandalucia.es\/ceipramoncrossa\/wp-json\/wp\/v2\/types\/post"}],"author":[{"embeddable":true,"href":"https:\/\/blogsaverroes.juntadeandalucia.es\/ceipramoncrossa\/wp-json\/wp\/v2\/users\/1801"}],"replies":[{"embeddable":true,"href":"https:\/\/blogsaverroes.juntadeandalucia.es\/ceipramoncrossa\/wp-json\/wp\/v2\/comments?post=2683"}],"version-history":[{"count":1,"href":"https:\/\/blogsaverroes.juntadeandalucia.es\/ceipramoncrossa\/wp-json\/wp\/v2\/posts\/2683\/revisions"}],"predecessor-version":[{"id":2685,"href":"https:\/\/blogsaverroes.juntadeandalucia.es\/ceipramoncrossa\/wp-json\/wp\/v2\/posts\/2683\/revisions\/2685"}],"wp:featuredmedia":[{"embeddable":true,"href":"https:\/\/blogsaverroes.juntadeandalucia.es\/ceipramoncrossa\/wp-json\/wp\/v2\/media\/2684"}],"wp:attachment":[{"href":"https:\/\/blogsaverroes.juntadeandalucia.es\/ceipramoncrossa\/wp-json\/wp\/v2\/media?parent=2683"}],"wp:term":[{"taxonomy":"category","embeddable":true,"href":"https:\/\/blogsaverroes.juntadeandalucia.es\/ceipramoncrossa\/wp-json\/wp\/v2\/categories?post=2683"},{"taxonomy":"post_tag","embeddable":true,"href":"https:\/\/blogsaverroes.juntadeandalucia.es\/ceipramoncrossa\/wp-json\/wp\/v2\/tags?post=2683"}],"curies":[{"name":"wp","href":"https:\/\/api.w.org\/{rel}","templated":true}]}}