{"id":2888,"date":"2017-03-03T10:13:26","date_gmt":"2017-03-03T10:13:26","guid":{"rendered":"http:\/\/blogsaverroes.juntadeandalucia.es\/ceipramoncrossa\/?p=2888"},"modified":"2017-03-03T10:14:05","modified_gmt":"2017-03-03T10:14:05","slug":"carnaval-curso-2016-2017","status":"publish","type":"post","link":"https:\/\/blogsaverroes.juntadeandalucia.es\/ceipramoncrossa\/2017\/03\/03\/carnaval-curso-2016-2017\/","title":{"rendered":"CARNAVAL. CURSO 2016 \/ 2017"},"content":{"rendered":"<p>El jueves 2 de marzo se celebr\u00f3 en nuestro Centro la fiesta de Carnaval.<\/p>\n<p>El alumnado y el profesorado vistieron sus mejores sonrisas y disfraces para disfrutar en el desfile que se viene celebrando en nuestro Centro desde hace varios a\u00f1os.<\/p>\n<p>Dentro del colegio el alumnado acompa\u00f1ado de su profesorado tutor realiz\u00f3 un peque\u00f1o pasacalles por el patio.<\/p>\n<p>Para terminar con la actividad todos disfrutamos al ritmo de la m\u00fasica.<\/p>\n<p><a href=\"http:\/\/blogsaverroes.juntadeandalucia.es\/ceipramoncrossa\/files\/2017\/03\/20170302_121506_resized.jpg\"><img loading=\"lazy\" decoding=\"async\" class=\"alignnone size-thumbnail wp-image-2889\" src=\"http:\/\/blogsaverroes.juntadeandalucia.es\/ceipramoncrossa\/files\/2017\/03\/20170302_121506_resized-150x150.jpg\" alt=\"\" width=\"150\" height=\"150\" srcset=\"https:\/\/blogsaverroes.juntadeandalucia.es\/ceipramoncrossa\/files\/2017\/03\/20170302_121506_resized-150x150.jpg 150w, https:\/\/blogsaverroes.juntadeandalucia.es\/ceipramoncrossa\/files\/2017\/03\/20170302_121506_resized-100x100.jpg 100w, https:\/\/blogsaverroes.juntadeandalucia.es\/ceipramoncrossa\/files\/2017\/03\/20170302_121506_resized-432x432.jpg 432w, https:\/\/blogsaverroes.juntadeandalucia.es\/ceipramoncrossa\/files\/2017\/03\/20170302_121506_resized-268x268.jpg 268w\" sizes=\"(max-width: 150px) 100vw, 150px\" \/><\/a> <a href=\"http:\/\/blogsaverroes.juntadeandalucia.es\/ceipramoncrossa\/files\/2017\/03\/20170302_122916_resized.jpg\"><img loading=\"lazy\" decoding=\"async\" class=\"alignnone size-thumbnail wp-image-2890\" src=\"http:\/\/blogsaverroes.juntadeandalucia.es\/ceipramoncrossa\/files\/2017\/03\/20170302_122916_resized-150x150.jpg\" alt=\"\" width=\"150\" height=\"150\" srcset=\"https:\/\/blogsaverroes.juntadeandalucia.es\/ceipramoncrossa\/files\/2017\/03\/20170302_122916_resized-150x150.jpg 150w, https:\/\/blogsaverroes.juntadeandalucia.es\/ceipramoncrossa\/files\/2017\/03\/20170302_122916_resized-100x100.jpg 100w, https:\/\/blogsaverroes.juntadeandalucia.es\/ceipramoncrossa\/files\/2017\/03\/20170302_122916_resized-432x432.jpg 432w, https:\/\/blogsaverroes.juntadeandalucia.es\/ceipramoncrossa\/files\/2017\/03\/20170302_122916_resized-268x268.jpg 268w\" sizes=\"(max-width: 150px) 100vw, 150px\" \/><\/a> <a href=\"http:\/\/blogsaverroes.juntadeandalucia.es\/ceipramoncrossa\/files\/2017\/03\/20170302_123444_resized.jpg\"><img loading=\"lazy\" decoding=\"async\" class=\"alignnone size-thumbnail wp-image-2891\" src=\"http:\/\/blogsaverroes.juntadeandalucia.es\/ceipramoncrossa\/files\/2017\/03\/20170302_123444_resized-150x150.jpg\" alt=\"\" width=\"150\" height=\"150\" srcset=\"https:\/\/blogsaverroes.juntadeandalucia.es\/ceipramoncrossa\/files\/2017\/03\/20170302_123444_resized-150x150.jpg 150w, https:\/\/blogsaverroes.juntadeandalucia.es\/ceipramoncrossa\/files\/2017\/03\/20170302_123444_resized-100x100.jpg 100w, https:\/\/blogsaverroes.juntadeandalucia.es\/ceipramoncrossa\/files\/2017\/03\/20170302_123444_resized-432x432.jpg 432w, https:\/\/blogsaverroes.juntadeandalucia.es\/ceipramoncrossa\/files\/2017\/03\/20170302_123444_resized-268x268.jpg 268w\" sizes=\"(max-width: 150px) 100vw, 150px\" \/><\/a> <a href=\"http:\/\/blogsaverroes.juntadeandalucia.es\/ceipramoncrossa\/files\/2017\/03\/20170302_124003_resized.jpg\"><img loading=\"lazy\" decoding=\"async\" class=\"alignnone size-thumbnail wp-image-2892\" src=\"http:\/\/blogsaverroes.juntadeandalucia.es\/ceipramoncrossa\/files\/2017\/03\/20170302_124003_resized-150x150.jpg\" alt=\"\" width=\"150\" height=\"150\" srcset=\"https:\/\/blogsaverroes.juntadeandalucia.es\/ceipramoncrossa\/files\/2017\/03\/20170302_124003_resized-150x150.jpg 150w, https:\/\/blogsaverroes.juntadeandalucia.es\/ceipramoncrossa\/files\/2017\/03\/20170302_124003_resized-100x100.jpg 100w, https:\/\/blogsaverroes.juntadeandalucia.es\/ceipramoncrossa\/files\/2017\/03\/20170302_124003_resized-432x432.jpg 432w, https:\/\/blogsaverroes.juntadeandalucia.es\/ceipramoncrossa\/files\/2017\/03\/20170302_124003_resized-268x268.jpg 268w\" sizes=\"(max-width: 150px) 100vw, 150px\" \/><\/a> <a href=\"http:\/\/blogsaverroes.juntadeandalucia.es\/ceipramoncrossa\/files\/2017\/03\/20170302_124232_resized.jpg\"><img loading=\"lazy\" decoding=\"async\" class=\"alignnone size-thumbnail wp-image-2893\" src=\"http:\/\/blogsaverroes.juntadeandalucia.es\/ceipramoncrossa\/files\/2017\/03\/20170302_124232_resized-150x150.jpg\" alt=\"\" width=\"150\" height=\"150\" srcset=\"https:\/\/blogsaverroes.juntadeandalucia.es\/ceipramoncrossa\/files\/2017\/03\/20170302_124232_resized-150x150.jpg 150w, https:\/\/blogsaverroes.juntadeandalucia.es\/ceipramoncrossa\/files\/2017\/03\/20170302_124232_resized-100x100.jpg 100w, https:\/\/blogsaverroes.juntadeandalucia.es\/ceipramoncrossa\/files\/2017\/03\/20170302_124232_resized-432x432.jpg 432w, https:\/\/blogsaverroes.juntadeandalucia.es\/ceipramoncrossa\/files\/2017\/03\/20170302_124232_resized-268x268.jpg 268w\" sizes=\"(max-width: 150px) 100vw, 150px\" \/><\/a> <a href=\"http:\/\/blogsaverroes.juntadeandalucia.es\/ceipramoncrossa\/files\/2017\/03\/20170302_124442_resized.jpg\"><img loading=\"lazy\" decoding=\"async\" class=\"alignnone size-thumbnail wp-image-2894\" src=\"http:\/\/blogsaverroes.juntadeandalucia.es\/ceipramoncrossa\/files\/2017\/03\/20170302_124442_resized-150x150.jpg\" alt=\"\" width=\"150\" height=\"150\" srcset=\"https:\/\/blogsaverroes.juntadeandalucia.es\/ceipramoncrossa\/files\/2017\/03\/20170302_124442_resized-150x150.jpg 150w, https:\/\/blogsaverroes.juntadeandalucia.es\/ceipramoncrossa\/files\/2017\/03\/20170302_124442_resized-100x100.jpg 100w, https:\/\/blogsaverroes.juntadeandalucia.es\/ceipramoncrossa\/files\/2017\/03\/20170302_124442_resized-432x432.jpg 432w, https:\/\/blogsaverroes.juntadeandalucia.es\/ceipramoncrossa\/files\/2017\/03\/20170302_124442_resized-268x268.jpg 268w\" sizes=\"(max-width: 150px) 100vw, 150px\" \/><\/a> <a href=\"http:\/\/blogsaverroes.juntadeandalucia.es\/ceipramoncrossa\/files\/2017\/03\/20170302_124716_resized.jpg\"><img loading=\"lazy\" decoding=\"async\" class=\"alignnone size-thumbnail wp-image-2895\" src=\"http:\/\/blogsaverroes.juntadeandalucia.es\/ceipramoncrossa\/files\/2017\/03\/20170302_124716_resized-150x150.jpg\" alt=\"\" width=\"150\" height=\"150\" srcset=\"https:\/\/blogsaverroes.juntadeandalucia.es\/ceipramoncrossa\/files\/2017\/03\/20170302_124716_resized-150x150.jpg 150w, https:\/\/blogsaverroes.juntadeandalucia.es\/ceipramoncrossa\/files\/2017\/03\/20170302_124716_resized-100x100.jpg 100w, https:\/\/blogsaverroes.juntadeandalucia.es\/ceipramoncrossa\/files\/2017\/03\/20170302_124716_resized-432x432.jpg 432w, https:\/\/blogsaverroes.juntadeandalucia.es\/ceipramoncrossa\/files\/2017\/03\/20170302_124716_resized-268x268.jpg 268w\" sizes=\"(max-width: 150px) 100vw, 150px\" \/><\/a> <a href=\"http:\/\/blogsaverroes.juntadeandalucia.es\/ceipramoncrossa\/files\/2017\/03\/20170302_124930_resized.jpg\"><img loading=\"lazy\" decoding=\"async\" class=\"alignnone size-thumbnail wp-image-2896\" src=\"http:\/\/blogsaverroes.juntadeandalucia.es\/ceipramoncrossa\/files\/2017\/03\/20170302_124930_resized-150x150.jpg\" alt=\"\" width=\"150\" height=\"150\" srcset=\"https:\/\/blogsaverroes.juntadeandalucia.es\/ceipramoncrossa\/files\/2017\/03\/20170302_124930_resized-150x150.jpg 150w, https:\/\/blogsaverroes.juntadeandalucia.es\/ceipramoncrossa\/files\/2017\/03\/20170302_124930_resized-100x100.jpg 100w, https:\/\/blogsaverroes.juntadeandalucia.es\/ceipramoncrossa\/files\/2017\/03\/20170302_124930_resized-432x432.jpg 432w, https:\/\/blogsaverroes.juntadeandalucia.es\/ceipramoncrossa\/files\/2017\/03\/20170302_124930_resized-268x268.jpg 268w\" sizes=\"(max-width: 150px) 100vw, 150px\" \/><\/a><\/p>\n","protected":false},"excerpt":{"rendered":"<p>El jueves 2 de marzo se celebr\u00f3 en nuestro Centro la fiesta de Carnaval. El alumnado y el profesorado vistieron sus mejores sonrisas y disfraces para disfrutar en el desfile que se viene celebrando&#46;&#46;&#46;<\/p>\n","protected":false},"author":1801,"featured_media":2889,"comment_status":"open","ping_status":"open","sticky":false,"template":"","format":"standard","meta":{"ngg_post_thumbnail":0,"footnotes":""},"categories":[32,309309,19,205203],"tags":[],"aioseo_notices":[],"_links":{"self":[{"href":"https:\/\/blogsaverroes.juntadeandalucia.es\/ceipramoncrossa\/wp-json\/wp\/v2\/posts\/2888"}],"collection":[{"href":"https:\/\/blogsaverroes.juntadeandalucia.es\/ceipramoncrossa\/wp-json\/wp\/v2\/posts"}],"about":[{"href":"https:\/\/blogsaverroes.juntadeandalucia.es\/ceipramoncrossa\/wp-json\/wp\/v2\/types\/post"}],"author":[{"embeddable":true,"href":"https:\/\/blogsaverroes.juntadeandalucia.es\/ceipramoncrossa\/wp-json\/wp\/v2\/users\/1801"}],"replies":[{"embeddable":true,"href":"https:\/\/blogsaverroes.juntadeandalucia.es\/ceipramoncrossa\/wp-json\/wp\/v2\/comments?post=2888"}],"version-history":[{"count":1,"href":"https:\/\/blogsaverroes.juntadeandalucia.es\/ceipramoncrossa\/wp-json\/wp\/v2\/posts\/2888\/revisions"}],"predecessor-version":[{"id":2897,"href":"https:\/\/blogsaverroes.juntadeandalucia.es\/ceipramoncrossa\/wp-json\/wp\/v2\/posts\/2888\/revisions\/2897"}],"wp:featuredmedia":[{"embeddable":true,"href":"https:\/\/blogsaverroes.juntadeandalucia.es\/ceipramoncrossa\/wp-json\/wp\/v2\/media\/2889"}],"wp:attachment":[{"href":"https:\/\/blogsaverroes.juntadeandalucia.es\/ceipramoncrossa\/wp-json\/wp\/v2\/media?parent=2888"}],"wp:term":[{"taxonomy":"category","embeddable":true,"href":"https:\/\/blogsaverroes.juntadeandalucia.es\/ceipramoncrossa\/wp-json\/wp\/v2\/categories?post=2888"},{"taxonomy":"post_tag","embeddable":true,"href":"https:\/\/blogsaverroes.juntadeandalucia.es\/ceipramoncrossa\/wp-json\/wp\/v2\/tags?post=2888"}],"curies":[{"name":"wp","href":"https:\/\/api.w.org\/{rel}","templated":true}]}}