{"id":746,"date":"2015-06-03T08:30:21","date_gmt":"2015-06-03T08:30:21","guid":{"rendered":"http:\/\/blogsaverroes.juntadeandalucia.es\/ceipramoncrossa\/?p=746"},"modified":"2015-06-03T08:30:21","modified_gmt":"2015-06-03T08:30:21","slug":"semana-del-libro-2015","status":"publish","type":"post","link":"https:\/\/blogsaverroes.juntadeandalucia.es\/ceipramoncrossa\/2015\/06\/03\/semana-del-libro-2015\/","title":{"rendered":"Semana del Libro 2015"},"content":{"rendered":"<p>Celebraci\u00f3n de la Semana del LIbro en el CEIP Ram\u00f3n Crossa de Ubrique, con la organizaci\u00f3n de la Feria del Libro y la elaboraci\u00f3n de murales y dibujos relacionados por parte de nuestros alumnos.<\/p>\n\n\t\t<style>\n\t\t\t#gallery-1 {\n\t\t\t\tmargin: auto;\n\t\t\t}\n\t\t\t#gallery-1 .gallery-item {\n\t\t\t\tfloat: left;\n\t\t\t\tmargin-top: 10px;\n\t\t\t\ttext-align: center;\n\t\t\t\twidth: 33%;\n\t\t\t}\n\t\t\t#gallery-1 img {\n\t\t\t\tborder: 2px solid #cfcfcf;\n\t\t\t}\n\t\t\t#gallery-1 .gallery-caption {\n\t\t\t\tmargin-left: 0;\n\t\t\t}\n\t\t\t\/* see gallery_shortcode() in wp-includes\/media.php *\/\n\t\t<\/style>\n\t\t<div id='gallery-1' class='gallery galleryid-746 gallery-columns-3 gallery-size-thumbnail'><dl class='gallery-item'>\n\t\t\t<dt class='gallery-icon landscape'>\n\t\t\t\t<a href='https:\/\/blogsaverroes.juntadeandalucia.es\/ceipramoncrossa\/2015\/06\/03\/semana-del-libro-2015\/semanadellibro-001\/'><img loading=\"lazy\" decoding=\"async\" width=\"150\" height=\"150\" src=\"https:\/\/blogsaverroes.juntadeandalucia.es\/ceipramoncrossa\/files\/2015\/06\/SemanaDelLibro-001-150x150.jpg\" class=\"attachment-thumbnail size-thumbnail\" alt=\"\" srcset=\"https:\/\/blogsaverroes.juntadeandalucia.es\/ceipramoncrossa\/files\/2015\/06\/SemanaDelLibro-001-150x150.jpg 150w, https:\/\/blogsaverroes.juntadeandalucia.es\/ceipramoncrossa\/files\/2015\/06\/SemanaDelLibro-001-432x432.jpg 432w, https:\/\/blogsaverroes.juntadeandalucia.es\/ceipramoncrossa\/files\/2015\/06\/SemanaDelLibro-001-268x268.jpg 268w\" sizes=\"(max-width: 150px) 100vw, 150px\" \/><\/a>\n\t\t\t<\/dt><\/dl><dl class='gallery-item'>\n\t\t\t<dt class='gallery-icon portrait'>\n\t\t\t\t<a href='https:\/\/blogsaverroes.juntadeandalucia.es\/ceipramoncrossa\/2015\/06\/03\/semana-del-libro-2015\/semanadellibro-003\/'><img loading=\"lazy\" decoding=\"async\" width=\"150\" height=\"150\" src=\"https:\/\/blogsaverroes.juntadeandalucia.es\/ceipramoncrossa\/files\/2015\/06\/SemanaDelLibro-003-150x150.jpg\" class=\"attachment-thumbnail size-thumbnail\" alt=\"\" srcset=\"https:\/\/blogsaverroes.juntadeandalucia.es\/ceipramoncrossa\/files\/2015\/06\/SemanaDelLibro-003-150x150.jpg 150w, https:\/\/blogsaverroes.juntadeandalucia.es\/ceipramoncrossa\/files\/2015\/06\/SemanaDelLibro-003-432x432.jpg 432w, https:\/\/blogsaverroes.juntadeandalucia.es\/ceipramoncrossa\/files\/2015\/06\/SemanaDelLibro-003-268x268.jpg 268w\" sizes=\"(max-width: 150px) 100vw, 150px\" \/><\/a>\n\t\t\t<\/dt><\/dl><dl class='gallery-item'>\n\t\t\t<dt class='gallery-icon portrait'>\n\t\t\t\t<a href='https:\/\/blogsaverroes.juntadeandalucia.es\/ceipramoncrossa\/2015\/06\/03\/semana-del-libro-2015\/semanadellibro-004\/'><img loading=\"lazy\" decoding=\"async\" width=\"150\" height=\"150\" src=\"https:\/\/blogsaverroes.juntadeandalucia.es\/ceipramoncrossa\/files\/2015\/06\/SemanaDelLibro-004-150x150.jpg\" class=\"attachment-thumbnail size-thumbnail\" alt=\"\" srcset=\"https:\/\/blogsaverroes.juntadeandalucia.es\/ceipramoncrossa\/files\/2015\/06\/SemanaDelLibro-004-150x150.jpg 150w, https:\/\/blogsaverroes.juntadeandalucia.es\/ceipramoncrossa\/files\/2015\/06\/SemanaDelLibro-004-432x432.jpg 432w, https:\/\/blogsaverroes.juntadeandalucia.es\/ceipramoncrossa\/files\/2015\/06\/SemanaDelLibro-004-268x268.jpg 268w\" sizes=\"(max-width: 150px) 100vw, 150px\" \/><\/a>\n\t\t\t<\/dt><\/dl><br style=\"clear: both\" \/><dl class='gallery-item'>\n\t\t\t<dt class='gallery-icon landscape'>\n\t\t\t\t<a href='https:\/\/blogsaverroes.juntadeandalucia.es\/ceipramoncrossa\/2015\/06\/03\/semana-del-libro-2015\/semanadellibro-006\/'><img loading=\"lazy\" decoding=\"async\" width=\"150\" height=\"150\" src=\"https:\/\/blogsaverroes.juntadeandalucia.es\/ceipramoncrossa\/files\/2015\/06\/SemanaDelLibro-006-150x150.jpg\" class=\"attachment-thumbnail size-thumbnail\" alt=\"\" srcset=\"https:\/\/blogsaverroes.juntadeandalucia.es\/ceipramoncrossa\/files\/2015\/06\/SemanaDelLibro-006-150x150.jpg 150w, https:\/\/blogsaverroes.juntadeandalucia.es\/ceipramoncrossa\/files\/2015\/06\/SemanaDelLibro-006-432x432.jpg 432w, https:\/\/blogsaverroes.juntadeandalucia.es\/ceipramoncrossa\/files\/2015\/06\/SemanaDelLibro-006-268x268.jpg 268w\" sizes=\"(max-width: 150px) 100vw, 150px\" \/><\/a>\n\t\t\t<\/dt><\/dl><dl class='gallery-item'>\n\t\t\t<dt class='gallery-icon portrait'>\n\t\t\t\t<a href='https:\/\/blogsaverroes.juntadeandalucia.es\/ceipramoncrossa\/2015\/06\/03\/semana-del-libro-2015\/semanadellibro-007\/'><img loading=\"lazy\" decoding=\"async\" width=\"150\" height=\"150\" src=\"https:\/\/blogsaverroes.juntadeandalucia.es\/ceipramoncrossa\/files\/2015\/06\/SemanaDelLibro-007-150x150.jpg\" class=\"attachment-thumbnail size-thumbnail\" alt=\"\" srcset=\"https:\/\/blogsaverroes.juntadeandalucia.es\/ceipramoncrossa\/files\/2015\/06\/SemanaDelLibro-007-150x150.jpg 150w, https:\/\/blogsaverroes.juntadeandalucia.es\/ceipramoncrossa\/files\/2015\/06\/SemanaDelLibro-007-432x432.jpg 432w, https:\/\/blogsaverroes.juntadeandalucia.es\/ceipramoncrossa\/files\/2015\/06\/SemanaDelLibro-007-268x268.jpg 268w\" sizes=\"(max-width: 150px) 100vw, 150px\" \/><\/a>\n\t\t\t<\/dt><\/dl><dl class='gallery-item'>\n\t\t\t<dt class='gallery-icon landscape'>\n\t\t\t\t<a href='https:\/\/blogsaverroes.juntadeandalucia.es\/ceipramoncrossa\/2015\/06\/03\/semana-del-libro-2015\/semanadellibro-008\/'><img loading=\"lazy\" decoding=\"async\" width=\"150\" height=\"150\" src=\"https:\/\/blogsaverroes.juntadeandalucia.es\/ceipramoncrossa\/files\/2015\/06\/SemanaDelLibro-008-150x150.jpg\" class=\"attachment-thumbnail size-thumbnail\" alt=\"\" srcset=\"https:\/\/blogsaverroes.juntadeandalucia.es\/ceipramoncrossa\/files\/2015\/06\/SemanaDelLibro-008-150x150.jpg 150w, https:\/\/blogsaverroes.juntadeandalucia.es\/ceipramoncrossa\/files\/2015\/06\/SemanaDelLibro-008-432x432.jpg 432w, https:\/\/blogsaverroes.juntadeandalucia.es\/ceipramoncrossa\/files\/2015\/06\/SemanaDelLibro-008-268x268.jpg 268w\" sizes=\"(max-width: 150px) 100vw, 150px\" \/><\/a>\n\t\t\t<\/dt><\/dl><br style=\"clear: both\" \/><dl class='gallery-item'>\n\t\t\t<dt class='gallery-icon portrait'>\n\t\t\t\t<a href='https:\/\/blogsaverroes.juntadeandalucia.es\/ceipramoncrossa\/2015\/06\/03\/semana-del-libro-2015\/semanadellibro-009\/'><img loading=\"lazy\" decoding=\"async\" width=\"150\" height=\"150\" src=\"https:\/\/blogsaverroes.juntadeandalucia.es\/ceipramoncrossa\/files\/2015\/06\/SemanaDelLibro-009-150x150.jpg\" class=\"attachment-thumbnail size-thumbnail\" alt=\"\" srcset=\"https:\/\/blogsaverroes.juntadeandalucia.es\/ceipramoncrossa\/files\/2015\/06\/SemanaDelLibro-009-150x150.jpg 150w, https:\/\/blogsaverroes.juntadeandalucia.es\/ceipramoncrossa\/files\/2015\/06\/SemanaDelLibro-009-432x432.jpg 432w, https:\/\/blogsaverroes.juntadeandalucia.es\/ceipramoncrossa\/files\/2015\/06\/SemanaDelLibro-009-268x268.jpg 268w\" sizes=\"(max-width: 150px) 100vw, 150px\" \/><\/a>\n\t\t\t<\/dt><\/dl><dl class='gallery-item'>\n\t\t\t<dt class='gallery-icon portrait'>\n\t\t\t\t<a href='https:\/\/blogsaverroes.juntadeandalucia.es\/ceipramoncrossa\/2015\/06\/03\/semana-del-libro-2015\/semanadellibro-010\/'><img loading=\"lazy\" decoding=\"async\" width=\"150\" height=\"150\" src=\"https:\/\/blogsaverroes.juntadeandalucia.es\/ceipramoncrossa\/files\/2015\/06\/SemanaDelLibro-010-150x150.jpg\" class=\"attachment-thumbnail size-thumbnail\" alt=\"\" srcset=\"https:\/\/blogsaverroes.juntadeandalucia.es\/ceipramoncrossa\/files\/2015\/06\/SemanaDelLibro-010-150x150.jpg 150w, https:\/\/blogsaverroes.juntadeandalucia.es\/ceipramoncrossa\/files\/2015\/06\/SemanaDelLibro-010-432x432.jpg 432w, https:\/\/blogsaverroes.juntadeandalucia.es\/ceipramoncrossa\/files\/2015\/06\/SemanaDelLibro-010-268x268.jpg 268w\" sizes=\"(max-width: 150px) 100vw, 150px\" \/><\/a>\n\t\t\t<\/dt><\/dl><dl class='gallery-item'>\n\t\t\t<dt class='gallery-icon landscape'>\n\t\t\t\t<a href='https:\/\/blogsaverroes.juntadeandalucia.es\/ceipramoncrossa\/2015\/06\/03\/semana-del-libro-2015\/semanadellibro-011\/'><img loading=\"lazy\" decoding=\"async\" width=\"150\" height=\"150\" src=\"https:\/\/blogsaverroes.juntadeandalucia.es\/ceipramoncrossa\/files\/2015\/06\/SemanaDelLibro-011-150x150.jpg\" class=\"attachment-thumbnail size-thumbnail\" alt=\"\" srcset=\"https:\/\/blogsaverroes.juntadeandalucia.es\/ceipramoncrossa\/files\/2015\/06\/SemanaDelLibro-011-150x150.jpg 150w, https:\/\/blogsaverroes.juntadeandalucia.es\/ceipramoncrossa\/files\/2015\/06\/SemanaDelLibro-011-432x432.jpg 432w, https:\/\/blogsaverroes.juntadeandalucia.es\/ceipramoncrossa\/files\/2015\/06\/SemanaDelLibro-011-268x268.jpg 268w\" sizes=\"(max-width: 150px) 100vw, 150px\" \/><\/a>\n\t\t\t<\/dt><\/dl><br style=\"clear: both\" \/><dl class='gallery-item'>\n\t\t\t<dt class='gallery-icon landscape'>\n\t\t\t\t<a href='https:\/\/blogsaverroes.juntadeandalucia.es\/ceipramoncrossa\/2015\/06\/03\/semana-del-libro-2015\/semanadellibro-012\/'><img loading=\"lazy\" decoding=\"async\" width=\"150\" height=\"150\" src=\"https:\/\/blogsaverroes.juntadeandalucia.es\/ceipramoncrossa\/files\/2015\/06\/SemanaDelLibro-012-150x150.jpg\" class=\"attachment-thumbnail size-thumbnail\" alt=\"\" srcset=\"https:\/\/blogsaverroes.juntadeandalucia.es\/ceipramoncrossa\/files\/2015\/06\/SemanaDelLibro-012-150x150.jpg 150w, https:\/\/blogsaverroes.juntadeandalucia.es\/ceipramoncrossa\/files\/2015\/06\/SemanaDelLibro-012-432x432.jpg 432w, https:\/\/blogsaverroes.juntadeandalucia.es\/ceipramoncrossa\/files\/2015\/06\/SemanaDelLibro-012-268x268.jpg 268w\" sizes=\"(max-width: 150px) 100vw, 150px\" \/><\/a>\n\t\t\t<\/dt><\/dl><dl class='gallery-item'>\n\t\t\t<dt class='gallery-icon portrait'>\n\t\t\t\t<a href='https:\/\/blogsaverroes.juntadeandalucia.es\/ceipramoncrossa\/2015\/06\/03\/semana-del-libro-2015\/semanadellibro-014\/'><img loading=\"lazy\" decoding=\"async\" width=\"150\" height=\"150\" src=\"https:\/\/blogsaverroes.juntadeandalucia.es\/ceipramoncrossa\/files\/2015\/06\/SemanaDelLibro-014-150x150.jpg\" class=\"attachment-thumbnail size-thumbnail\" alt=\"\" srcset=\"https:\/\/blogsaverroes.juntadeandalucia.es\/ceipramoncrossa\/files\/2015\/06\/SemanaDelLibro-014-150x150.jpg 150w, https:\/\/blogsaverroes.juntadeandalucia.es\/ceipramoncrossa\/files\/2015\/06\/SemanaDelLibro-014-432x432.jpg 432w, https:\/\/blogsaverroes.juntadeandalucia.es\/ceipramoncrossa\/files\/2015\/06\/SemanaDelLibro-014-268x268.jpg 268w\" sizes=\"(max-width: 150px) 100vw, 150px\" \/><\/a>\n\t\t\t<\/dt><\/dl><dl class='gallery-item'>\n\t\t\t<dt class='gallery-icon landscape'>\n\t\t\t\t<a href='https:\/\/blogsaverroes.juntadeandalucia.es\/ceipramoncrossa\/2015\/06\/03\/semana-del-libro-2015\/semanadellibro-015\/'><img loading=\"lazy\" decoding=\"async\" width=\"150\" height=\"150\" src=\"https:\/\/blogsaverroes.juntadeandalucia.es\/ceipramoncrossa\/files\/2015\/06\/SemanaDelLibro-015-150x150.jpg\" class=\"attachment-thumbnail size-thumbnail\" alt=\"\" srcset=\"https:\/\/blogsaverroes.juntadeandalucia.es\/ceipramoncrossa\/files\/2015\/06\/SemanaDelLibro-015-150x150.jpg 150w, https:\/\/blogsaverroes.juntadeandalucia.es\/ceipramoncrossa\/files\/2015\/06\/SemanaDelLibro-015-432x432.jpg 432w, https:\/\/blogsaverroes.juntadeandalucia.es\/ceipramoncrossa\/files\/2015\/06\/SemanaDelLibro-015-268x268.jpg 268w\" sizes=\"(max-width: 150px) 100vw, 150px\" \/><\/a>\n\t\t\t<\/dt><\/dl><br style=\"clear: both\" \/><dl class='gallery-item'>\n\t\t\t<dt class='gallery-icon portrait'>\n\t\t\t\t<a href='https:\/\/blogsaverroes.juntadeandalucia.es\/ceipramoncrossa\/2015\/06\/03\/semana-del-libro-2015\/semanadellibro-016\/'><img loading=\"lazy\" decoding=\"async\" width=\"150\" height=\"150\" src=\"https:\/\/blogsaverroes.juntadeandalucia.es\/ceipramoncrossa\/files\/2015\/06\/SemanaDelLibro-016-150x150.jpg\" class=\"attachment-thumbnail size-thumbnail\" alt=\"\" srcset=\"https:\/\/blogsaverroes.juntadeandalucia.es\/ceipramoncrossa\/files\/2015\/06\/SemanaDelLibro-016-150x150.jpg 150w, https:\/\/blogsaverroes.juntadeandalucia.es\/ceipramoncrossa\/files\/2015\/06\/SemanaDelLibro-016-432x432.jpg 432w, https:\/\/blogsaverroes.juntadeandalucia.es\/ceipramoncrossa\/files\/2015\/06\/SemanaDelLibro-016-268x268.jpg 268w\" sizes=\"(max-width: 150px) 100vw, 150px\" \/><\/a>\n\t\t\t<\/dt><\/dl><dl class='gallery-item'>\n\t\t\t<dt class='gallery-icon landscape'>\n\t\t\t\t<a href='https:\/\/blogsaverroes.juntadeandalucia.es\/ceipramoncrossa\/2015\/06\/03\/semana-del-libro-2015\/semanadellibro-017\/'><img loading=\"lazy\" decoding=\"async\" width=\"150\" height=\"150\" src=\"https:\/\/blogsaverroes.juntadeandalucia.es\/ceipramoncrossa\/files\/2015\/06\/SemanaDelLibro-017-150x150.jpg\" class=\"attachment-thumbnail size-thumbnail\" alt=\"\" srcset=\"https:\/\/blogsaverroes.juntadeandalucia.es\/ceipramoncrossa\/files\/2015\/06\/SemanaDelLibro-017-150x150.jpg 150w, https:\/\/blogsaverroes.juntadeandalucia.es\/ceipramoncrossa\/files\/2015\/06\/SemanaDelLibro-017-432x432.jpg 432w, https:\/\/blogsaverroes.juntadeandalucia.es\/ceipramoncrossa\/files\/2015\/06\/SemanaDelLibro-017-268x268.jpg 268w\" sizes=\"(max-width: 150px) 100vw, 150px\" \/><\/a>\n\t\t\t<\/dt><\/dl><dl class='gallery-item'>\n\t\t\t<dt class='gallery-icon landscape'>\n\t\t\t\t<a href='https:\/\/blogsaverroes.juntadeandalucia.es\/ceipramoncrossa\/2015\/06\/03\/semana-del-libro-2015\/semanadellibro-018\/'><img loading=\"lazy\" decoding=\"async\" width=\"150\" height=\"150\" src=\"https:\/\/blogsaverroes.juntadeandalucia.es\/ceipramoncrossa\/files\/2015\/06\/SemanaDelLibro-018-150x150.jpg\" class=\"attachment-thumbnail size-thumbnail\" alt=\"\" srcset=\"https:\/\/blogsaverroes.juntadeandalucia.es\/ceipramoncrossa\/files\/2015\/06\/SemanaDelLibro-018-150x150.jpg 150w, https:\/\/blogsaverroes.juntadeandalucia.es\/ceipramoncrossa\/files\/2015\/06\/SemanaDelLibro-018-432x432.jpg 432w, https:\/\/blogsaverroes.juntadeandalucia.es\/ceipramoncrossa\/files\/2015\/06\/SemanaDelLibro-018-268x268.jpg 268w\" sizes=\"(max-width: 150px) 100vw, 150px\" \/><\/a>\n\t\t\t<\/dt><\/dl><br style=\"clear: both\" \/><dl class='gallery-item'>\n\t\t\t<dt class='gallery-icon landscape'>\n\t\t\t\t<a href='https:\/\/blogsaverroes.juntadeandalucia.es\/ceipramoncrossa\/2015\/06\/03\/semana-del-libro-2015\/semanadellibro-020\/'><img loading=\"lazy\" decoding=\"async\" width=\"150\" height=\"150\" src=\"https:\/\/blogsaverroes.juntadeandalucia.es\/ceipramoncrossa\/files\/2015\/06\/SemanaDelLibro-020-150x150.jpg\" class=\"attachment-thumbnail size-thumbnail\" alt=\"\" srcset=\"https:\/\/blogsaverroes.juntadeandalucia.es\/ceipramoncrossa\/files\/2015\/06\/SemanaDelLibro-020-150x150.jpg 150w, https:\/\/blogsaverroes.juntadeandalucia.es\/ceipramoncrossa\/files\/2015\/06\/SemanaDelLibro-020-432x432.jpg 432w, https:\/\/blogsaverroes.juntadeandalucia.es\/ceipramoncrossa\/files\/2015\/06\/SemanaDelLibro-020-268x268.jpg 268w\" sizes=\"(max-width: 150px) 100vw, 150px\" \/><\/a>\n\t\t\t<\/dt><\/dl><dl class='gallery-item'>\n\t\t\t<dt class='gallery-icon landscape'>\n\t\t\t\t<a href='https:\/\/blogsaverroes.juntadeandalucia.es\/ceipramoncrossa\/2015\/06\/03\/semana-del-libro-2015\/semanadellibro-021\/'><img loading=\"lazy\" decoding=\"async\" width=\"150\" height=\"150\" src=\"https:\/\/blogsaverroes.juntadeandalucia.es\/ceipramoncrossa\/files\/2015\/06\/SemanaDelLibro-021-150x150.jpg\" class=\"attachment-thumbnail size-thumbnail\" alt=\"\" srcset=\"https:\/\/blogsaverroes.juntadeandalucia.es\/ceipramoncrossa\/files\/2015\/06\/SemanaDelLibro-021-150x150.jpg 150w, https:\/\/blogsaverroes.juntadeandalucia.es\/ceipramoncrossa\/files\/2015\/06\/SemanaDelLibro-021-432x432.jpg 432w, https:\/\/blogsaverroes.juntadeandalucia.es\/ceipramoncrossa\/files\/2015\/06\/SemanaDelLibro-021-268x268.jpg 268w\" sizes=\"(max-width: 150px) 100vw, 150px\" \/><\/a>\n\t\t\t<\/dt><\/dl><dl class='gallery-item'>\n\t\t\t<dt class='gallery-icon landscape'>\n\t\t\t\t<a href='https:\/\/blogsaverroes.juntadeandalucia.es\/ceipramoncrossa\/2015\/06\/03\/semana-del-libro-2015\/semanadellibro-022\/'><img loading=\"lazy\" decoding=\"async\" width=\"150\" height=\"150\" src=\"https:\/\/blogsaverroes.juntadeandalucia.es\/ceipramoncrossa\/files\/2015\/06\/SemanaDelLibro-022-150x150.jpg\" class=\"attachment-thumbnail size-thumbnail\" alt=\"\" srcset=\"https:\/\/blogsaverroes.juntadeandalucia.es\/ceipramoncrossa\/files\/2015\/06\/SemanaDelLibro-022-150x150.jpg 150w, https:\/\/blogsaverroes.juntadeandalucia.es\/ceipramoncrossa\/files\/2015\/06\/SemanaDelLibro-022-432x432.jpg 432w, https:\/\/blogsaverroes.juntadeandalucia.es\/ceipramoncrossa\/files\/2015\/06\/SemanaDelLibro-022-268x268.jpg 268w\" sizes=\"(max-width: 150px) 100vw, 150px\" \/><\/a>\n\t\t\t<\/dt><\/dl><br style=\"clear: both\" \/><dl class='gallery-item'>\n\t\t\t<dt class='gallery-icon landscape'>\n\t\t\t\t<a href='https:\/\/blogsaverroes.juntadeandalucia.es\/ceipramoncrossa\/2015\/06\/03\/semana-del-libro-2015\/semanadellibro-024\/'><img loading=\"lazy\" decoding=\"async\" width=\"150\" height=\"150\" src=\"https:\/\/blogsaverroes.juntadeandalucia.es\/ceipramoncrossa\/files\/2015\/06\/SemanaDelLibro-024-150x150.jpg\" class=\"attachment-thumbnail size-thumbnail\" alt=\"\" srcset=\"https:\/\/blogsaverroes.juntadeandalucia.es\/ceipramoncrossa\/files\/2015\/06\/SemanaDelLibro-024-150x150.jpg 150w, https:\/\/blogsaverroes.juntadeandalucia.es\/ceipramoncrossa\/files\/2015\/06\/SemanaDelLibro-024-432x432.jpg 432w, https:\/\/blogsaverroes.juntadeandalucia.es\/ceipramoncrossa\/files\/2015\/06\/SemanaDelLibro-024-268x268.jpg 268w\" sizes=\"(max-width: 150px) 100vw, 150px\" \/><\/a>\n\t\t\t<\/dt><\/dl><dl class='gallery-item'>\n\t\t\t<dt class='gallery-icon landscape'>\n\t\t\t\t<a href='https:\/\/blogsaverroes.juntadeandalucia.es\/ceipramoncrossa\/2015\/06\/03\/semana-del-libro-2015\/semanadellibro-025\/'><img loading=\"lazy\" decoding=\"async\" width=\"150\" height=\"150\" src=\"https:\/\/blogsaverroes.juntadeandalucia.es\/ceipramoncrossa\/files\/2015\/06\/SemanaDelLibro-025-150x150.jpg\" class=\"attachment-thumbnail size-thumbnail\" alt=\"\" srcset=\"https:\/\/blogsaverroes.juntadeandalucia.es\/ceipramoncrossa\/files\/2015\/06\/SemanaDelLibro-025-150x150.jpg 150w, https:\/\/blogsaverroes.juntadeandalucia.es\/ceipramoncrossa\/files\/2015\/06\/SemanaDelLibro-025-432x432.jpg 432w, https:\/\/blogsaverroes.juntadeandalucia.es\/ceipramoncrossa\/files\/2015\/06\/SemanaDelLibro-025-268x268.jpg 268w\" sizes=\"(max-width: 150px) 100vw, 150px\" \/><\/a>\n\t\t\t<\/dt><\/dl><dl class='gallery-item'>\n\t\t\t<dt class='gallery-icon landscape'>\n\t\t\t\t<a href='https:\/\/blogsaverroes.juntadeandalucia.es\/ceipramoncrossa\/2015\/06\/03\/semana-del-libro-2015\/semanadellibro-026\/'><img loading=\"lazy\" decoding=\"async\" width=\"150\" height=\"150\" src=\"https:\/\/blogsaverroes.juntadeandalucia.es\/ceipramoncrossa\/files\/2015\/06\/SemanaDelLibro-026-150x150.jpg\" class=\"attachment-thumbnail size-thumbnail\" alt=\"\" srcset=\"https:\/\/blogsaverroes.juntadeandalucia.es\/ceipramoncrossa\/files\/2015\/06\/SemanaDelLibro-026-150x150.jpg 150w, https:\/\/blogsaverroes.juntadeandalucia.es\/ceipramoncrossa\/files\/2015\/06\/SemanaDelLibro-026-432x432.jpg 432w, https:\/\/blogsaverroes.juntadeandalucia.es\/ceipramoncrossa\/files\/2015\/06\/SemanaDelLibro-026-268x268.jpg 268w\" sizes=\"(max-width: 150px) 100vw, 150px\" \/><\/a>\n\t\t\t<\/dt><\/dl><br style=\"clear: both\" \/><dl class='gallery-item'>\n\t\t\t<dt class='gallery-icon landscape'>\n\t\t\t\t<a href='https:\/\/blogsaverroes.juntadeandalucia.es\/ceipramoncrossa\/2015\/06\/03\/semana-del-libro-2015\/semanadellibro-028\/'><img loading=\"lazy\" decoding=\"async\" width=\"150\" height=\"150\" src=\"https:\/\/blogsaverroes.juntadeandalucia.es\/ceipramoncrossa\/files\/2015\/06\/SemanaDelLibro-028-150x150.jpg\" class=\"attachment-thumbnail size-thumbnail\" alt=\"\" srcset=\"https:\/\/blogsaverroes.juntadeandalucia.es\/ceipramoncrossa\/files\/2015\/06\/SemanaDelLibro-028-150x150.jpg 150w, https:\/\/blogsaverroes.juntadeandalucia.es\/ceipramoncrossa\/files\/2015\/06\/SemanaDelLibro-028-432x432.jpg 432w, https:\/\/blogsaverroes.juntadeandalucia.es\/ceipramoncrossa\/files\/2015\/06\/SemanaDelLibro-028-268x268.jpg 268w\" sizes=\"(max-width: 150px) 100vw, 150px\" \/><\/a>\n\t\t\t<\/dt><\/dl><dl class='gallery-item'>\n\t\t\t<dt class='gallery-icon landscape'>\n\t\t\t\t<a href='https:\/\/blogsaverroes.juntadeandalucia.es\/ceipramoncrossa\/2015\/06\/03\/semana-del-libro-2015\/semanadellibro-030\/'><img loading=\"lazy\" decoding=\"async\" width=\"150\" height=\"150\" src=\"https:\/\/blogsaverroes.juntadeandalucia.es\/ceipramoncrossa\/files\/2015\/06\/SemanaDelLibro-030-150x150.jpg\" class=\"attachment-thumbnail size-thumbnail\" alt=\"\" srcset=\"https:\/\/blogsaverroes.juntadeandalucia.es\/ceipramoncrossa\/files\/2015\/06\/SemanaDelLibro-030-150x150.jpg 150w, https:\/\/blogsaverroes.juntadeandalucia.es\/ceipramoncrossa\/files\/2015\/06\/SemanaDelLibro-030-432x432.jpg 432w, https:\/\/blogsaverroes.juntadeandalucia.es\/ceipramoncrossa\/files\/2015\/06\/SemanaDelLibro-030-268x268.jpg 268w\" sizes=\"(max-width: 150px) 100vw, 150px\" \/><\/a>\n\t\t\t<\/dt><\/dl>\n\t\t\t<br style='clear: both' \/>\n\t\t<\/div>\n\n","protected":false},"excerpt":{"rendered":"<p>Celebraci\u00f3n de la Semana del LIbro en el CEIP Ram\u00f3n Crossa de Ubrique, con la organizaci\u00f3n de la Feria del Libro y la elaboraci\u00f3n de murales y dibujos relacionados por parte de nuestros alumnos.<\/p>\n","protected":false},"author":1722,"featured_media":0,"comment_status":"open","ping_status":"open","sticky":false,"template":"","format":"gallery","meta":{"ngg_post_thumbnail":0,"footnotes":""},"categories":[32,24706,647,2679,261,205203],"tags":[],"aioseo_notices":[],"_links":{"self":[{"href":"https:\/\/blogsaverroes.juntadeandalucia.es\/ceipramoncrossa\/wp-json\/wp\/v2\/posts\/746"}],"collection":[{"href":"https:\/\/blogsaverroes.juntadeandalucia.es\/ceipramoncrossa\/wp-json\/wp\/v2\/posts"}],"about":[{"href":"https:\/\/blogsaverroes.juntadeandalucia.es\/ceipramoncrossa\/wp-json\/wp\/v2\/types\/post"}],"author":[{"embeddable":true,"href":"https:\/\/blogsaverroes.juntadeandalucia.es\/ceipramoncrossa\/wp-json\/wp\/v2\/users\/1722"}],"replies":[{"embeddable":true,"href":"https:\/\/blogsaverroes.juntadeandalucia.es\/ceipramoncrossa\/wp-json\/wp\/v2\/comments?post=746"}],"version-history":[{"count":1,"href":"https:\/\/blogsaverroes.juntadeandalucia.es\/ceipramoncrossa\/wp-json\/wp\/v2\/posts\/746\/revisions"}],"predecessor-version":[{"id":770,"href":"https:\/\/blogsaverroes.juntadeandalucia.es\/ceipramoncrossa\/wp-json\/wp\/v2\/posts\/746\/revisions\/770"}],"wp:attachment":[{"href":"https:\/\/blogsaverroes.juntadeandalucia.es\/ceipramoncrossa\/wp-json\/wp\/v2\/media?parent=746"}],"wp:term":[{"taxonomy":"category","embeddable":true,"href":"https:\/\/blogsaverroes.juntadeandalucia.es\/ceipramoncrossa\/wp-json\/wp\/v2\/categories?post=746"},{"taxonomy":"post_tag","embeddable":true,"href":"https:\/\/blogsaverroes.juntadeandalucia.es\/ceipramoncrossa\/wp-json\/wp\/v2\/tags?post=746"}],"curies":[{"name":"wp","href":"https:\/\/api.w.org\/{rel}","templated":true}]}}