{"id":10779,"date":"2019-05-16T10:12:33","date_gmt":"2019-05-16T09:12:33","guid":{"rendered":"https:\/\/blogsaverroes.juntadeandalucia.es\/ceipramonhernandez\/?p=10779"},"modified":"2019-05-16T15:29:31","modified_gmt":"2019-05-16T14:29:31","slug":"accesit-xxii-convocatoria-de-periodicos-escolares","status":"publish","type":"post","link":"https:\/\/blogsaverroes.juntadeandalucia.es\/ceipramonhernandez\/accesit-xxii-convocatoria-de-periodicos-escolares\/","title":{"rendered":"Acc\u00e9sit XXII Convocatoria de peri\u00f3dicos escolares"},"content":{"rendered":"<p style=\"text-align: justify\"><span style=\"font-family: 'comic sans ms', sans-serif\">Queridos padres, madres, alumn@s y dem\u00e1s miembros de la comunidad educativa:<\/span><\/p>\n<p style=\"text-align: justify\"><span style=\"font-family: 'comic sans ms', sans-serif\">Nos alegra compartir con vosotr@s el Acc\u00e9sit que hemos recibido esta ma\u00f1ana y que obtuvimos en la XXII Convocatoria de peri\u00f3dicos escolares.<\/span><\/p>\n<p style=\"text-align: justify\"><span style=\"font-family: 'comic sans ms', sans-serif\"><span id=\"u_45_1\" class=\"_ezo\">Muchas felicidades<\/span>&nbsp;a tod@s los que, en mayor o menor medida, hab\u00e9is contribuido al peri\u00f3dico escolar \u00a1Ent\u00e9rate! a lo<span class=\"text_exposed_show\">&nbsp;largo de sus a\u00f1os de existencia. Una parte de este premio es vuestra.<\/span><\/span><\/p>\n<div class=\"text_exposed_show\">\n<p style=\"text-align: justify\"><span style=\"font-family: 'comic sans ms', sans-serif\"><span id=\"u_45_2\" class=\"_ezo\">MUCHAS FELICIDADES<\/span>&nbsp;A TOD@S!!!!!!!<\/span><\/p>\n<figure id=\"attachment_10780\" aria-describedby=\"caption-attachment-10780\" style=\"width: 150px\" class=\"wp-caption aligncenter\"><a href=\"https:\/\/blogsaverroes.juntadeandalucia.es\/ceipramonhernandez\/files\/2019\/05\/P\u00e1ginas-desdeAccesit-periodicos-escolares.jpg\" target=\"_blank\" rel=\"noopener\"><img loading=\"lazy\" decoding=\"async\" class=\"wp-image-10780 size-thumbnail\" title=\"Pinchar para ampliar\" src=\"https:\/\/blogsaverroes.juntadeandalucia.es\/ceipramonhernandez\/files\/2019\/05\/P\u00e1ginas-desdeAccesit-periodicos-escolares-150x150.jpg\" alt=\"\" width=\"150\" height=\"150\" srcset=\"https:\/\/blogsaverroes.juntadeandalucia.es\/ceipramonhernandez\/files\/2019\/05\/P\u00e1ginas-desdeAccesit-periodicos-escolares-150x150.jpg 150w, https:\/\/blogsaverroes.juntadeandalucia.es\/ceipramonhernandez\/files\/2019\/05\/P\u00e1ginas-desdeAccesit-periodicos-escolares-100x100.jpg 100w, https:\/\/blogsaverroes.juntadeandalucia.es\/ceipramonhernandez\/files\/2019\/05\/P\u00e1ginas-desdeAccesit-periodicos-escolares-160x160.jpg 160w, https:\/\/blogsaverroes.juntadeandalucia.es\/ceipramonhernandez\/files\/2019\/05\/P\u00e1ginas-desdeAccesit-periodicos-escolares-320x320.jpg 320w, https:\/\/blogsaverroes.juntadeandalucia.es\/ceipramonhernandez\/files\/2019\/05\/P\u00e1ginas-desdeAccesit-periodicos-escolares-360x360.jpg 360w, https:\/\/blogsaverroes.juntadeandalucia.es\/ceipramonhernandez\/files\/2019\/05\/P\u00e1ginas-desdeAccesit-periodicos-escolares-400x400.jpg 400w\" sizes=\"(max-width: 150px) 100vw, 150px\" \/><\/a><figcaption id=\"caption-attachment-10780\" class=\"wp-caption-text\">Acc\u00e9sit peri\u00f3dicos escolares<\/figcaption><\/figure>\n<\/div>\n","protected":false},"excerpt":{"rendered":"<p>Queridos padres, madres, alumn@s y dem\u00e1s miembros de la comunidad educativa: Nos alegra compartir con vosotr@s el Acc\u00e9sit que hemos recibido esta ma\u00f1ana y que obtuvimos en la XXII Convocatoria de peri\u00f3dicos escolares. Muchas felicidades&nbsp;a tod@s los que, en mayor o menor medida, hab\u00e9is contribuido al peri\u00f3dico escolar \u00a1Ent\u00e9rate! a lo&nbsp;largo de sus a\u00f1os de [&hellip;]<\/p>\n","protected":false},"author":5362,"featured_media":10780,"comment_status":"open","ping_status":"closed","sticky":false,"template":"","format":"standard","meta":{"ngg_post_thumbnail":0,"footnotes":""},"categories":[29706,29707,29708,59894,60253,60490,1245318,1245552,1245654,1852,526,1245800,1247054],"tags":[],"aioseo_notices":[],"_links":{"self":[{"href":"https:\/\/blogsaverroes.juntadeandalucia.es\/ceipramonhernandez\/wp-json\/wp\/v2\/posts\/10779"}],"collection":[{"href":"https:\/\/blogsaverroes.juntadeandalucia.es\/ceipramonhernandez\/wp-json\/wp\/v2\/posts"}],"about":[{"href":"https:\/\/blogsaverroes.juntadeandalucia.es\/ceipramonhernandez\/wp-json\/wp\/v2\/types\/post"}],"author":[{"embeddable":true,"href":"https:\/\/blogsaverroes.juntadeandalucia.es\/ceipramonhernandez\/wp-json\/wp\/v2\/users\/5362"}],"replies":[{"embeddable":true,"href":"https:\/\/blogsaverroes.juntadeandalucia.es\/ceipramonhernandez\/wp-json\/wp\/v2\/comments?post=10779"}],"version-history":[{"count":2,"href":"https:\/\/blogsaverroes.juntadeandalucia.es\/ceipramonhernandez\/wp-json\/wp\/v2\/posts\/10779\/revisions"}],"predecessor-version":[{"id":10782,"href":"https:\/\/blogsaverroes.juntadeandalucia.es\/ceipramonhernandez\/wp-json\/wp\/v2\/posts\/10779\/revisions\/10782"}],"wp:featuredmedia":[{"embeddable":true,"href":"https:\/\/blogsaverroes.juntadeandalucia.es\/ceipramonhernandez\/wp-json\/wp\/v2\/media\/10780"}],"wp:attachment":[{"href":"https:\/\/blogsaverroes.juntadeandalucia.es\/ceipramonhernandez\/wp-json\/wp\/v2\/media?parent=10779"}],"wp:term":[{"taxonomy":"category","embeddable":true,"href":"https:\/\/blogsaverroes.juntadeandalucia.es\/ceipramonhernandez\/wp-json\/wp\/v2\/categories?post=10779"},{"taxonomy":"post_tag","embeddable":true,"href":"https:\/\/blogsaverroes.juntadeandalucia.es\/ceipramonhernandez\/wp-json\/wp\/v2\/tags?post=10779"}],"curies":[{"name":"wp","href":"https:\/\/api.w.org\/{rel}","templated":true}]}}