{"id":10930,"date":"2019-05-31T08:00:40","date_gmt":"2019-05-31T07:00:40","guid":{"rendered":"https:\/\/blogsaverroes.juntadeandalucia.es\/ceipramonhernandez\/?p=10930"},"modified":"2019-05-31T08:28:23","modified_gmt":"2019-05-31T07:28:23","slug":"matriculacion-2019","status":"publish","type":"post","link":"https:\/\/blogsaverroes.juntadeandalucia.es\/ceipramonhernandez\/matriculacion-2019\/","title":{"rendered":"Matriculaci\u00f3n 2019"},"content":{"rendered":"<p style=\"text-align: justify\"><span style=\"font-family: 'comic sans ms', sans-serif\">Estimadas familias:<\/span><\/p>\n<p style=\"text-align: justify\"><span style=\"font-family: 'comic sans ms', sans-serif\">Del <strong>1 al 10 de junio<\/strong> se abre el plazo de <strong>matriculaci\u00f3n<\/strong> del alumnado en los colegios de Educaci\u00f3n Infantil y Primaria para el <strong>curso 2019\/2020<\/strong>. Igualmente en esas fechas hay que solicitar la <strong>inscripci\u00f3n<\/strong> en los servicios de <strong>Comedor Escolar, Aula Matinal <\/strong>y<strong> Actividades Extraescolares<\/strong>.<\/span><\/p>\n<p style=\"text-align: justify\"><span style=\"font-family: 'comic sans ms', sans-serif\">Para ello les enviamos hoy con sus hij@s los impresos, que deber\u00e1n <strong>rellenar y entregar<\/strong> en el colegio <strong>antes del d\u00eda 10 de junio. <\/strong>Pueden hacerlo en Secretar\u00eda o bien a trav\u00e9s de su hij@ que lo entregar\u00e1 a su tutora.&nbsp;<\/span><\/p>\n<ul style=\"list-style-type: disc\">\n<li style=\"text-align: justify\"><span style=\"font-family: 'comic sans ms', sans-serif\"><strong>Anexo IV o V. Impreso de matriculaci\u00f3n en infantil o primaria<\/strong>. <u>Todo el alumnado ha de rellenarlo obligatoriamente.<\/u><\/span><\/li>\n<\/ul>\n<ul style=\"list-style-type: disc;text-align: justify\">\n<li style=\"text-align: justify\"><strong style=\"font-family: 'comic sans ms', sans-serif\">Anexo II. Impreso de solicitud de inscripci\u00f3n en los servicios de aula matinal, comedor escolar y actividades extraescolares<\/strong><span style=\"font-family: 'comic sans ms', sans-serif\">. <\/span><u style=\"font-family: 'comic sans ms', sans-serif\">S\u00f3lo lo rellenar\u00e1n aquellos alumnos o alumnas que vayan a hacer uso de alguno de \u00e9stos servicios en cualquier momento del curso.<\/u><\/li>\n<\/ul>\n<ul style=\"list-style-type: disc\">\n<li style=\"text-align: justify\"><span style=\"font-family: 'comic sans ms', sans-serif\"><strong>Anexo V.<\/strong> <strong>Solicitud de bonificaci\u00f3n servicios Aula Matinal, Comedor Escolar y Actividades Extraescolares. <\/strong><u>S\u00f3lo lo rellenar\u00e1n aquellos alumnos o alumnas que vayan a hacer uso de alguno de \u00e9stos servicios. <\/u><\/span><\/li>\n<\/ul>\n<p style=\"text-align: justify\"><span style=\"font-family: 'comic sans ms', sans-serif\">Desde este curso tambi\u00e9n pueden presentar online la matr\u00edcula y la solicitud de servicios complementarios desde la Secretar\u00eda Virtual de la Consejer\u00eda de Educaci\u00f3n y Deporte de la Junta de Andaluc\u00eda.&nbsp;<\/span><span style=\"font-family: 'comic sans ms', sans-serif\">Para realizar este tr\u00e1mite de forma electr\u00f3nica hay que acceder al servicio web (<a href=\"https:\/\/www.juntadeandalucia.es\/educacion\/secretariavirtual\/\" target=\"_blank\" rel=\"noopener\">www.juntadeandalucia.es\/educacion\/secretariavirtual\/<\/a>), en los mismos plazos. Pueden consultar el manual sobre electr\u00f3nico de matr\u00edcula versi\u00f3n familias&nbsp;<\/span><\/p>\n<p style=\"text-align: justify\"><span style=\"font-family: 'comic sans ms', sans-serif\">Si desean m\u00e1s informaci\u00f3n no duden en pasarse por el centro. Sin otro particular reciban un cordial saludo. Atentamente.<\/span><\/p>\n<p><span style=\"font-family: 'comic sans ms', sans-serif\">Documentaci\u00f3n para descargar o consultar:<\/span><\/p>\n<p style=\"text-align: justify\"><a href=\"https:\/\/blogsaverroes.juntadeandalucia.es\/ceipramonhernandez\/files\/2019\/05\/Como-rellenar.pdf\" target=\"_blank\" rel=\"noopener\"><span style=\"font-family: 'comic sans ms', sans-serif\">Instrucciones de matr\u00edcula<\/span><\/a><\/p>\n<p style=\"text-align: justify\"><a href=\"https:\/\/blogsaverroes.juntadeandalucia.es\/ceipramonhernandez\/files\/2019\/05\/Anexo-IV.pdf\" target=\"_blank\" rel=\"noopener\"><span style=\"font-family: 'comic sans ms', sans-serif\">Anexo IV. Impreso de matriculaci\u00f3n en infantil.<\/span><\/a><\/p>\n<p style=\"text-align: justify\"><a href=\"https:\/\/blogsaverroes.juntadeandalucia.es\/ceipramonhernandez\/files\/2019\/05\/Anexo-V.pdf\" target=\"_blank\" rel=\"noopener\"><span style=\"font-family: 'comic sans ms', sans-serif\">Anexo V. Impreso de matriculaci\u00f3n en primaria.<\/span><\/a><\/p>\n<p style=\"text-align: justify\"><a href=\"https:\/\/blogsaverroes.juntadeandalucia.es\/ceipramonhernandez\/files\/2019\/05\/Solicitud-servicios.pdf\" target=\"_blank\" rel=\"noopener\"><span style=\"font-family: 'comic sans ms', sans-serif\">Anexo II. Impreso de solicitud de inscripci\u00f3n en los servicios de aula matinal, comedor escolar y actividades extraescolares.&nbsp;<\/span><\/a><\/p>\n<p style=\"text-align: justify\"><a href=\"https:\/\/blogsaverroes.juntadeandalucia.es\/ceipramonhernandez\/files\/2019\/05\/Gratuidad.pdf\" target=\"_blank\" rel=\"noopener\"><span style=\"font-family: 'comic sans ms', sans-serif\">Anexo V. Solicitud de bonificaci\u00f3n servicios Aula Matinal, Comedor Escolar y Actividades Extraescolares.&nbsp;<\/span><\/a><\/p>\n<p><a href=\"https:\/\/blogsaverroes.juntadeandalucia.es\/ceipramonhernandez\/files\/2019\/05\/Sobre-electronico-de-matricula-versi\u00f3n-familias-1.pdf\" target=\"_blank\" rel=\"noopener\"><span style=\"font-family: 'comic sans ms', sans-serif\">Manual sobre electr\u00f3nico de matr\u00edcula<\/span><\/a><\/p>\n","protected":false},"excerpt":{"rendered":"<p>Estimadas familias: Del 1 al 10 de junio se abre el plazo de matriculaci\u00f3n del alumnado en los colegios de Educaci\u00f3n Infantil y Primaria para el curso 2019\/2020. Igualmente en esas fechas hay que solicitar la inscripci\u00f3n en los servicios de Comedor Escolar, Aula Matinal y Actividades Extraescolares. Para ello les enviamos hoy con sus [&hellip;]<\/p>\n","protected":false},"author":5362,"featured_media":10931,"comment_status":"open","ping_status":"closed","sticky":false,"template":"","format":"standard","meta":{"ngg_post_thumbnail":0,"footnotes":""},"categories":[29706,29707,29708,59894,60253,60490,1245318,1245552,1245654,1852,526,1245800,1247054],"tags":[],"aioseo_notices":[],"_links":{"self":[{"href":"https:\/\/blogsaverroes.juntadeandalucia.es\/ceipramonhernandez\/wp-json\/wp\/v2\/posts\/10930"}],"collection":[{"href":"https:\/\/blogsaverroes.juntadeandalucia.es\/ceipramonhernandez\/wp-json\/wp\/v2\/posts"}],"about":[{"href":"https:\/\/blogsaverroes.juntadeandalucia.es\/ceipramonhernandez\/wp-json\/wp\/v2\/types\/post"}],"author":[{"embeddable":true,"href":"https:\/\/blogsaverroes.juntadeandalucia.es\/ceipramonhernandez\/wp-json\/wp\/v2\/users\/5362"}],"replies":[{"embeddable":true,"href":"https:\/\/blogsaverroes.juntadeandalucia.es\/ceipramonhernandez\/wp-json\/wp\/v2\/comments?post=10930"}],"version-history":[{"count":8,"href":"https:\/\/blogsaverroes.juntadeandalucia.es\/ceipramonhernandez\/wp-json\/wp\/v2\/posts\/10930\/revisions"}],"predecessor-version":[{"id":10951,"href":"https:\/\/blogsaverroes.juntadeandalucia.es\/ceipramonhernandez\/wp-json\/wp\/v2\/posts\/10930\/revisions\/10951"}],"wp:featuredmedia":[{"embeddable":true,"href":"https:\/\/blogsaverroes.juntadeandalucia.es\/ceipramonhernandez\/wp-json\/wp\/v2\/media\/10931"}],"wp:attachment":[{"href":"https:\/\/blogsaverroes.juntadeandalucia.es\/ceipramonhernandez\/wp-json\/wp\/v2\/media?parent=10930"}],"wp:term":[{"taxonomy":"category","embeddable":true,"href":"https:\/\/blogsaverroes.juntadeandalucia.es\/ceipramonhernandez\/wp-json\/wp\/v2\/categories?post=10930"},{"taxonomy":"post_tag","embeddable":true,"href":"https:\/\/blogsaverroes.juntadeandalucia.es\/ceipramonhernandez\/wp-json\/wp\/v2\/tags?post=10930"}],"curies":[{"name":"wp","href":"https:\/\/api.w.org\/{rel}","templated":true}]}}