{"id":11803,"date":"2019-06-18T07:30:53","date_gmt":"2019-06-18T06:30:53","guid":{"rendered":"https:\/\/blogsaverroes.juntadeandalucia.es\/ceipramonhernandez\/?p=11803"},"modified":"2019-06-17T09:19:53","modified_gmt":"2019-06-17T08:19:53","slug":"fiesta-fin-de-curso-2019","status":"publish","type":"post","link":"https:\/\/blogsaverroes.juntadeandalucia.es\/ceipramonhernandez\/fiesta-fin-de-curso-2019\/","title":{"rendered":"FIESTA FIN DE CURSO 2019"},"content":{"rendered":"<p style=\"text-align: justify\"><span style=\"font-family: 'comic sans ms', sans-serif\">Al igual que para la Cruz de mayo solidaria, l@s alumn@s de 6\u00ba dentro de la asignatura de Cultura y pr\u00e1ctica digital, han realizado un trabajo-concurso que consist\u00eda en elaborar un cartel anunciador de la fiesta de fin de curso.<\/span><\/p>\n<p style=\"text-align: justify\"><span style=\"font-family: 'comic sans ms', sans-serif\">En esta ocasi\u00f3n la ganadora ha sido&nbsp;<strong>Claudia Otero P\u00e9rez<\/strong>. Enhorabuena!!!!<\/span><\/p>\n<div class=\"text_exposed_show\">\n<p style=\"text-align: justify\"><span style=\"font-family: 'comic sans ms', sans-serif\">La celebraci\u00f3n de la fiesta de fin de curso est\u00e1 prevista para el&nbsp;<strong>jueves d\u00eda 20 de junio a las 21:00 horas en la Caseta Municipal (las puertas se abrir\u00e1n al p\u00fablico a las 20:30 horas)<\/strong>.<\/span><\/p>\n<p style=\"text-align: justify\"><span style=\"font-family: 'comic sans ms', sans-serif\">Aqu\u00ed os dejamos el cartel anunciador ganador, el programa de actividades previstas y la nota ORGANIZACI\u00d3N FIESTA FIN DE CURSO con los cambios y novedades de este a\u00f1o..<\/span><\/p>\n<p style=\"text-align: justify\"><span style=\"font-family: 'comic sans ms', sans-serif\"><strong>NO FALT\u00c9IS A LA FIESTA!!!!!!!!<\/strong><\/span><br \/>\n<span style=\"font-family: 'comic sans ms', sans-serif\"><strong>LO PASAREMOS BOMBA!!!!!!!<\/strong><\/span><\/p>\n<p style=\"text-align: justify\"><span style=\"font-family: 'comic sans ms', sans-serif\">P.D: Se ruega la m\u00e1xima difusi\u00f3n de este evento. Gracias<\/span><\/p>\n<p>\u200b<\/p>\n<table style=\"height: 91px\" width=\"614\">\n<tbody>\n<tr>\n<td style=\"width: 197px;text-align: center\"><a href=\"https:\/\/blogsaverroes.juntadeandalucia.es\/ceipramonhernandez\/files\/2019\/06\/CLAUDIA-FIESTA.jpg\" target=\"_blank\" rel=\"noopener\"><img loading=\"lazy\" decoding=\"async\" class=\"aligncenter wp-image-11806 size-medium\" title=\"Pinchar para ampliar\" src=\"https:\/\/blogsaverroes.juntadeandalucia.es\/ceipramonhernandez\/files\/2019\/06\/CLAUDIA-FIESTA-300x169.jpg\" alt=\"\" width=\"300\" height=\"169\" srcset=\"https:\/\/blogsaverroes.juntadeandalucia.es\/ceipramonhernandez\/files\/2019\/06\/CLAUDIA-FIESTA-300x169.jpg 300w, https:\/\/blogsaverroes.juntadeandalucia.es\/ceipramonhernandez\/files\/2019\/06\/CLAUDIA-FIESTA-768x432.jpg 768w, https:\/\/blogsaverroes.juntadeandalucia.es\/ceipramonhernandez\/files\/2019\/06\/CLAUDIA-FIESTA-24x14.jpg 24w, https:\/\/blogsaverroes.juntadeandalucia.es\/ceipramonhernandez\/files\/2019\/06\/CLAUDIA-FIESTA-36x20.jpg 36w, https:\/\/blogsaverroes.juntadeandalucia.es\/ceipramonhernandez\/files\/2019\/06\/CLAUDIA-FIESTA-48x27.jpg 48w, https:\/\/blogsaverroes.juntadeandalucia.es\/ceipramonhernandez\/files\/2019\/06\/CLAUDIA-FIESTA-400x225.jpg 400w, https:\/\/blogsaverroes.juntadeandalucia.es\/ceipramonhernandez\/files\/2019\/06\/CLAUDIA-FIESTA.jpg 960w\" sizes=\"(max-width: 300px) 100vw, 300px\" \/><\/a><\/td>\n<td style=\"width: 197px;text-align: center\">&nbsp;<a href=\"https:\/\/blogsaverroes.juntadeandalucia.es\/ceipramonhernandez\/files\/2019\/06\/Normas-organizacion-fin-de-curso-1.jpg\" target=\"_blank\" rel=\"noopener\"><img loading=\"lazy\" decoding=\"async\" class=\"aligncenter wp-image-11842 size-medium\" title=\"Pinchar para ampliar\" src=\"https:\/\/blogsaverroes.juntadeandalucia.es\/ceipramonhernandez\/files\/2019\/06\/Normas-organizacion-fin-de-curso-1-300x213.jpg\" alt=\"\" width=\"300\" height=\"213\" srcset=\"https:\/\/blogsaverroes.juntadeandalucia.es\/ceipramonhernandez\/files\/2019\/06\/Normas-organizacion-fin-de-curso-1-300x213.jpg 300w, https:\/\/blogsaverroes.juntadeandalucia.es\/ceipramonhernandez\/files\/2019\/06\/Normas-organizacion-fin-de-curso-1-768x545.jpg 768w, https:\/\/blogsaverroes.juntadeandalucia.es\/ceipramonhernandez\/files\/2019\/06\/Normas-organizacion-fin-de-curso-1-1024x727.jpg 1024w, https:\/\/blogsaverroes.juntadeandalucia.es\/ceipramonhernandez\/files\/2019\/06\/Normas-organizacion-fin-de-curso-1-24x17.jpg 24w, https:\/\/blogsaverroes.juntadeandalucia.es\/ceipramonhernandez\/files\/2019\/06\/Normas-organizacion-fin-de-curso-1-36x26.jpg 36w, https:\/\/blogsaverroes.juntadeandalucia.es\/ceipramonhernandez\/files\/2019\/06\/Normas-organizacion-fin-de-curso-1-48x34.jpg 48w, https:\/\/blogsaverroes.juntadeandalucia.es\/ceipramonhernandez\/files\/2019\/06\/Normas-organizacion-fin-de-curso-1.jpg 1137w\" sizes=\"(max-width: 300px) 100vw, 300px\" \/><\/a><\/td>\n<td style=\"width: 197px;text-align: center\"><a href=\"https:\/\/blogsaverroes.juntadeandalucia.es\/ceipramonhernandez\/files\/2019\/06\/portada_fiestafincurso_2019.jpg\" target=\"_blank\" rel=\"noopener\"><img loading=\"lazy\" decoding=\"async\" class=\"aligncenter wp-image-11805 size-medium\" title=\"Pinchar para ampliar\" src=\"https:\/\/blogsaverroes.juntadeandalucia.es\/ceipramonhernandez\/files\/2019\/06\/portada_fiestafincurso_2019-300x214.jpg\" alt=\"\" width=\"300\" height=\"214\" srcset=\"https:\/\/blogsaverroes.juntadeandalucia.es\/ceipramonhernandez\/files\/2019\/06\/portada_fiestafincurso_2019-300x214.jpg 300w, https:\/\/blogsaverroes.juntadeandalucia.es\/ceipramonhernandez\/files\/2019\/06\/portada_fiestafincurso_2019-768x548.jpg 768w, https:\/\/blogsaverroes.juntadeandalucia.es\/ceipramonhernandez\/files\/2019\/06\/portada_fiestafincurso_2019-1024x730.jpg 1024w, https:\/\/blogsaverroes.juntadeandalucia.es\/ceipramonhernandez\/files\/2019\/06\/portada_fiestafincurso_2019-24x17.jpg 24w, https:\/\/blogsaverroes.juntadeandalucia.es\/ceipramonhernandez\/files\/2019\/06\/portada_fiestafincurso_2019-36x26.jpg 36w, https:\/\/blogsaverroes.juntadeandalucia.es\/ceipramonhernandez\/files\/2019\/06\/portada_fiestafincurso_2019-48x34.jpg 48w, https:\/\/blogsaverroes.juntadeandalucia.es\/ceipramonhernandez\/files\/2019\/06\/portada_fiestafincurso_2019.jpg 1119w\" sizes=\"(max-width: 300px) 100vw, 300px\" \/><\/a><\/td>\n<td style=\"width: 198px;text-align: center\"><a href=\"https:\/\/blogsaverroes.juntadeandalucia.es\/ceipramonhernandez\/files\/2019\/06\/interior_fiestafindecurso_2019.jpg\" target=\"_blank\" rel=\"noopener\"><img loading=\"lazy\" decoding=\"async\" class=\"aligncenter wp-image-11849 size-medium\" title=\"Pinchar para ampliar\" src=\"https:\/\/blogsaverroes.juntadeandalucia.es\/ceipramonhernandez\/files\/2019\/06\/interior_fiestafindecurso_2019-300x187.jpg\" alt=\"\" width=\"300\" height=\"187\" srcset=\"https:\/\/blogsaverroes.juntadeandalucia.es\/ceipramonhernandez\/files\/2019\/06\/interior_fiestafindecurso_2019-300x187.jpg 300w, https:\/\/blogsaverroes.juntadeandalucia.es\/ceipramonhernandez\/files\/2019\/06\/interior_fiestafindecurso_2019-768x478.jpg 768w, https:\/\/blogsaverroes.juntadeandalucia.es\/ceipramonhernandez\/files\/2019\/06\/interior_fiestafindecurso_2019-1024x637.jpg 1024w, https:\/\/blogsaverroes.juntadeandalucia.es\/ceipramonhernandez\/files\/2019\/06\/interior_fiestafindecurso_2019-24x15.jpg 24w, https:\/\/blogsaverroes.juntadeandalucia.es\/ceipramonhernandez\/files\/2019\/06\/interior_fiestafindecurso_2019-36x22.jpg 36w, https:\/\/blogsaverroes.juntadeandalucia.es\/ceipramonhernandez\/files\/2019\/06\/interior_fiestafindecurso_2019-48x30.jpg 48w, https:\/\/blogsaverroes.juntadeandalucia.es\/ceipramonhernandez\/files\/2019\/06\/interior_fiestafindecurso_2019.jpg 1145w\" sizes=\"(max-width: 300px) 100vw, 300px\" \/><\/a><\/td>\n<\/tr>\n<\/tbody>\n<\/table>\n<\/div>\n","protected":false},"excerpt":{"rendered":"<p>Al igual que para la Cruz de mayo solidaria, l@s alumn@s de 6\u00ba dentro de la asignatura de Cultura y pr\u00e1ctica digital, han realizado un trabajo-concurso que consist\u00eda en elaborar un cartel anunciador de la fiesta de fin de curso. En esta ocasi\u00f3n la ganadora ha sido&nbsp;Claudia Otero P\u00e9rez. Enhorabuena!!!! La celebraci\u00f3n de la fiesta [&hellip;]<\/p>\n","protected":false},"author":5362,"featured_media":11806,"comment_status":"open","ping_status":"closed","sticky":false,"template":"","format":"standard","meta":{"ngg_post_thumbnail":0,"footnotes":""},"categories":[29706,29707,29708,59894,60253,60490,1245318,1245552,1245654,1852,526,1245800,1247054],"tags":[],"aioseo_notices":[],"_links":{"self":[{"href":"https:\/\/blogsaverroes.juntadeandalucia.es\/ceipramonhernandez\/wp-json\/wp\/v2\/posts\/11803"}],"collection":[{"href":"https:\/\/blogsaverroes.juntadeandalucia.es\/ceipramonhernandez\/wp-json\/wp\/v2\/posts"}],"about":[{"href":"https:\/\/blogsaverroes.juntadeandalucia.es\/ceipramonhernandez\/wp-json\/wp\/v2\/types\/post"}],"author":[{"embeddable":true,"href":"https:\/\/blogsaverroes.juntadeandalucia.es\/ceipramonhernandez\/wp-json\/wp\/v2\/users\/5362"}],"replies":[{"embeddable":true,"href":"https:\/\/blogsaverroes.juntadeandalucia.es\/ceipramonhernandez\/wp-json\/wp\/v2\/comments?post=11803"}],"version-history":[{"count":5,"href":"https:\/\/blogsaverroes.juntadeandalucia.es\/ceipramonhernandez\/wp-json\/wp\/v2\/posts\/11803\/revisions"}],"predecessor-version":[{"id":11850,"href":"https:\/\/blogsaverroes.juntadeandalucia.es\/ceipramonhernandez\/wp-json\/wp\/v2\/posts\/11803\/revisions\/11850"}],"wp:featuredmedia":[{"embeddable":true,"href":"https:\/\/blogsaverroes.juntadeandalucia.es\/ceipramonhernandez\/wp-json\/wp\/v2\/media\/11806"}],"wp:attachment":[{"href":"https:\/\/blogsaverroes.juntadeandalucia.es\/ceipramonhernandez\/wp-json\/wp\/v2\/media?parent=11803"}],"wp:term":[{"taxonomy":"category","embeddable":true,"href":"https:\/\/blogsaverroes.juntadeandalucia.es\/ceipramonhernandez\/wp-json\/wp\/v2\/categories?post=11803"},{"taxonomy":"post_tag","embeddable":true,"href":"https:\/\/blogsaverroes.juntadeandalucia.es\/ceipramonhernandez\/wp-json\/wp\/v2\/tags?post=11803"}],"curies":[{"name":"wp","href":"https:\/\/api.w.org\/{rel}","templated":true}]}}