{"id":12307,"date":"2019-06-21T12:36:04","date_gmt":"2019-06-21T11:36:04","guid":{"rendered":"https:\/\/blogsaverroes.juntadeandalucia.es\/ceipramonhernandez\/?p=12307"},"modified":"2019-06-21T17:48:30","modified_gmt":"2019-06-21T16:48:30","slug":"fiesta-fin-de-curso-2019-2","status":"publish","type":"post","link":"https:\/\/blogsaverroes.juntadeandalucia.es\/ceipramonhernandez\/fiesta-fin-de-curso-2019-2\/","title":{"rendered":"Fiesta fin de curso 2019"},"content":{"rendered":"<p style=\"text-align: justify\"><span style=\"font-family: 'comic sans ms', sans-serif\">Como ya es tradicional, anoche celebramos en la Caseta Municipal la Fiesta fin de curso del CEIP Ram\u00f3n Hern\u00e1ndez Mart\u00ednez\u200b<\/span><\/p>\n<p style=\"text-align: justify\"><span style=\"font-family: 'comic sans ms', sans-serif\">Antes de poneos las fotos, queremos dar las gracias:<\/span><\/p>\n<p style=\"text-align: justify\"><span style=\"font-family: 'comic sans ms', sans-serif\">\u2013 Al&nbsp;<strong>Excmo Ayuntamiento de Ca\u00f1ete de las Torres<\/strong>\u200b por prestarnos la Caseta Municipal y el equipo de m\u00fasica<\/span><\/p>\n<p style=\"text-align: justify\"><span style=\"font-family: 'comic sans ms', sans-serif\">\u2013 A madres (<strong>Beatriz Serrano y Sensi Pulido<\/strong>)\u200b y las maestras (<strong>To\u00f1i Ab\u00e1n, Carmen Vinos<\/strong> y<strong> Roc\u00edo Baena<\/strong>)&nbsp;que se dedicaron a la ingrata tarea de ocuparse de la cocina, con lo dura e invisible que es dicha ocupaci\u00f3n.<\/span><\/p>\n<p style=\"text-align: justify\"><span style=\"font-family: 'comic sans ms', sans-serif\">\u2013 A los padres y madres que se pasaron gran parte de la fiesta de sus hij@s sirviendo a los dem\u00e1s tras la barra (<strong>Marivi Moyano, M\u00aa Jos\u00e9 Garc\u00eda, Ana Isabel Jodar, Celi Padillo, Lourdes Barea, \u00c1ngel Zurita, Jos\u00e9 Antonio Pel\u00e1ez<\/strong>). Esperamos no dejarnos a ningun@ atr\u00e1s, a tod@s ell@s muchas gracias de nuevo<\/span><\/p>\n<p style=\"text-align: justify\"><span style=\"font-family: 'comic sans ms', sans-serif\">\u2013 A&nbsp;<strong>Francis Jim\u00e9nez Ballesteros<\/strong>\u200b que adem\u00e1s de ayudar en la barra con l@s padres y madres antes mencionados, se tir\u00f3 toda la ma\u00f1ana en la caseta montando los altavoces y el sonido y sin cuya ayuda la fiesta no se hubiera podido celebrar<\/span><\/p>\n<p style=\"text-align: justify\"><span style=\"font-family: 'comic sans ms', sans-serif\">\u2013 A&nbsp;<strong>l@s ni\u00f1@s del cole<\/strong>, por hacer unos bailes tan bonitos y por el tiempo de ensayo que le han dedicado<\/span><\/p>\n<p style=\"text-align: justify\"><span style=\"font-family: 'comic sans ms', sans-serif\">\u2013 A&nbsp;<strong>Elena L\u00f3pez Carrillo<\/strong>&nbsp;y a&nbsp;<strong>Mireya Molinera Gonz\u00e1lez<\/strong>, alumnas de 6\u00ba, que tan brillantemente condujeron la gala<\/span><\/p>\n<p style=\"text-align: justify\"><span style=\"font-family: 'comic sans ms', sans-serif\">\u2013&nbsp;<strong>A las maestras que asistieron a la fiesta<\/strong>&nbsp;y que ayudaron tanto en la barra como en la recogida tras la fiesta<\/span><\/p>\n<p style=\"text-align: justify\"><span style=\"font-family: 'comic sans ms', sans-serif\">\u2013&nbsp;A<strong>&nbsp;Jos\u00e9 Luis Castro Calatrava, To\u00f1i Mart\u00ednez Le\u00f3n,<\/strong> exmaestr@s del colegio, y<strong> Segundo Molina&nbsp;Almir\u00f3n<\/strong>&nbsp;que un a\u00f1o m\u00e1s acudieron a la fiesta y nos ayudaron a recoger<\/span><\/p>\n<p style=\"text-align: justify\"><span style=\"font-family: 'comic sans ms', sans-serif\">\u2013&nbsp;A<strong> los padres, madres y familiares que se acercaron a la fiesta<\/strong>&nbsp;y compartieron un rato tan agradable con nosotr@s<\/span><\/p>\n<p style=\"text-align: justify\"><span style=\"font-family: 'comic sans ms', sans-serif\">\u2013 A&nbsp;<strong>Loles Perez<\/strong>\u200b por, una vez m\u00e1s, amenizarnos el fin de fiesta<\/span><\/p>\n<p style=\"text-align: justify\"><span style=\"font-family: 'comic sans ms', sans-serif\">A tod@s ell@s, como siempre, <strong>MUCHAS GRACIAS!!!!!!!<\/strong><\/span><\/p>\n<p style=\"text-align: justify\"><span style=\"font-family: 'comic sans ms', sans-serif\">Por otra parte, queremos pedir disculpas por lo r\u00e1pido que se termin\u00f3 la comida pero en eventos que duran unas pocas horas es muy dif\u00edcil calcular y unas veces te quedas corto (como en esta ocasi\u00f3n) y en otras te sobra comida para varias semanas (como tambi\u00e9n ha ocurrido en otras ocasiones). Lo sentimos<\/span><\/p>\n<p style=\"text-align: justify\"><span style=\"font-family: 'comic sans ms', sans-serif\">Bueno, pues aqu\u00ed os dejamos las fotos para que las disfrut\u00e9is<\/span><\/p>\nngg_shortcode_0_placeholder\n","protected":false},"excerpt":{"rendered":"<p>Como ya es tradicional, anoche celebramos en la Caseta Municipal la Fiesta fin de curso del CEIP Ram\u00f3n Hern\u00e1ndez Mart\u00ednez\u200b Antes de poneos las fotos, queremos dar las gracias: \u2013 Al&nbsp;Excmo Ayuntamiento de Ca\u00f1ete de las Torres\u200b por prestarnos la Caseta Municipal y el equipo de m\u00fasica \u2013 A madres (Beatriz Serrano y Sensi Pulido)\u200b [&hellip;]<\/p>\n","protected":false},"author":5362,"featured_media":12472,"comment_status":"open","ping_status":"closed","sticky":false,"template":"","format":"standard","meta":{"ngg_post_thumbnail":0,"footnotes":""},"categories":[29706,29707,29708,59894,60253,60490,1245318,1245552,1245654,1852,526,1245800,1247054],"tags":[],"aioseo_notices":[],"_links":{"self":[{"href":"https:\/\/blogsaverroes.juntadeandalucia.es\/ceipramonhernandez\/wp-json\/wp\/v2\/posts\/12307"}],"collection":[{"href":"https:\/\/blogsaverroes.juntadeandalucia.es\/ceipramonhernandez\/wp-json\/wp\/v2\/posts"}],"about":[{"href":"https:\/\/blogsaverroes.juntadeandalucia.es\/ceipramonhernandez\/wp-json\/wp\/v2\/types\/post"}],"author":[{"embeddable":true,"href":"https:\/\/blogsaverroes.juntadeandalucia.es\/ceipramonhernandez\/wp-json\/wp\/v2\/users\/5362"}],"replies":[{"embeddable":true,"href":"https:\/\/blogsaverroes.juntadeandalucia.es\/ceipramonhernandez\/wp-json\/wp\/v2\/comments?post=12307"}],"version-history":[{"count":5,"href":"https:\/\/blogsaverroes.juntadeandalucia.es\/ceipramonhernandez\/wp-json\/wp\/v2\/posts\/12307\/revisions"}],"predecessor-version":[{"id":12906,"href":"https:\/\/blogsaverroes.juntadeandalucia.es\/ceipramonhernandez\/wp-json\/wp\/v2\/posts\/12307\/revisions\/12906"}],"wp:featuredmedia":[{"embeddable":true,"href":"https:\/\/blogsaverroes.juntadeandalucia.es\/ceipramonhernandez\/wp-json\/wp\/v2\/media\/12472"}],"wp:attachment":[{"href":"https:\/\/blogsaverroes.juntadeandalucia.es\/ceipramonhernandez\/wp-json\/wp\/v2\/media?parent=12307"}],"wp:term":[{"taxonomy":"category","embeddable":true,"href":"https:\/\/blogsaverroes.juntadeandalucia.es\/ceipramonhernandez\/wp-json\/wp\/v2\/categories?post=12307"},{"taxonomy":"post_tag","embeddable":true,"href":"https:\/\/blogsaverroes.juntadeandalucia.es\/ceipramonhernandez\/wp-json\/wp\/v2\/tags?post=12307"}],"curies":[{"name":"wp","href":"https:\/\/api.w.org\/{rel}","templated":true}]}}