{"id":13430,"date":"2019-11-08T18:55:47","date_gmt":"2019-11-08T17:55:47","guid":{"rendered":"https:\/\/blogsaverroes.juntadeandalucia.es\/ceipramonhernandez\/?p=13430"},"modified":"2019-11-09T09:30:50","modified_gmt":"2019-11-09T08:30:50","slug":"castanada-2019","status":"publish","type":"post","link":"https:\/\/blogsaverroes.juntadeandalucia.es\/ceipramonhernandez\/castanada-2019\/","title":{"rendered":"Casta\u00f1ada 2019"},"content":{"rendered":"<p style=\"text-align: justify\"><span style=\"font-family: 'comic sans ms', sans-serif\">Hoy, como en a\u00f1os anteriores, hemos celebrado nuestra tradicional casta\u00f1ada aunque este a\u00f1o la hemos realizado de manera totalmente novedosa para l@s ni\u00f1@s.<\/span><\/p>\n<p style=\"text-align: justify\"><span style=\"font-family: 'comic sans ms', sans-serif\">La maestra de 3\u00ba, D\u00aa Mar\u00eda Castro Mart\u00ednez, contact\u00f3 con un casta\u00f1ero que se ha desplazado hasta el colegio con todos los artilugios necesarios para asar las casta\u00f1as in situ y que l@s alumn@s lo pudiesen ver en directo. Tambi\u00e9n les ha explicado todo el proceso, la recolecci\u00f3n, la limpieza, la criba, el asado&#8230;&#8230; y ha respondido a todas sus preguntas y dudas.<\/span><\/p>\n<p style=\"text-align: justify\"><span style=\"font-family: 'comic sans ms', sans-serif\">Gracias a la maestra Mar\u00eda y a Manolo, el simp\u00e1tico casta\u00f1ero de Bujalance que nos ha hecho unas casta\u00f1as riqu\u00ed\u00ed\u00ed\u00ed\u00ed\u00ed\u00edsimas. Aqu\u00ed os dejamos unas fotos del acto<\/span><\/p>\nngg_shortcode_0_placeholder\n","protected":false},"excerpt":{"rendered":"<p>Hoy, como en a\u00f1os anteriores, hemos celebrado nuestra tradicional casta\u00f1ada aunque este a\u00f1o la hemos realizado de manera totalmente novedosa para l@s ni\u00f1@s. La maestra de 3\u00ba, D\u00aa Mar\u00eda Castro Mart\u00ednez, contact\u00f3 con un casta\u00f1ero que se ha desplazado hasta el colegio con todos los artilugios necesarios para asar las casta\u00f1as in situ y que [&hellip;]<\/p>\n","protected":false},"author":5362,"featured_media":13448,"comment_status":"open","ping_status":"closed","sticky":false,"template":"","format":"standard","meta":{"ngg_post_thumbnail":0,"footnotes":""},"categories":[29706,29707,29708,59894,60253,60490,1245318,1245552,1245654,1852,526,1245800,1247054],"tags":[],"aioseo_notices":[],"_links":{"self":[{"href":"https:\/\/blogsaverroes.juntadeandalucia.es\/ceipramonhernandez\/wp-json\/wp\/v2\/posts\/13430"}],"collection":[{"href":"https:\/\/blogsaverroes.juntadeandalucia.es\/ceipramonhernandez\/wp-json\/wp\/v2\/posts"}],"about":[{"href":"https:\/\/blogsaverroes.juntadeandalucia.es\/ceipramonhernandez\/wp-json\/wp\/v2\/types\/post"}],"author":[{"embeddable":true,"href":"https:\/\/blogsaverroes.juntadeandalucia.es\/ceipramonhernandez\/wp-json\/wp\/v2\/users\/5362"}],"replies":[{"embeddable":true,"href":"https:\/\/blogsaverroes.juntadeandalucia.es\/ceipramonhernandez\/wp-json\/wp\/v2\/comments?post=13430"}],"version-history":[{"count":2,"href":"https:\/\/blogsaverroes.juntadeandalucia.es\/ceipramonhernandez\/wp-json\/wp\/v2\/posts\/13430\/revisions"}],"predecessor-version":[{"id":13459,"href":"https:\/\/blogsaverroes.juntadeandalucia.es\/ceipramonhernandez\/wp-json\/wp\/v2\/posts\/13430\/revisions\/13459"}],"wp:featuredmedia":[{"embeddable":true,"href":"https:\/\/blogsaverroes.juntadeandalucia.es\/ceipramonhernandez\/wp-json\/wp\/v2\/media\/13448"}],"wp:attachment":[{"href":"https:\/\/blogsaverroes.juntadeandalucia.es\/ceipramonhernandez\/wp-json\/wp\/v2\/media?parent=13430"}],"wp:term":[{"taxonomy":"category","embeddable":true,"href":"https:\/\/blogsaverroes.juntadeandalucia.es\/ceipramonhernandez\/wp-json\/wp\/v2\/categories?post=13430"},{"taxonomy":"post_tag","embeddable":true,"href":"https:\/\/blogsaverroes.juntadeandalucia.es\/ceipramonhernandez\/wp-json\/wp\/v2\/tags?post=13430"}],"curies":[{"name":"wp","href":"https:\/\/api.w.org\/{rel}","templated":true}]}}