{"id":16268,"date":"2020-03-21T15:18:03","date_gmt":"2020-03-21T14:18:03","guid":{"rendered":"https:\/\/blogsaverroes.juntadeandalucia.es\/ceipramonhernandez\/?p=16268"},"modified":"2020-03-25T18:18:32","modified_gmt":"2020-03-25T17:18:32","slug":"reto-coronavirus","status":"publish","type":"post","link":"https:\/\/blogsaverroes.juntadeandalucia.es\/ceipramonhernandez\/reto-coronavirus\/","title":{"rendered":"Reto v\u00eddeo coronavirus"},"content":{"rendered":"<p style=\"text-align: justify\"><span style=\"font-family: 'comic sans ms', sans-serif\">Estimadas familias:<\/span><\/p>\n<p style=\"text-align: justify\"><span style=\"font-family: 'comic sans ms', sans-serif\">\u00bfQu\u00e9 tal? \u00bfC\u00f3mo estamos llevando este encierro? Para hacerlo algo m\u00e1s llevadero y animar a otr@s a superarlo se nos ha ocurrido hacer un v\u00eddeo con tod@s l@s miembr@s de la Comunidad Educativa del cole (ni\u00f1@s, padres\/madres, familiares de nuestr@s alumn@s, maestr@s y exmaestr@s, conocid@s, simpatizantes&#8230;..) que voluntariamente quieran participar, para despu\u00e9s colgarlo en nuestra web y Facebook.<\/span><\/p>\n<p style=\"text-align: justify\"><span style=\"font-family: 'comic sans ms', sans-serif\">Si est\u00e1n interesados s\u00f3lo han de hacerse una foto con el m\u00f3vi<span class=\"text_exposed_show\">l en horizontal (solos o en familia) con un folio en el que se vea&nbsp;<a class=\"_58cn\" href=\"https:\/\/www.facebook.com\/hashtag\/qu%C3%A9dateencasa?source=feed_text&amp;epa=HASHTAG&amp;__xts__%5B0%5D=68.ARAWTtsTEdlbtMnOnxspUrA5HfYHYQDegVrqs4rNHmAZbScxab5VgnZQafnV7AWMd1jyBnm9sC4_-pXGDxpIGfIGD2dqkjzYIlpxWdqwjjCTVXBHqBDWGnXIDQ36jy6nuQlfeKmqvuUX2iit58njfsqN7IcPw4kJA9P63q70CsiAtXdjDQJdm7x4dPR-bJEbQZTmrxDUHDTWBh-MrcOvMfHzT1vGWs-mQ_vDnBHfoZXm2iwvZXCW3dDKnmHdy7TswtUckNPrOwmzlfaJHpP4nUfvkTyswtNV0roASj7qTkE2Iia2srkl3wRizNVSjfru-NbVm-2g6AS01qL0krkAXSg&amp;__tn__=%2ANK-R\" data-ft=\"{&quot;type&quot;:104,&quot;tn&quot;:&quot;*N&quot;}\"><span class=\"_5afx\"><span class=\"_58cl _5afz\" aria-label=\"hashtag\">#<\/span><span class=\"_58cm\">Qu\u00e9dateEnCasa<\/span><\/span><\/a>&nbsp;y enviarla:<\/span><\/span><\/p>\n<div class=\"text_exposed_show\">\n<p style=\"text-align: justify\"><span style=\"font-family: 'comic sans ms', sans-serif\">&#8211; Al Whatsapp del cole 671 56 94 71<\/span><br \/>\n<span style=\"font-family: 'comic sans ms', sans-serif\">&#8211; Al email del cole&nbsp;<a href=\"https:\/\/l.facebook.com\/l.php?u=http%3A%2F%2F14000926.edu%2F%3Ffbclid%3DIwAR0VKoohcMR4pg7_N4DJWLRbGLu3B5O76TwFy72cH3LNHQwDyiZbyjdwTeU&amp;h=AT0gGB1h1eFmKY4Ul4sffu9zSQOIlOH6Ey8_e86vHFgw42kATPMGP7Q7CsyugB0pIZqHb9qkWvlh2Gt8ehc8BVcFH_hjtFJSjDkLbI2SoR2hQycWfc5Nu0Fu9kWcRVC7hjSXuG8iPJ1DJjaAZpRe-dHon1013knTYiSUBSGyPpHkeVV2vrgy_txGejwpGllMWYWPJKuyfW4TWKMzAoe1oNcLUQTPpgzqFvGv29bC8MZv-JJNAX1-nATS7X7g_tcfQZyrNdKbBjJ1DwtstvWINKIYtqY5-FRswHV_7subhCSKcnXMQkIC4luX4nV8pPZgEKgArBgtmr624hPSO5hhDFWQoKMi8hKNvYqBTN2cCQYvAKE4dCYga5sHFcXbusPFCampDrFmhg3twKUVDkPQV8n3qtXeek9cFiiVZP7LS6Nz1MiSNS1dqjsmZBWwcl3Pi9H1eQhhLWa3QDd_CvifwzDaDOhkdhglZCdR4iqav9OF23_3J1VrnoXzXBAyDOBQi5lffDWDaCPdgaJdo5tLnE6mmPAbZw7C3hdxM5p57ObwnwBUZSvAMc0L92AJmBcX5isoB8fnxS9ECcbZWsAd_tj6030DpchmSHCoY-comG0UmFuQh8SqIyBeA6mitRlcsQ\" target=\"_blank\" rel=\"noopener nofollow noreferrer\" data-ft=\"{&quot;tn&quot;:&quot;-U&quot;}\" data-lynx-mode=\"async\">14000926.edu<\/a>@juntadeandalucia.es<\/span><br \/>\n<span style=\"font-family: 'comic sans ms', sans-serif\">&#8211; Al Whatsapp de la madre delegada de su clase<\/span><\/p>\n<p style=\"text-align: justify\"><span style=\"font-family: 'comic sans ms', sans-serif\">Con todas las fotos recibidas hasta el mi\u00e9rcoles a las 23:59 haremos una composici\u00f3n con m\u00fasica que esperamos que nos arranque una sonrisa en estos momentos tan delicados<\/span><\/p>\n<p style=\"text-align: justify\"><span style=\"font-family: 'comic sans ms', sans-serif\">\u00a1\u00a1\u00a1\u00a1 Mucho \u00e1nimo a tod@s en estos momentos tan dif\u00edciles !!!!<\/span><\/p>\n<p style=\"text-align: justify\"><span style=\"font-family: 'comic sans ms', sans-serif\">Queda un d\u00eda menos para vernos<\/span><br \/>\n<span style=\"font-family: 'comic sans ms', sans-serif\">\u00a1 Juntos lo conseguiremos !<\/span><\/p>\n<p style=\"text-align: justify\"><span style=\"font-family: 'comic sans ms', sans-serif\">Se ruega difusi\u00f3n<\/span><\/p>\n<\/div>\n","protected":false},"excerpt":{"rendered":"<p>Estimadas familias: \u00bfQu\u00e9 tal? \u00bfC\u00f3mo estamos llevando este encierro? Para hacerlo algo m\u00e1s llevadero y animar a otr@s a superarlo se nos ha ocurrido hacer un v\u00eddeo con tod@s l@s miembr@s de la Comunidad Educativa del cole (ni\u00f1@s, padres\/madres, familiares de nuestr@s alumn@s, maestr@s y exmaestr@s, conocid@s, simpatizantes&#8230;..) que voluntariamente quieran participar, para despu\u00e9s colgarlo [&hellip;]<\/p>\n","protected":false},"author":5362,"featured_media":16245,"comment_status":"open","ping_status":"closed","sticky":false,"template":"","format":"standard","meta":{"ngg_post_thumbnail":0,"footnotes":""},"categories":[29706,29707,29708,59894,60253,60490,1696,1245318,1245552,1245654,1852,526,1245800,1247054],"tags":[],"aioseo_notices":[],"_links":{"self":[{"href":"https:\/\/blogsaverroes.juntadeandalucia.es\/ceipramonhernandez\/wp-json\/wp\/v2\/posts\/16268"}],"collection":[{"href":"https:\/\/blogsaverroes.juntadeandalucia.es\/ceipramonhernandez\/wp-json\/wp\/v2\/posts"}],"about":[{"href":"https:\/\/blogsaverroes.juntadeandalucia.es\/ceipramonhernandez\/wp-json\/wp\/v2\/types\/post"}],"author":[{"embeddable":true,"href":"https:\/\/blogsaverroes.juntadeandalucia.es\/ceipramonhernandez\/wp-json\/wp\/v2\/users\/5362"}],"replies":[{"embeddable":true,"href":"https:\/\/blogsaverroes.juntadeandalucia.es\/ceipramonhernandez\/wp-json\/wp\/v2\/comments?post=16268"}],"version-history":[{"count":2,"href":"https:\/\/blogsaverroes.juntadeandalucia.es\/ceipramonhernandez\/wp-json\/wp\/v2\/posts\/16268\/revisions"}],"predecessor-version":[{"id":16272,"href":"https:\/\/blogsaverroes.juntadeandalucia.es\/ceipramonhernandez\/wp-json\/wp\/v2\/posts\/16268\/revisions\/16272"}],"wp:featuredmedia":[{"embeddable":true,"href":"https:\/\/blogsaverroes.juntadeandalucia.es\/ceipramonhernandez\/wp-json\/wp\/v2\/media\/16245"}],"wp:attachment":[{"href":"https:\/\/blogsaverroes.juntadeandalucia.es\/ceipramonhernandez\/wp-json\/wp\/v2\/media?parent=16268"}],"wp:term":[{"taxonomy":"category","embeddable":true,"href":"https:\/\/blogsaverroes.juntadeandalucia.es\/ceipramonhernandez\/wp-json\/wp\/v2\/categories?post=16268"},{"taxonomy":"post_tag","embeddable":true,"href":"https:\/\/blogsaverroes.juntadeandalucia.es\/ceipramonhernandez\/wp-json\/wp\/v2\/tags?post=16268"}],"curies":[{"name":"wp","href":"https:\/\/api.w.org\/{rel}","templated":true}]}}