{"id":16278,"date":"2020-03-26T10:48:01","date_gmt":"2020-03-26T09:48:01","guid":{"rendered":"https:\/\/blogsaverroes.juntadeandalucia.es\/ceipramonhernandez\/?p=16278"},"modified":"2020-03-26T10:58:57","modified_gmt":"2020-03-26T09:58:57","slug":"reto-video-coronavirus-2","status":"publish","type":"post","link":"https:\/\/blogsaverroes.juntadeandalucia.es\/ceipramonhernandez\/reto-video-coronavirus-2\/","title":{"rendered":"Reto v\u00eddeo coronavirus"},"content":{"rendered":"<div class=\"\" data-block=\"true\" data-editor=\"4kgev\" data-offset-key=\"7ocjg-0-0\">\n<div class=\"_1mf _1mj\" style=\"text-align: justify\" data-offset-key=\"7ocjg-0-0\"><span style=\"font-family: 'comic sans ms', sans-serif\" data-offset-key=\"7ocjg-0-0\">Estimadas familias:<\/span><\/div>\n<\/div>\n<div class=\"\" style=\"text-align: justify\" data-block=\"true\" data-editor=\"4kgev\" data-offset-key=\"ohr7-0-0\">\n<div class=\"_1mf _1mj\" data-offset-key=\"ohr7-0-0\"><span style=\"font-family: 'comic sans ms', sans-serif\" data-offset-key=\"ohr7-0-0\">&nbsp;<\/span><\/div>\n<\/div>\n<div class=\"\" style=\"text-align: justify\" data-block=\"true\" data-editor=\"4kgev\" data-offset-key=\"b28ru-0-0\">\n<div class=\"_1mf _1mj\" data-offset-key=\"b28ru-0-0\"><span style=\"font-family: 'comic sans ms', sans-serif\" data-offset-key=\"b28ru-0-0\">Nos alegra comunicaros que ya est\u00e1 listo el v\u00eddeo que entre tod@s hemos realizado para animarnos contra el coronavirus.<\/span><\/div>\n<\/div>\n<div class=\"\" style=\"text-align: justify\" data-block=\"true\" data-editor=\"4kgev\" data-offset-key=\"bdqpr-0-0\">\n<div class=\"_1mf _1mj\" data-offset-key=\"bdqpr-0-0\"><span style=\"font-family: 'comic sans ms', sans-serif\" data-offset-key=\"bdqpr-0-0\">&nbsp;<\/span><\/div>\n<\/div>\n<div class=\"\" style=\"text-align: justify\" data-block=\"true\" data-editor=\"4kgev\" data-offset-key=\"2isev-0-0\">\n<div class=\"_1mf _1mj\" data-offset-key=\"2isev-0-0\"><span style=\"font-family: 'comic sans ms', sans-serif\" data-offset-key=\"2isev-0-0\">Desde el cole queremos dar las gracias:<\/span><\/div>\n<div data-offset-key=\"2isev-0-0\">&nbsp;<\/div>\n<\/div>\n<div class=\"\" style=\"text-align: justify\" data-block=\"true\" data-editor=\"4kgev\" data-offset-key=\"4qhqk-0-0\">\n<div class=\"_1mf _1mj\" data-offset-key=\"4qhqk-0-0\"><span style=\"font-family: 'comic sans ms', sans-serif\" data-offset-key=\"4qhqk-0-0\"> &#8211; <strong>A tod@s l@s que hab\u00e9is encontrado un momento para participar en el v\u00eddeo<\/strong>, sabemos que no es f\u00e1cil en estos momentos por la locura de d\u00edas que llevamos desde que se decret\u00f3 el estado de alarma<\/span><\/div>\n<\/div>\n<div class=\"\" style=\"text-align: justify\" data-block=\"true\" data-editor=\"4kgev\" data-offset-key=\"c6hrh-0-0\">\n<div class=\"_1mf _1mj\" data-offset-key=\"c6hrh-0-0\"><span style=\"font-family: 'comic sans ms', sans-serif\" data-offset-key=\"c6hrh-0-0\">&#8211; Por supuesto, <strong>A L@S DELEGAD@S DE PADRES Y MADRES<\/strong> de cada clase del colegio que se han encargado de recoger las fotos de su curso y hac\u00e9rnoslas llegar<\/span><\/div>\n<\/div>\n<div class=\"\" style=\"text-align: justify\" data-block=\"true\" data-editor=\"4kgev\" data-offset-key=\"4s2ui-0-0\">\n<div class=\"_1mf _1mj\" data-offset-key=\"4s2ui-0-0\"><span style=\"font-family: 'comic sans ms', sans-serif\" data-offset-key=\"4s2ui-0-0\">&nbsp;<\/span><\/div>\n<\/div>\n<div class=\"\" style=\"text-align: justify\" data-block=\"true\" data-editor=\"4kgev\" data-offset-key=\"cdrs0-0-0\">\n<div class=\"_1mf _1mj\" data-offset-key=\"cdrs0-0-0\"><span style=\"font-family: 'comic sans ms', sans-serif\" data-offset-key=\"cdrs0-0-0\">Muchas gracias a tod@s<\/span><\/div>\n<\/div>\n<div class=\"\" style=\"text-align: justify\" data-block=\"true\" data-editor=\"4kgev\" data-offset-key=\"3toq-0-0\">\n<div class=\"_1mf _1mj\" data-offset-key=\"3toq-0-0\"><span style=\"font-family: 'comic sans ms', sans-serif\" data-offset-key=\"3toq-0-0\">&nbsp;<\/span><\/div>\n<\/div>\n<div class=\"\" style=\"text-align: justify\" data-block=\"true\" data-editor=\"4kgev\" data-offset-key=\"8vjrl-0-0\">\n<div class=\"_1mf _1mj\" data-offset-key=\"8vjrl-0-0\"><span style=\"font-family: 'comic sans ms', sans-serif\" data-offset-key=\"8vjrl-0-0\">Esperamos que os guste y ya sab\u00e9is&#8230;&#8230;<strong>QUEDA UN D\u00cdA MENOS PARA VERNOS!!!!!!!!<\/strong><\/span><\/div>\n<\/div>\n<div class=\"\" style=\"text-align: justify\" data-block=\"true\" data-editor=\"4kgev\" data-offset-key=\"5h1rk-0-0\">\n<div class=\"_1mf _1mj\" data-offset-key=\"5h1rk-0-0\"><span style=\"font-family: 'comic sans ms', sans-serif\" data-offset-key=\"5h1rk-0-0\">&nbsp;<\/span><\/div>\n<div data-offset-key=\"5h1rk-0-0\"><a href=\"https:\/\/youtu.be\/PNAT1yVu1xE\" target=\"_blank\" rel=\"noopener noreferrer\"><span style=\"font-family: 'comic sans ms', sans-serif;font-size: 18pt\">https:\/\/youtu.be\/PNAT1yVu1xE<\/span><\/a><\/div>\n<div data-offset-key=\"5h1rk-0-0\">&nbsp;<\/div>\n<\/div>\n<div class=\"\" data-block=\"true\" data-editor=\"4kgev\" data-offset-key=\"blfon-0-0\">\n<div class=\"_1mf _1mj\" style=\"text-align: justify\" data-offset-key=\"blfon-0-0\"><strong><span class=\"_5zk7\" style=\"font-family: 'comic sans ms', sans-serif\" data-offset-key=\"blfon-0-0\">#MeQuedoEnCasa<\/span><\/strong><\/div>\n<\/div>\n<div data-offset-key=\"blfon-0-0\">&nbsp;<\/div>\n<div data-offset-key=\"blfon-0-0\">&nbsp;<\/div>\n","protected":false},"excerpt":{"rendered":"<p>Estimadas familias: &nbsp; Nos alegra comunicaros que ya est\u00e1 listo el v\u00eddeo que entre tod@s hemos realizado para animarnos contra el coronavirus. &nbsp; Desde el cole queremos dar las gracias: &nbsp; &#8211; A tod@s l@s que hab\u00e9is encontrado un momento para participar en el v\u00eddeo, sabemos que no es f\u00e1cil en estos momentos por la [&hellip;]<\/p>\n","protected":false},"author":5362,"featured_media":16245,"comment_status":"open","ping_status":"closed","sticky":false,"template":"","format":"standard","meta":{"ngg_post_thumbnail":0,"footnotes":""},"categories":[29706,29707,29708,59894,60253,60490,1696,1245318,1245552,1245654,1852,526,1245800,1247054],"tags":[],"aioseo_notices":[],"_links":{"self":[{"href":"https:\/\/blogsaverroes.juntadeandalucia.es\/ceipramonhernandez\/wp-json\/wp\/v2\/posts\/16278"}],"collection":[{"href":"https:\/\/blogsaverroes.juntadeandalucia.es\/ceipramonhernandez\/wp-json\/wp\/v2\/posts"}],"about":[{"href":"https:\/\/blogsaverroes.juntadeandalucia.es\/ceipramonhernandez\/wp-json\/wp\/v2\/types\/post"}],"author":[{"embeddable":true,"href":"https:\/\/blogsaverroes.juntadeandalucia.es\/ceipramonhernandez\/wp-json\/wp\/v2\/users\/5362"}],"replies":[{"embeddable":true,"href":"https:\/\/blogsaverroes.juntadeandalucia.es\/ceipramonhernandez\/wp-json\/wp\/v2\/comments?post=16278"}],"version-history":[{"count":4,"href":"https:\/\/blogsaverroes.juntadeandalucia.es\/ceipramonhernandez\/wp-json\/wp\/v2\/posts\/16278\/revisions"}],"predecessor-version":[{"id":16282,"href":"https:\/\/blogsaverroes.juntadeandalucia.es\/ceipramonhernandez\/wp-json\/wp\/v2\/posts\/16278\/revisions\/16282"}],"wp:featuredmedia":[{"embeddable":true,"href":"https:\/\/blogsaverroes.juntadeandalucia.es\/ceipramonhernandez\/wp-json\/wp\/v2\/media\/16245"}],"wp:attachment":[{"href":"https:\/\/blogsaverroes.juntadeandalucia.es\/ceipramonhernandez\/wp-json\/wp\/v2\/media?parent=16278"}],"wp:term":[{"taxonomy":"category","embeddable":true,"href":"https:\/\/blogsaverroes.juntadeandalucia.es\/ceipramonhernandez\/wp-json\/wp\/v2\/categories?post=16278"},{"taxonomy":"post_tag","embeddable":true,"href":"https:\/\/blogsaverroes.juntadeandalucia.es\/ceipramonhernandez\/wp-json\/wp\/v2\/tags?post=16278"}],"curies":[{"name":"wp","href":"https:\/\/api.w.org\/{rel}","templated":true}]}}