{"id":16811,"date":"2020-09-10T20:01:58","date_gmt":"2020-09-10T19:01:58","guid":{"rendered":"https:\/\/blogsaverroes.juntadeandalucia.es\/ceipramonhernandez\/?p=16811"},"modified":"2020-09-10T20:01:58","modified_gmt":"2020-09-10T19:01:58","slug":"suspension-del-comedor","status":"publish","type":"post","link":"https:\/\/blogsaverroes.juntadeandalucia.es\/ceipramonhernandez\/suspension-del-comedor\/","title":{"rendered":"Suspensi\u00f3n del comedor"},"content":{"rendered":"<p style=\"text-align: justify\"><span style=\"font-family: 'comic sans ms', sans-serif\">Sentimos comunicar que hoy hemos recibido este comunicado de la Oficina de Gesti\u00f3n de Servicios de la Agencia P\u00fablica Andaluza de Educaci\u00f3n:<\/span><\/p>\n<p style=\"text-align: justify\">\n<span style=\"font-family: 'comic sans ms', sans-serif\">\u00ab<em>La empresa que presta el servicio de comedor escolar en su centro ha comunicado la imposibilidad material de reanudar el servicio de comedor escolar a partir de hoy d\u00eda 10 de septiembre<\/em><\/span><\/p>\n<p style=\"text-align: justify\"><em><span style=\"font-family: 'comic sans ms', sans-serif\">La Agencia P\u00fablica Andaluza de Educaci\u00f3n iniciar\u00e1 de inmediato otro proceso de contrataci\u00f3n para restituir el servicio lo antes posible.<\/span><\/em><\/p>\n<p style=\"text-align: justify\"><em><span style=\"font-family: 'comic sans ms', sans-serif\">(&#8230;)<\/span><\/em><\/p>\n<p style=\"text-align: justify\"><span style=\"font-family: 'comic sans ms', sans-serif\"><em>La Agencia lamenta las consecuencias sobrevenidas de este grave abandono de servicio p\u00fablico por una empresa contratista, y manifiesta a la comunidad educativa que se iniciar\u00e1 la tramitaci\u00f3n urgente de procedimientos de contrataci\u00f3n p\u00fablica para una pronta restituci\u00f3n del servicio con nuevos operadores.<\/em>\u00ab<\/span><\/p>\n<p style=\"text-align: justify\"><span style=\"font-family: 'comic sans ms', sans-serif\">Por lo que <strong>el servicio de comedor no comenzar\u00e1 hasta que una nueva empresa se haga adjudicataria del servicio<\/strong><\/span><\/p>\n<p style=\"text-align: justify\"><strong><span style=\"font-family: 'comic sans ms', sans-serif\">Lamentamos mucho los inconvenientes que puede crear a las familias que necesitan hacer uso del comedor pero no es una decisi\u00f3n nuestra. Nos ha pillado tan de sorpresa como a vosotros<\/span><\/strong><\/p>\n","protected":false},"excerpt":{"rendered":"<p>Sentimos comunicar que hoy hemos recibido este comunicado de la Oficina de Gesti\u00f3n de Servicios de la Agencia P\u00fablica Andaluza de Educaci\u00f3n: \u00abLa empresa que presta el servicio de comedor escolar en su centro ha comunicado la imposibilidad material de reanudar el servicio de comedor escolar a partir de hoy d\u00eda 10 de septiembre La [&hellip;]<\/p>\n","protected":false},"author":5362,"featured_media":16779,"comment_status":"open","ping_status":"closed","sticky":false,"template":"","format":"standard","meta":{"ngg_post_thumbnail":0,"footnotes":""},"categories":[29706,29707,29708,59894,60253,60490,1245318,1245552,1245654,1852,526,1245800,1247054],"tags":[],"aioseo_notices":[],"_links":{"self":[{"href":"https:\/\/blogsaverroes.juntadeandalucia.es\/ceipramonhernandez\/wp-json\/wp\/v2\/posts\/16811"}],"collection":[{"href":"https:\/\/blogsaverroes.juntadeandalucia.es\/ceipramonhernandez\/wp-json\/wp\/v2\/posts"}],"about":[{"href":"https:\/\/blogsaverroes.juntadeandalucia.es\/ceipramonhernandez\/wp-json\/wp\/v2\/types\/post"}],"author":[{"embeddable":true,"href":"https:\/\/blogsaverroes.juntadeandalucia.es\/ceipramonhernandez\/wp-json\/wp\/v2\/users\/5362"}],"replies":[{"embeddable":true,"href":"https:\/\/blogsaverroes.juntadeandalucia.es\/ceipramonhernandez\/wp-json\/wp\/v2\/comments?post=16811"}],"version-history":[{"count":1,"href":"https:\/\/blogsaverroes.juntadeandalucia.es\/ceipramonhernandez\/wp-json\/wp\/v2\/posts\/16811\/revisions"}],"predecessor-version":[{"id":16812,"href":"https:\/\/blogsaverroes.juntadeandalucia.es\/ceipramonhernandez\/wp-json\/wp\/v2\/posts\/16811\/revisions\/16812"}],"wp:featuredmedia":[{"embeddable":true,"href":"https:\/\/blogsaverroes.juntadeandalucia.es\/ceipramonhernandez\/wp-json\/wp\/v2\/media\/16779"}],"wp:attachment":[{"href":"https:\/\/blogsaverroes.juntadeandalucia.es\/ceipramonhernandez\/wp-json\/wp\/v2\/media?parent=16811"}],"wp:term":[{"taxonomy":"category","embeddable":true,"href":"https:\/\/blogsaverroes.juntadeandalucia.es\/ceipramonhernandez\/wp-json\/wp\/v2\/categories?post=16811"},{"taxonomy":"post_tag","embeddable":true,"href":"https:\/\/blogsaverroes.juntadeandalucia.es\/ceipramonhernandez\/wp-json\/wp\/v2\/tags?post=16811"}],"curies":[{"name":"wp","href":"https:\/\/api.w.org\/{rel}","templated":true}]}}