{"id":17033,"date":"2021-01-08T10:00:44","date_gmt":"2021-01-08T09:00:44","guid":{"rendered":"https:\/\/blogsaverroes.juntadeandalucia.es\/ceipramonhernandez\/?p=17033"},"modified":"2022-05-08T08:59:07","modified_gmt":"2022-05-08T07:59:07","slug":"festival-de-navidad","status":"publish","type":"post","link":"https:\/\/blogsaverroes.juntadeandalucia.es\/ceipramonhernandez\/festival-de-navidad\/","title":{"rendered":"Festival de Navidad 2020"},"content":{"rendered":"<p><span style=\"font-family: 'comic sans ms', sans-serif\">Estimadas familias:<\/span><\/p>\n<p><span style=\"font-family: 'comic sans ms', sans-serif\"><span style=\"font-family: comic sans ms, sans-serif\">aqu\u00ed os dejamos el montaje con <\/span>los villancicos y poes\u00edas de Navidad de l@s ni\u00f1@s que se iba a proyectar antes de vacaciones y que no se pudo realizar por las razones que todos conocemos.<\/span><\/p>\n<p><span style=\"font-family: 'comic sans ms', sans-serif\">Esperamos que os guste<\/span><\/p>\n<p><span style=\"font-family: 'comic sans ms', sans-serif\">Un saludo<\/span><\/p>\n<div class=\"post-video\"><iframe loading=\"lazy\" title=\"Festival Navidad 2020\" width=\"1165\" height=\"655\" src=\"https:\/\/www.youtube.com\/embed\/EG7xd8dYpNY?feature=oembed\" frameborder=\"0\" allow=\"accelerometer; autoplay; clipboard-write; encrypted-media; gyroscope; picture-in-picture\" allowfullscreen><\/iframe><\/div>\n","protected":false},"excerpt":{"rendered":"<p>Estimadas familias: aqu\u00ed os dejamos el montaje con los villancicos y poes\u00edas de Navidad de l@s ni\u00f1@s que se iba a proyectar antes de vacaciones y que no se pudo realizar por las razones que todos conocemos. Esperamos que os guste Un saludo<\/p>\n","protected":false},"author":5362,"featured_media":17064,"comment_status":"open","ping_status":"closed","sticky":false,"template":"","format":"standard","meta":{"ngg_post_thumbnail":0,"footnotes":""},"categories":[29706,29707,29708,59894,60253,60490,1245318,1245552,1245654,1852,526,1245800,1247054],"tags":[],"aioseo_notices":[],"_links":{"self":[{"href":"https:\/\/blogsaverroes.juntadeandalucia.es\/ceipramonhernandez\/wp-json\/wp\/v2\/posts\/17033"}],"collection":[{"href":"https:\/\/blogsaverroes.juntadeandalucia.es\/ceipramonhernandez\/wp-json\/wp\/v2\/posts"}],"about":[{"href":"https:\/\/blogsaverroes.juntadeandalucia.es\/ceipramonhernandez\/wp-json\/wp\/v2\/types\/post"}],"author":[{"embeddable":true,"href":"https:\/\/blogsaverroes.juntadeandalucia.es\/ceipramonhernandez\/wp-json\/wp\/v2\/users\/5362"}],"replies":[{"embeddable":true,"href":"https:\/\/blogsaverroes.juntadeandalucia.es\/ceipramonhernandez\/wp-json\/wp\/v2\/comments?post=17033"}],"version-history":[{"count":4,"href":"https:\/\/blogsaverroes.juntadeandalucia.es\/ceipramonhernandez\/wp-json\/wp\/v2\/posts\/17033\/revisions"}],"predecessor-version":[{"id":20691,"href":"https:\/\/blogsaverroes.juntadeandalucia.es\/ceipramonhernandez\/wp-json\/wp\/v2\/posts\/17033\/revisions\/20691"}],"wp:featuredmedia":[{"embeddable":true,"href":"https:\/\/blogsaverroes.juntadeandalucia.es\/ceipramonhernandez\/wp-json\/wp\/v2\/media\/17064"}],"wp:attachment":[{"href":"https:\/\/blogsaverroes.juntadeandalucia.es\/ceipramonhernandez\/wp-json\/wp\/v2\/media?parent=17033"}],"wp:term":[{"taxonomy":"category","embeddable":true,"href":"https:\/\/blogsaverroes.juntadeandalucia.es\/ceipramonhernandez\/wp-json\/wp\/v2\/categories?post=17033"},{"taxonomy":"post_tag","embeddable":true,"href":"https:\/\/blogsaverroes.juntadeandalucia.es\/ceipramonhernandez\/wp-json\/wp\/v2\/tags?post=17033"}],"curies":[{"name":"wp","href":"https:\/\/api.w.org\/{rel}","templated":true}]}}