{"id":18687,"date":"2021-12-15T16:46:48","date_gmt":"2021-12-15T15:46:48","guid":{"rendered":"https:\/\/blogsaverroes.juntadeandalucia.es\/ceipramonhernandez\/?p=18687"},"modified":"2021-12-15T16:46:48","modified_gmt":"2021-12-15T15:46:48","slug":"recogida-solidaria-de-alimentos-2","status":"publish","type":"post","link":"https:\/\/blogsaverroes.juntadeandalucia.es\/ceipramonhernandez\/recogida-solidaria-de-alimentos-2\/","title":{"rendered":"Recogida Solidaria de Alimentos"},"content":{"rendered":"<div class=\"kvgmc6g5 cxmmr5t8 oygrvhab hcukyx3x c1et5uql ii04i59q\">\n<div dir=\"auto\" style=\"text-align: justify\"><span style=\"font-family: 'comic sans ms', sans-serif\">Estimadas familias:<\/span><\/div>\n<\/div>\n<div class=\"cxmmr5t8 oygrvhab hcukyx3x c1et5uql o9v6fnle ii04i59q\" style=\"text-align: justify\">\n<div dir=\"auto\">&nbsp;<\/div>\n<div dir=\"auto\"><span style=\"font-family: 'comic sans ms', sans-serif\">s\u00f3lo queremos compartir con ustedes la buena aceptaci\u00f3n que est\u00e1 teniendo la recogida solidaria de alimentos para ayudar a las familias afectadas por el \u201c<strong>Volc\u00e1n de La Palma<\/strong>\u201d bajo el lema \u00ab<strong>TUS ALIMENTOS SON SONRISAS<\/strong>\u00bb<\/span><\/div>\n<\/div>\n<div class=\"cxmmr5t8 oygrvhab hcukyx3x c1et5uql o9v6fnle ii04i59q\" style=\"text-align: justify\">\n<div dir=\"auto\">&nbsp;<\/div>\n<div dir=\"auto\"><span style=\"font-family: 'comic sans ms', sans-serif\">Animamos a quien a\u00fan quiera (puesto que es totalmente voluntario) a seguir trayendo alimentos no perecederos hasta el viernes que termina la campa\u00f1a para as\u00ed ayudar a:<\/span><\/div>\n<div dir=\"auto\">&nbsp;<\/div>\n<\/div>\n<div class=\"cxmmr5t8 oygrvhab hcukyx3x c1et5uql o9v6fnle ii04i59q\" style=\"text-align: justify\">\n<div dir=\"auto\"><span style=\"font-family: 'comic sans ms', sans-serif\">&#8211; las familias de la Palma (con la venta de sus pl\u00e1tanos.)<\/span><\/div>\n<div dir=\"auto\"><span style=\"font-family: 'comic sans ms', sans-serif\">&#8211; las fruter\u00edas de Ca\u00f1ete (con la venta de pl\u00e1tanos.)<\/span><\/div>\n<div dir=\"auto\"><span style=\"font-family: 'comic sans ms', sans-serif\">&#8211; el banco de alimentos de Ca\u00f1ete (con los alimentos que se recojan.)<\/span><\/div>\n<\/div>\n<div class=\"cxmmr5t8 oygrvhab hcukyx3x c1et5uql o9v6fnle ii04i59q\">\n<div dir=\"auto\">&nbsp;<\/div>\n<div dir=\"auto\" style=\"text-align: justify\"><span style=\"font-family: 'comic sans ms', sans-serif\">Muuuuuuchas gracias<\/span><\/div>\n<\/div>\n<div dir=\"auto\">&nbsp;<\/div>\n<div dir=\"auto\" style=\"text-align: center\">ngg_shortcode_0_placeholder<\/div>\n","protected":false},"excerpt":{"rendered":"<p>Estimadas familias: &nbsp; s\u00f3lo queremos compartir con ustedes la buena aceptaci\u00f3n que est\u00e1 teniendo la recogida solidaria de alimentos para ayudar a las familias afectadas por el \u201cVolc\u00e1n de La Palma\u201d bajo el lema \u00abTUS ALIMENTOS SON SONRISAS\u00bb &nbsp; Animamos a quien a\u00fan quiera (puesto que es totalmente voluntario) a seguir trayendo alimentos no perecederos [&hellip;]<\/p>\n","protected":false},"author":5362,"featured_media":18697,"comment_status":"open","ping_status":"closed","sticky":false,"template":"","format":"standard","meta":{"ngg_post_thumbnail":0,"footnotes":""},"categories":[29706,1823015,29707,29708,59894,60253,60490,1696,1823016,1245318,1245552,1245654,1852,526,1245800,1247054],"tags":[],"aioseo_notices":[],"_links":{"self":[{"href":"https:\/\/blogsaverroes.juntadeandalucia.es\/ceipramonhernandez\/wp-json\/wp\/v2\/posts\/18687"}],"collection":[{"href":"https:\/\/blogsaverroes.juntadeandalucia.es\/ceipramonhernandez\/wp-json\/wp\/v2\/posts"}],"about":[{"href":"https:\/\/blogsaverroes.juntadeandalucia.es\/ceipramonhernandez\/wp-json\/wp\/v2\/types\/post"}],"author":[{"embeddable":true,"href":"https:\/\/blogsaverroes.juntadeandalucia.es\/ceipramonhernandez\/wp-json\/wp\/v2\/users\/5362"}],"replies":[{"embeddable":true,"href":"https:\/\/blogsaverroes.juntadeandalucia.es\/ceipramonhernandez\/wp-json\/wp\/v2\/comments?post=18687"}],"version-history":[{"count":1,"href":"https:\/\/blogsaverroes.juntadeandalucia.es\/ceipramonhernandez\/wp-json\/wp\/v2\/posts\/18687\/revisions"}],"predecessor-version":[{"id":18698,"href":"https:\/\/blogsaverroes.juntadeandalucia.es\/ceipramonhernandez\/wp-json\/wp\/v2\/posts\/18687\/revisions\/18698"}],"wp:featuredmedia":[{"embeddable":true,"href":"https:\/\/blogsaverroes.juntadeandalucia.es\/ceipramonhernandez\/wp-json\/wp\/v2\/media\/18697"}],"wp:attachment":[{"href":"https:\/\/blogsaverroes.juntadeandalucia.es\/ceipramonhernandez\/wp-json\/wp\/v2\/media?parent=18687"}],"wp:term":[{"taxonomy":"category","embeddable":true,"href":"https:\/\/blogsaverroes.juntadeandalucia.es\/ceipramonhernandez\/wp-json\/wp\/v2\/categories?post=18687"},{"taxonomy":"post_tag","embeddable":true,"href":"https:\/\/blogsaverroes.juntadeandalucia.es\/ceipramonhernandez\/wp-json\/wp\/v2\/tags?post=18687"}],"curies":[{"name":"wp","href":"https:\/\/api.w.org\/{rel}","templated":true}]}}