{"id":18743,"date":"2021-12-20T13:33:26","date_gmt":"2021-12-20T12:33:26","guid":{"rendered":"https:\/\/blogsaverroes.juntadeandalucia.es\/ceipramonhernandez\/?p=18743"},"modified":"2021-12-20T13:39:13","modified_gmt":"2021-12-20T12:39:13","slug":"recogida-solidaria-de-alimentos-3","status":"publish","type":"post","link":"https:\/\/blogsaverroes.juntadeandalucia.es\/ceipramonhernandez\/recogida-solidaria-de-alimentos-3\/","title":{"rendered":"Recogida Solidaria de Alimentos"},"content":{"rendered":"<div class=\"\" data-block=\"true\" data-editor=\"9hc1m\" data-offset-key=\"fl1bu-0-0\">\n<div class=\"_1mf _1mj\" data-offset-key=\"fl1bu-0-0\">&nbsp;<\/div>\n<\/div>\n<div class=\"\" data-block=\"true\" data-editor=\"9hc1m\" data-offset-key=\"l4g3-0-0\">\n<div class=\"_1mf _1mj\" data-offset-key=\"l4g3-0-0\"><span data-offset-key=\"l4g3-0-0\">&nbsp;<\/span><\/div>\n<\/div>\n<div class=\"\" data-block=\"true\" data-editor=\"9hc1m\" data-offset-key=\"5h13j-0-0\">\n<div class=\"_1mf _1mj\" style=\"text-align: justify\" data-offset-key=\"5h13j-0-0\"><span style=\"font-family: 'comic sans ms', sans-serif\" data-offset-key=\"5h13j-0-0\">Estimadas familias:<\/span><\/div>\n<\/div>\n<div class=\"\" style=\"text-align: justify\" data-block=\"true\" data-editor=\"9hc1m\" data-offset-key=\"do3lm-0-0\">\n<div class=\"_1mf _1mj\" data-offset-key=\"do3lm-0-0\"><span style=\"font-family: 'comic sans ms', sans-serif\" data-offset-key=\"do3lm-0-0\">&nbsp;<\/span><\/div>\n<\/div>\n<div class=\"\" style=\"text-align: justify\" data-block=\"true\" data-editor=\"9hc1m\" data-offset-key=\"13pv5-0-0\">\n<div class=\"_1mf _1mj\" data-offset-key=\"13pv5-0-0\"><span style=\"font-family: 'comic sans ms', sans-serif\" data-offset-key=\"13pv5-0-0\">queremos compartir con vosotros la gran cantidad de alimentos que se han recogido para ayudar a las familias afectadas por el \u201cVolc\u00e1n de La Palma\u201d bajo el lema \u00abTUS ALIMENTOS SON SONRISAS\u00bb<\/span><\/div>\n<\/div>\n<div class=\"\" style=\"text-align: justify\" data-block=\"true\" data-editor=\"9hc1m\" data-offset-key=\"ejlb8-0-0\">\n<div class=\"_1mf _1mj\" data-offset-key=\"ejlb8-0-0\"><span style=\"font-family: 'comic sans ms', sans-serif\" data-offset-key=\"ejlb8-0-0\">&nbsp;<\/span><\/div>\n<\/div>\n<div class=\"\" style=\"text-align: justify\" data-block=\"true\" data-editor=\"9hc1m\" data-offset-key=\"4fd9j-0-0\">\n<div class=\"_1mf _1mj\" data-offset-key=\"4fd9j-0-0\"><span style=\"font-family: 'comic sans ms', sans-serif\" data-offset-key=\"4fd9j-0-0\">La campa\u00f1a ha sido todo un \u00e9xito y estamos seguros que, con nuestro gesto, vamos a ayudar un poquito a:<\/span><\/div>\n<\/div>\n<div class=\"\" style=\"text-align: justify\" data-block=\"true\" data-editor=\"9hc1m\" data-offset-key=\"fdg3g-0-0\">\n<div class=\"_1mf _1mj\" data-offset-key=\"fdg3g-0-0\"><span style=\"font-family: 'comic sans ms', sans-serif\" data-offset-key=\"fdg3g-0-0\">&nbsp;<\/span><\/div>\n<\/div>\n<div class=\"\" style=\"text-align: justify\" data-block=\"true\" data-editor=\"9hc1m\" data-offset-key=\"7oflp-0-0\">\n<div class=\"_1mf _1mj\" data-offset-key=\"7oflp-0-0\"><span style=\"font-family: 'comic sans ms', sans-serif\" data-offset-key=\"7oflp-0-0\">&#8211; las familias de la Palma (con la venta de sus pl\u00e1tanos)<\/span><\/div>\n<\/div>\n<div class=\"\" style=\"text-align: justify\" data-block=\"true\" data-editor=\"9hc1m\" data-offset-key=\"7ugkn-0-0\">\n<div class=\"_1mf _1mj\" data-offset-key=\"7ugkn-0-0\"><span style=\"font-family: 'comic sans ms', sans-serif\" data-offset-key=\"7ugkn-0-0\">&#8211; las fruter\u00edas de Ca\u00f1ete (con la venta de los pl\u00e1tanos)<\/span><\/div>\n<\/div>\n<div class=\"\" style=\"text-align: justify\" data-block=\"true\" data-editor=\"9hc1m\" data-offset-key=\"2imdg-0-0\">\n<div class=\"_1mf _1mj\" data-offset-key=\"2imdg-0-0\"><span style=\"font-family: 'comic sans ms', sans-serif\" data-offset-key=\"2imdg-0-0\">&#8211; el banco de alimentos de Ca\u00f1ete (con los alimentos que se han recogido)<\/span><\/div>\n<\/div>\n<div class=\"\" style=\"text-align: justify\" data-block=\"true\" data-editor=\"9hc1m\" data-offset-key=\"22sg-0-0\">\n<div class=\"_1mf _1mj\" data-offset-key=\"22sg-0-0\"><span style=\"font-family: 'comic sans ms', sans-serif\" data-offset-key=\"22sg-0-0\">&nbsp;<\/span><\/div>\n<\/div>\n<div class=\"\" style=\"text-align: justify\" data-block=\"true\" data-editor=\"9hc1m\" data-offset-key=\"tmim-0-0\">\n<div class=\"_1mf _1mj\" data-offset-key=\"tmim-0-0\"><span style=\"font-family: 'comic sans ms', sans-serif\" data-offset-key=\"tmim-0-0\">Os dejamos unas fotos de la cantidad total recogida y de la entrega simb\u00f3lica (la real se ha realizado hoy) a la Concejal de Servicios Sociales del Ayuntamiento, D\u00aa M\u00aa del Mar Rela\u00f1o Valverde<\/span><\/div>\n<\/div>\n<div class=\"\" style=\"text-align: justify\" data-block=\"true\" data-editor=\"9hc1m\" data-offset-key=\"77mqe-0-0\">\n<div class=\"_1mf _1mj\" data-offset-key=\"77mqe-0-0\"><span style=\"font-family: 'comic sans ms', sans-serif\" data-offset-key=\"77mqe-0-0\">&nbsp;<\/span><\/div>\n<\/div>\n<div class=\"\" data-block=\"true\" data-editor=\"9hc1m\" data-offset-key=\"e8a5h-0-0\">\n<div class=\"_1mf _1mj\" style=\"text-align: justify\" data-offset-key=\"e8a5h-0-0\"><span style=\"font-family: 'comic sans ms', sans-serif\" data-offset-key=\"e8a5h-0-0\">Muuuuuuchas gracias<\/span><\/div>\n<\/div>\n<div data-offset-key=\"e8a5h-0-0\">&nbsp;<\/div>\n<div style=\"text-align: center\" data-offset-key=\"e8a5h-0-0\">ngg_shortcode_0_placeholder<\/div>\n","protected":false},"excerpt":{"rendered":"<p>&nbsp; &nbsp; Estimadas familias: &nbsp; queremos compartir con vosotros la gran cantidad de alimentos que se han recogido para ayudar a las familias afectadas por el \u201cVolc\u00e1n de La Palma\u201d bajo el lema \u00abTUS ALIMENTOS SON SONRISAS\u00bb &nbsp; La campa\u00f1a ha sido todo un \u00e9xito y estamos seguros que, con nuestro gesto, vamos a ayudar [&hellip;]<\/p>\n","protected":false},"author":5362,"featured_media":18752,"comment_status":"open","ping_status":"closed","sticky":false,"template":"","format":"standard","meta":{"ngg_post_thumbnail":0,"footnotes":""},"categories":[29706,1823015,29707,29708,59894,60253,60490,1696,1823016,1245318,1245552,1245654,1852,526,1245800,1247054],"tags":[],"aioseo_notices":[],"_links":{"self":[{"href":"https:\/\/blogsaverroes.juntadeandalucia.es\/ceipramonhernandez\/wp-json\/wp\/v2\/posts\/18743"}],"collection":[{"href":"https:\/\/blogsaverroes.juntadeandalucia.es\/ceipramonhernandez\/wp-json\/wp\/v2\/posts"}],"about":[{"href":"https:\/\/blogsaverroes.juntadeandalucia.es\/ceipramonhernandez\/wp-json\/wp\/v2\/types\/post"}],"author":[{"embeddable":true,"href":"https:\/\/blogsaverroes.juntadeandalucia.es\/ceipramonhernandez\/wp-json\/wp\/v2\/users\/5362"}],"replies":[{"embeddable":true,"href":"https:\/\/blogsaverroes.juntadeandalucia.es\/ceipramonhernandez\/wp-json\/wp\/v2\/comments?post=18743"}],"version-history":[{"count":3,"href":"https:\/\/blogsaverroes.juntadeandalucia.es\/ceipramonhernandez\/wp-json\/wp\/v2\/posts\/18743\/revisions"}],"predecessor-version":[{"id":18755,"href":"https:\/\/blogsaverroes.juntadeandalucia.es\/ceipramonhernandez\/wp-json\/wp\/v2\/posts\/18743\/revisions\/18755"}],"wp:featuredmedia":[{"embeddable":true,"href":"https:\/\/blogsaverroes.juntadeandalucia.es\/ceipramonhernandez\/wp-json\/wp\/v2\/media\/18752"}],"wp:attachment":[{"href":"https:\/\/blogsaverroes.juntadeandalucia.es\/ceipramonhernandez\/wp-json\/wp\/v2\/media?parent=18743"}],"wp:term":[{"taxonomy":"category","embeddable":true,"href":"https:\/\/blogsaverroes.juntadeandalucia.es\/ceipramonhernandez\/wp-json\/wp\/v2\/categories?post=18743"},{"taxonomy":"post_tag","embeddable":true,"href":"https:\/\/blogsaverroes.juntadeandalucia.es\/ceipramonhernandez\/wp-json\/wp\/v2\/tags?post=18743"}],"curies":[{"name":"wp","href":"https:\/\/api.w.org\/{rel}","templated":true}]}}