{"id":19438,"date":"2022-03-21T16:03:51","date_gmt":"2022-03-21T15:03:51","guid":{"rendered":"https:\/\/blogsaverroes.juntadeandalucia.es\/ceipramonhernandez\/?p=19438"},"modified":"2022-03-21T20:45:17","modified_gmt":"2022-03-21T19:45:17","slug":"dia-mundial-del-sindrome-de-down-2022","status":"publish","type":"post","link":"https:\/\/blogsaverroes.juntadeandalucia.es\/ceipramonhernandez\/dia-mundial-del-sindrome-de-down-2022\/","title":{"rendered":"D\u00eda Mundial del S\u00edndrome de Down 2022"},"content":{"rendered":"<div class=\"\">\n<div class=\"_1mf _1mj\" style=\"text-align: justify\"><span style=\"font-family: 'comic sans ms', sans-serif\">Como cada 21 de marzo, este lunes se ha celebrado el D\u00eda Mundial del S\u00edndrome de Down.<\/span><\/div>\n<\/div>\n<div class=\"\" style=\"text-align: justify\">\n<div class=\"_1mf _1mj\">&nbsp;<\/div>\n<\/div>\n<div class=\"\" style=\"text-align: justify\">\n<div class=\"_1mf _1mj\"><span style=\"font-family: 'comic sans ms', sans-serif\">Este a\u00f1o, DOWN ESPA\u00d1A, quiere que la campa\u00f1a para el <\/span><span style=\"font-family: 'comic sans ms', sans-serif\">D\u00eda Mundial del S\u00edndrome de Down<\/span><span style=\"font-family: 'comic sans ms', sans-serif\">, <\/span><span style=\"font-family: 'comic sans ms', sans-serif\">sea todo un homenaje de<\/span><span style=\"font-family: 'comic sans ms', sans-serif\">&nbsp;<strong>agradecimiento a los cientos de miles de personas<\/strong><\/span><span style=\"font-family: 'comic sans ms', sans-serif\">&nbsp;que, desde su anonimato y sin esperar nada a cambio,&nbsp;<\/span><strong><span style=\"font-family: 'comic sans ms', sans-serif\">hacen la vida de las personas con s\u00edndrome de Down m\u00e1s bonita<\/span><\/strong><span style=\"font-family: 'comic sans ms', sans-serif\">. Por eso, el lema de este a\u00f1o 2022 es <\/span><a style=\"font-family: 'comic sans ms', sans-serif\" href=\"https:\/\/www.facebook.com\/hashtag\/graciasportanto\" target=\"_blank\" rel=\"noopener noreferrer\">#GraciasPorTanto<\/a><span style=\"font-family: 'comic sans ms', sans-serif\">.<\/span><\/div>\n<div>&nbsp;<\/div>\n<\/div>\n<div class=\"post-video\"><iframe loading=\"lazy\" title=\"#GraciasPorTanto.- Campa\u00f1a de DOWN ESPA\u00d1A para el D\u00eda Mundial del S\u00edndrome de Down 2022.\" width=\"1165\" height=\"655\" src=\"https:\/\/www.youtube.com\/embed\/zmonadSe_FA?feature=oembed\" frameborder=\"0\" allow=\"accelerometer; autoplay; clipboard-write; encrypted-media; gyroscope; picture-in-picture\" allowfullscreen><\/iframe><\/div>\n<p style=\"text-align: justify\"><span style=\"font-family: 'comic sans ms', sans-serif\">Adem\u00e1s, para que su mensaje llegue lejos, han pedido que se comparta la campa\u00f1a y que aquellas personas que quieran mostrar su apoyo al colectivo publiquen fotos dando un abrazo a una persona con s\u00edndrome de Down o haciendo el s\u00edmbolo del abrazo.<span class=\"text_exposed_show\"> Aqu\u00ed ten\u00e9is las nuestras:<\/span><\/span><\/p>\nngg_shortcode_0_placeholder\n<p style=\"text-align: justify\">&nbsp;<\/p>\n","protected":false},"excerpt":{"rendered":"<p>Como cada 21 de marzo, este lunes se ha celebrado el D\u00eda Mundial del S\u00edndrome de Down. &nbsp; Este a\u00f1o, DOWN ESPA\u00d1A, quiere que la campa\u00f1a para el D\u00eda Mundial del S\u00edndrome de Down, sea todo un homenaje de&nbsp;agradecimiento a los cientos de miles de personas&nbsp;que, desde su anonimato y sin esperar nada a cambio,&nbsp;hacen [&hellip;]<\/p>\n","protected":false},"author":5362,"featured_media":19439,"comment_status":"open","ping_status":"closed","sticky":false,"template":"","format":"standard","meta":{"ngg_post_thumbnail":0,"footnotes":""},"categories":[29706,1823015,29707,29708,59894,60253,60490,1823016,1245318,1245552,1245654,1852,526,1245800,1247054],"tags":[],"aioseo_notices":[],"_links":{"self":[{"href":"https:\/\/blogsaverroes.juntadeandalucia.es\/ceipramonhernandez\/wp-json\/wp\/v2\/posts\/19438"}],"collection":[{"href":"https:\/\/blogsaverroes.juntadeandalucia.es\/ceipramonhernandez\/wp-json\/wp\/v2\/posts"}],"about":[{"href":"https:\/\/blogsaverroes.juntadeandalucia.es\/ceipramonhernandez\/wp-json\/wp\/v2\/types\/post"}],"author":[{"embeddable":true,"href":"https:\/\/blogsaverroes.juntadeandalucia.es\/ceipramonhernandez\/wp-json\/wp\/v2\/users\/5362"}],"replies":[{"embeddable":true,"href":"https:\/\/blogsaverroes.juntadeandalucia.es\/ceipramonhernandez\/wp-json\/wp\/v2\/comments?post=19438"}],"version-history":[{"count":8,"href":"https:\/\/blogsaverroes.juntadeandalucia.es\/ceipramonhernandez\/wp-json\/wp\/v2\/posts\/19438\/revisions"}],"predecessor-version":[{"id":19484,"href":"https:\/\/blogsaverroes.juntadeandalucia.es\/ceipramonhernandez\/wp-json\/wp\/v2\/posts\/19438\/revisions\/19484"}],"wp:featuredmedia":[{"embeddable":true,"href":"https:\/\/blogsaverroes.juntadeandalucia.es\/ceipramonhernandez\/wp-json\/wp\/v2\/media\/19439"}],"wp:attachment":[{"href":"https:\/\/blogsaverroes.juntadeandalucia.es\/ceipramonhernandez\/wp-json\/wp\/v2\/media?parent=19438"}],"wp:term":[{"taxonomy":"category","embeddable":true,"href":"https:\/\/blogsaverroes.juntadeandalucia.es\/ceipramonhernandez\/wp-json\/wp\/v2\/categories?post=19438"},{"taxonomy":"post_tag","embeddable":true,"href":"https:\/\/blogsaverroes.juntadeandalucia.es\/ceipramonhernandez\/wp-json\/wp\/v2\/tags?post=19438"}],"curies":[{"name":"wp","href":"https:\/\/api.w.org\/{rel}","templated":true}]}}