{"id":23492,"date":"2022-10-27T14:41:20","date_gmt":"2022-10-27T13:41:20","guid":{"rendered":"https:\/\/blogsaverroes.juntadeandalucia.es\/ceipramonhernandez\/?p=23492"},"modified":"2022-11-07T13:22:22","modified_gmt":"2022-11-07T12:22:22","slug":"cheque-escolar-2022-23","status":"publish","type":"post","link":"https:\/\/blogsaverroes.juntadeandalucia.es\/ceipramonhernandez\/cheque-escolar-2022-23\/","title":{"rendered":"Cheque escolar 2022\/23"},"content":{"rendered":"<p style=\"text-align: justify\"><span style=\"font-family: 'comic sans ms', sans-serif\">Estimadas familias:<\/span><br \/>\n<span style=\"font-family: 'comic sans ms', sans-serif\">Desde el CEIP Ram\u00f3n Hern\u00e1ndez Mart\u00ednez, informamos de la Convocatoria del Cheque Escolar en Andaluc\u00eda para el curso 2022\/2023.<\/span><\/p>\n<p style=\"text-align: justify\"><strong><span style=\"font-family: 'comic sans ms', sans-serif\">FINALIDAD Y CUANT\u00cdA DE LA AYUDA:<\/span><\/strong><br \/>\n<span style=\"font-family: 'comic sans ms', sans-serif\">El cheque escolar de Andaluc\u00eda tiene como finalidad apoyar a las familias andaluzas a afrontar los gastos derivados del presente curso escolar, incluyendo entre los mismos los derivados de la adquisici\u00f3n del material escolar, uniformes, comedor, aula matinal, actividades extraescolares y otros de naturaleza an\u00e1loga, ante la situaci\u00f3n generada por los altos niveles de inflaci\u00f3n registrados en el presente a\u00f1o 2022.<\/span><\/p>\n<p style=\"text-align: justify\"><span style=\"font-family: 'comic sans ms', sans-serif\"><strong>El importe del Cheque escolar ser\u00e1 de 100 euros por persona beneficiaria, la cual se abonar\u00e1 en un \u00fanico pago<\/strong>.<\/span><\/p>\n<p style=\"text-align: justify\"><span style=\"font-family: 'comic sans ms', sans-serif\"><strong>REQUISITOS:<\/strong><\/span><\/p>\n<ol>\n<li style=\"text-align: justify\"><span style=\"font-family: 'comic sans ms', sans-serif\">Estar matriculado\/a en las siguientes ense\u00f1anzas:<\/span>\n<ol style=\"list-style-type: lower-alpha\">\n<li style=\"text-align: justify\"><span style=\"font-family: 'comic sans ms', sans-serif\">Educaci\u00f3n Primaria.<\/span><\/li>\n<li style=\"text-align: justify\"><span style=\"font-family: 'comic sans ms', sans-serif\">Educaci\u00f3n Secundaria Obligatoria.<\/span><\/li>\n<li style=\"text-align: justify\"><span style=\"font-family: 'comic sans ms', sans-serif\">Ciclos Formativos de Grado B\u00e1sico.<\/span><\/li>\n<li style=\"text-align: justify\"><span style=\"font-family: 'comic sans ms', sans-serif\">Educaci\u00f3n B\u00e1sica Especial.<\/span><\/li>\n<\/ol>\n<\/li>\n<li style=\"text-align: justify\"><span style=\"font-family: 'comic sans ms', sans-serif\">Tener una renta y patrimonio familiar que no supere los umbrales establecidos en la presente orden. Se aconseja revisar el art\u00edculo 4 de la convocatoria donde se describe al completo los umbrales de renta y patrimonio familiares. Como orientaci\u00f3n comentar que para la concesi\u00f3n de la ayuda no se deber\u00e1 superar el siguiente umbral: Familias con menos de cinco miembros, 15.000 \u20ac. A partir del quinto miembro se a\u00f1adir\u00e1n 3.750 euros por cada nuevo miembro computable de la familia.<\/span><\/li>\n<\/ol>\n<p style=\"text-align: justify\"><strong><span style=\"font-family: 'comic sans ms', sans-serif\">PRESENTACI\u00d3N DE SOLICITUDES:<\/span><\/strong><\/p>\n<p style=\"text-align: justify\"><span style=\"font-family: 'comic sans ms', sans-serif\">Las solicitudes se presentar\u00e1n, de conformidad con el modelo establecido en el Anexo II de la presente orden, preferentemente de forma telem\u00e1tica a trav\u00e9s de la Secretar\u00eda Virtual de la Consejer\u00eda de Desarrollo Educativo y Formaci\u00f3n Profesional (<span style=\"font-size: 18pt\"><a href=\"https:\/\/www.juntadeandalucia.es\/educacion\/secretariavirtual\/\" target=\"_blank\" rel=\"noopener noreferrer\">https:\/\/www.juntadeandalucia.es\/educacion\/secretariavirtual\/<\/a><\/span>), todo ello sin perjuicio de lo dispuesto en el apartado 4 del art\u00edculo 16 de la Ley 39\/2015, de 1 de octubre, y en el art\u00edculo 82.2 de la Ley 9\/2007, de 22 de octubre, de la Administraci\u00f3n de la Junta de Andaluc\u00eda.<\/span><\/p>\n<p style=\"text-align: justify\"><strong><span style=\"font-family: 'comic sans ms', sans-serif\">PLAZO DE SOLICITUD:<\/span><\/strong><\/p>\n<p style=\"text-align: justify\"><strong><span style=\"font-family: 'comic sans ms', sans-serif\">10 d\u00edas h\u00e1biles desde hoy, 26 de octubre del 2022.<\/span><\/strong><\/p>\n<p style=\"text-align: justify\"><span style=\"font-family: 'comic sans ms', sans-serif\">Esperamos que la informaci\u00f3n os sea de utilidad.<\/span><\/p>\n<p style=\"text-align: justify\"><span style=\"font-family: 'comic sans ms', sans-serif\">Se adjunta enlace con mas informaci\u00f3n y v\u00eddeo de ayuda<\/span><span style=\"font-family: 'comic sans ms', sans-serif\">:<\/span><\/p>\n<p style=\"text-align: justify\"><a href=\"https:\/\/www.juntadeandalucia.es\/educacion\/portals\/web\/becas-y-ayudas\/ayudas\/cheque-escolar-2022-2023\" target=\"_blank\" rel=\"noopener noreferrer\"><span style=\"font-family: 'comic sans ms', sans-serif\"><span style=\"font-size: 18pt\">https:\/\/www.juntadeandalucia.es\/educacion\/portals\/web\/becas-y-ayudas\/ayudas\/cheque-escolar-2022-2023<\/span><\/span><\/a><\/p>\n<div class=\"post-video\"><iframe loading=\"lazy\" title=\"Solicita el Cheque Escolar de 100 euros a trav\u00e9s de la Secretar\u00eda Virtual de la Consejer\u00eda\" width=\"1165\" height=\"655\" src=\"https:\/\/www.youtube.com\/embed\/fcUKx70LH2w?feature=oembed\" frameborder=\"0\" allow=\"accelerometer; autoplay; clipboard-write; encrypted-media; gyroscope; picture-in-picture\" allowfullscreen><\/iframe><\/div>\n<p style=\"text-align: justify\"><span style=\"font-family: 'comic sans ms', sans-serif\">Un saludo.<\/span><\/p>\n<!--themify_builder_content-->\n<div id=\"themify_builder_content-23492\" data-postid=\"23492\" class=\"themify_builder_content themify_builder_content-23492 themify_builder tf_clear\">\n    <\/div>\n<!--\/themify_builder_content-->\n","protected":false},"excerpt":{"rendered":"<p>Estimadas familias: Desde el CEIP Ram\u00f3n Hern\u00e1ndez Mart\u00ednez, informamos de la Convocatoria del Cheque Escolar en Andaluc\u00eda para el curso 2022\/2023. FINALIDAD Y CUANT\u00cdA DE LA AYUDA: El cheque escolar de Andaluc\u00eda tiene como finalidad apoyar a las familias andaluzas a afrontar los gastos derivados del presente curso escolar, incluyendo entre los mismos los derivados [&hellip;]<\/p>\n","protected":false},"author":5362,"featured_media":23663,"comment_status":"open","ping_status":"closed","sticky":false,"template":"","format":"standard","meta":{"ngg_post_thumbnail":0,"footnotes":""},"categories":[1823019,526,1247054],"tags":[],"aioseo_notices":[],"_links":{"self":[{"href":"https:\/\/blogsaverroes.juntadeandalucia.es\/ceipramonhernandez\/wp-json\/wp\/v2\/posts\/23492"}],"collection":[{"href":"https:\/\/blogsaverroes.juntadeandalucia.es\/ceipramonhernandez\/wp-json\/wp\/v2\/posts"}],"about":[{"href":"https:\/\/blogsaverroes.juntadeandalucia.es\/ceipramonhernandez\/wp-json\/wp\/v2\/types\/post"}],"author":[{"embeddable":true,"href":"https:\/\/blogsaverroes.juntadeandalucia.es\/ceipramonhernandez\/wp-json\/wp\/v2\/users\/5362"}],"replies":[{"embeddable":true,"href":"https:\/\/blogsaverroes.juntadeandalucia.es\/ceipramonhernandez\/wp-json\/wp\/v2\/comments?post=23492"}],"version-history":[{"count":7,"href":"https:\/\/blogsaverroes.juntadeandalucia.es\/ceipramonhernandez\/wp-json\/wp\/v2\/posts\/23492\/revisions"}],"predecessor-version":[{"id":23664,"href":"https:\/\/blogsaverroes.juntadeandalucia.es\/ceipramonhernandez\/wp-json\/wp\/v2\/posts\/23492\/revisions\/23664"}],"wp:featuredmedia":[{"embeddable":true,"href":"https:\/\/blogsaverroes.juntadeandalucia.es\/ceipramonhernandez\/wp-json\/wp\/v2\/media\/23663"}],"wp:attachment":[{"href":"https:\/\/blogsaverroes.juntadeandalucia.es\/ceipramonhernandez\/wp-json\/wp\/v2\/media?parent=23492"}],"wp:term":[{"taxonomy":"category","embeddable":true,"href":"https:\/\/blogsaverroes.juntadeandalucia.es\/ceipramonhernandez\/wp-json\/wp\/v2\/categories?post=23492"},{"taxonomy":"post_tag","embeddable":true,"href":"https:\/\/blogsaverroes.juntadeandalucia.es\/ceipramonhernandez\/wp-json\/wp\/v2\/tags?post=23492"}],"curies":[{"name":"wp","href":"https:\/\/api.w.org\/{rel}","templated":true}]}}