{"id":24705,"date":"2022-12-22T10:48:22","date_gmt":"2022-12-22T09:48:22","guid":{"rendered":"https:\/\/blogsaverroes.juntadeandalucia.es\/ceipramonhernandez\/?p=24705"},"modified":"2022-12-23T16:28:11","modified_gmt":"2022-12-23T15:28:11","slug":"visita-a-correos","status":"publish","type":"post","link":"https:\/\/blogsaverroes.juntadeandalucia.es\/ceipramonhernandez\/visita-a-correos\/","title":{"rendered":"Visita a correos 2022"},"content":{"rendered":"<p style=\"text-align: justify\"><span style=\"font-family: 'comic sans ms', sans-serif\">El martes d\u00eda 20 de diciembre, el alumnado de Educaci\u00f3n Infantil, aula espec\u00edfica y primer ciclo de Educaci\u00f3n Primaria realizamos una visita a correos&nbsp; para entregar nuestra carta de los Reyes Magos que hab\u00edamos escrito en clase.<\/span><\/p>\n<p style=\"text-align: justify\"><span style=\"font-family: 'comic sans ms', sans-serif\">Agradecer los empleados de correos el buen recibimiento, el detalle con el alumnado y la buena organizaci\u00f3n de la actividad.<\/span><\/p>\nngg_shortcode_0_placeholder\n<!--themify_builder_content-->\n<div id=\"themify_builder_content-24705\" data-postid=\"24705\" class=\"themify_builder_content themify_builder_content-24705 themify_builder tf_clear\">\n    <\/div>\n<!--\/themify_builder_content-->\n","protected":false},"excerpt":{"rendered":"<p>El martes d\u00eda 20 de diciembre, el alumnado de Educaci\u00f3n Infantil, aula espec\u00edfica y primer ciclo de Educaci\u00f3n Primaria realizamos una visita a correos&nbsp; para entregar nuestra carta de los Reyes Magos que hab\u00edamos escrito en clase. Agradecer los empleados de correos el buen recibimiento, el detalle con el alumnado y la buena organizaci\u00f3n de [&hellip;]<\/p>\n","protected":false},"author":16511,"featured_media":24706,"comment_status":"open","ping_status":"closed","sticky":false,"template":"","format":"standard","meta":{"ngg_post_thumbnail":0,"footnotes":""},"categories":[1823019,1823016,1852,526],"tags":[],"aioseo_notices":[],"_links":{"self":[{"href":"https:\/\/blogsaverroes.juntadeandalucia.es\/ceipramonhernandez\/wp-json\/wp\/v2\/posts\/24705"}],"collection":[{"href":"https:\/\/blogsaverroes.juntadeandalucia.es\/ceipramonhernandez\/wp-json\/wp\/v2\/posts"}],"about":[{"href":"https:\/\/blogsaverroes.juntadeandalucia.es\/ceipramonhernandez\/wp-json\/wp\/v2\/types\/post"}],"author":[{"embeddable":true,"href":"https:\/\/blogsaverroes.juntadeandalucia.es\/ceipramonhernandez\/wp-json\/wp\/v2\/users\/16511"}],"replies":[{"embeddable":true,"href":"https:\/\/blogsaverroes.juntadeandalucia.es\/ceipramonhernandez\/wp-json\/wp\/v2\/comments?post=24705"}],"version-history":[{"count":5,"href":"https:\/\/blogsaverroes.juntadeandalucia.es\/ceipramonhernandez\/wp-json\/wp\/v2\/posts\/24705\/revisions"}],"predecessor-version":[{"id":24711,"href":"https:\/\/blogsaverroes.juntadeandalucia.es\/ceipramonhernandez\/wp-json\/wp\/v2\/posts\/24705\/revisions\/24711"}],"wp:featuredmedia":[{"embeddable":true,"href":"https:\/\/blogsaverroes.juntadeandalucia.es\/ceipramonhernandez\/wp-json\/wp\/v2\/media\/24706"}],"wp:attachment":[{"href":"https:\/\/blogsaverroes.juntadeandalucia.es\/ceipramonhernandez\/wp-json\/wp\/v2\/media?parent=24705"}],"wp:term":[{"taxonomy":"category","embeddable":true,"href":"https:\/\/blogsaverroes.juntadeandalucia.es\/ceipramonhernandez\/wp-json\/wp\/v2\/categories?post=24705"},{"taxonomy":"post_tag","embeddable":true,"href":"https:\/\/blogsaverroes.juntadeandalucia.es\/ceipramonhernandez\/wp-json\/wp\/v2\/tags?post=24705"}],"curies":[{"name":"wp","href":"https:\/\/api.w.org\/{rel}","templated":true}]}}