{"id":27473,"date":"2023-10-24T20:02:40","date_gmt":"2023-10-24T19:02:40","guid":{"rendered":"https:\/\/blogsaverroes.juntadeandalucia.es\/ceipramonhernandez\/?p=27473"},"modified":"2023-10-24T20:32:23","modified_gmt":"2023-10-24T19:32:23","slug":"dia-de-las-bibliotecas","status":"publish","type":"post","link":"https:\/\/blogsaverroes.juntadeandalucia.es\/ceipramonhernandez\/dia-de-las-bibliotecas\/","title":{"rendered":"D\u00eda de las Bibliotecas"},"content":{"rendered":"<p style=\"text-align: justify\"><span style=\"font-family: 'comic sans ms', sans-serif\">Hoy, 24 de octubre, hemos celebrado el D\u00eda de las Bibliotecas con una excursi\u00f3n de todos los cursos (menos los de 1er ciclo que estaban de excursi\u00f3n) a la biblioteca municipal.<\/span><\/p>\n<p style=\"text-align: justify\"><span style=\"font-family: 'comic sans ms', sans-serif\">Por grupos hemos ido dando un paseo hasta la biblioteca y la bibliotecaria, D\u00aa M\u00aa Jos\u00e9 Pons, nos ha mostrado las instalaciones, nos ha contado lo que se puede hacer en ella, nos ha invitado a usarla mucho y nos ha explicado el horario que tiene.<\/span><\/p>\n<p style=\"text-align: justify\"><span style=\"font-family: 'comic sans ms', sans-serif\">Aqu\u00ed os dejamos unas fotos de la actividad.<\/span><\/p>\nngg_shortcode_0_placeholder\n<!--themify_builder_content-->\n<div id=\"themify_builder_content-27473\" data-postid=\"27473\" class=\"themify_builder_content themify_builder_content-27473 themify_builder tf_clear\">\n    <\/div>\n<!--\/themify_builder_content-->\n","protected":false},"excerpt":{"rendered":"<p>Hoy, 24 de octubre, hemos celebrado el D\u00eda de las Bibliotecas con una excursi\u00f3n de todos los cursos (menos los de 1er ciclo que estaban de excursi\u00f3n) a la biblioteca municipal. Por grupos hemos ido dando un paseo hasta la biblioteca y la bibliotecaria, D\u00aa M\u00aa Jos\u00e9 Pons, nos ha mostrado las instalaciones, nos ha [&hellip;]<\/p>\n","protected":false},"author":5333,"featured_media":27518,"comment_status":"open","ping_status":"closed","sticky":false,"template":"","format":"standard","meta":{"ngg_post_thumbnail":0,"footnotes":""},"categories":[1823029,1852,526,1245800,1247054],"tags":[],"aioseo_notices":[],"_links":{"self":[{"href":"https:\/\/blogsaverroes.juntadeandalucia.es\/ceipramonhernandez\/wp-json\/wp\/v2\/posts\/27473"}],"collection":[{"href":"https:\/\/blogsaverroes.juntadeandalucia.es\/ceipramonhernandez\/wp-json\/wp\/v2\/posts"}],"about":[{"href":"https:\/\/blogsaverroes.juntadeandalucia.es\/ceipramonhernandez\/wp-json\/wp\/v2\/types\/post"}],"author":[{"embeddable":true,"href":"https:\/\/blogsaverroes.juntadeandalucia.es\/ceipramonhernandez\/wp-json\/wp\/v2\/users\/5333"}],"replies":[{"embeddable":true,"href":"https:\/\/blogsaverroes.juntadeandalucia.es\/ceipramonhernandez\/wp-json\/wp\/v2\/comments?post=27473"}],"version-history":[{"count":2,"href":"https:\/\/blogsaverroes.juntadeandalucia.es\/ceipramonhernandez\/wp-json\/wp\/v2\/posts\/27473\/revisions"}],"predecessor-version":[{"id":27519,"href":"https:\/\/blogsaverroes.juntadeandalucia.es\/ceipramonhernandez\/wp-json\/wp\/v2\/posts\/27473\/revisions\/27519"}],"wp:featuredmedia":[{"embeddable":true,"href":"https:\/\/blogsaverroes.juntadeandalucia.es\/ceipramonhernandez\/wp-json\/wp\/v2\/media\/27518"}],"wp:attachment":[{"href":"https:\/\/blogsaverroes.juntadeandalucia.es\/ceipramonhernandez\/wp-json\/wp\/v2\/media?parent=27473"}],"wp:term":[{"taxonomy":"category","embeddable":true,"href":"https:\/\/blogsaverroes.juntadeandalucia.es\/ceipramonhernandez\/wp-json\/wp\/v2\/categories?post=27473"},{"taxonomy":"post_tag","embeddable":true,"href":"https:\/\/blogsaverroes.juntadeandalucia.es\/ceipramonhernandez\/wp-json\/wp\/v2\/tags?post=27473"}],"curies":[{"name":"wp","href":"https:\/\/api.w.org\/{rel}","templated":true}]}}