{"id":27842,"date":"2023-11-15T19:01:23","date_gmt":"2023-11-15T18:01:23","guid":{"rendered":"https:\/\/blogsaverroes.juntadeandalucia.es\/ceipramonhernandez\/?p=27842"},"modified":"2023-11-15T19:03:22","modified_gmt":"2023-11-15T18:03:22","slug":"visita-torreparedones-3er-ciclo","status":"publish","type":"post","link":"https:\/\/blogsaverroes.juntadeandalucia.es\/ceipramonhernandez\/visita-torreparedones-3er-ciclo\/","title":{"rendered":"Visita Torreparedones 3er ciclo"},"content":{"rendered":"<p style=\"text-align: justify\"><span style=\"font-family: 'comic sans ms', sans-serif\">Los alumnos de 3er ciclo han ido de visita a<\/span><span style=\"font-family: 'comic sans ms', sans-serif\">l yacimiento arqueol\u00f3gico de Torreparedones, tambi\u00e9n conocido como Castro el Viejo o Torre de las V\u00edrgenes, entre los t\u00e9rminos municipales de Baena y Castro del R\u00edo.<\/span><\/p>\n<p><span style=\"font-family: 'comic sans ms', sans-serif\">Os dejamos las fotos para ver c\u00f3mo lo han pasado.<\/span><\/p>\n<div id=\"ngg-gallery-ef96d96531e8bf6e642d7d439d927c04-1\" class=\"ngg-galleryoverview\">\n<div id=\"ngg-image-0\" class=\"ngg-gallery-thumbnail-box\">&nbsp;<\/div>\n<\/div>\nngg_shortcode_0_placeholder\n<!--themify_builder_content-->\n<div id=\"themify_builder_content-27842\" data-postid=\"27842\" class=\"themify_builder_content themify_builder_content-27842 themify_builder tf_clear\">\n    <\/div>\n<!--\/themify_builder_content-->\n","protected":false},"excerpt":{"rendered":"<p>Los alumnos de 3er ciclo han ido de visita al yacimiento arqueol\u00f3gico de Torreparedones, tambi\u00e9n conocido como Castro el Viejo o Torre de las V\u00edrgenes, entre los t\u00e9rminos municipales de Baena y Castro del R\u00edo. Os dejamos las fotos para ver c\u00f3mo lo han pasado. &nbsp;<\/p>\n","protected":false},"author":5333,"featured_media":27853,"comment_status":"open","ping_status":"closed","sticky":false,"template":"","format":"standard","meta":{"ngg_post_thumbnail":0,"footnotes":""},"categories":[1823029,60253,60490,526,1245800],"tags":[],"aioseo_notices":[],"_links":{"self":[{"href":"https:\/\/blogsaverroes.juntadeandalucia.es\/ceipramonhernandez\/wp-json\/wp\/v2\/posts\/27842"}],"collection":[{"href":"https:\/\/blogsaverroes.juntadeandalucia.es\/ceipramonhernandez\/wp-json\/wp\/v2\/posts"}],"about":[{"href":"https:\/\/blogsaverroes.juntadeandalucia.es\/ceipramonhernandez\/wp-json\/wp\/v2\/types\/post"}],"author":[{"embeddable":true,"href":"https:\/\/blogsaverroes.juntadeandalucia.es\/ceipramonhernandez\/wp-json\/wp\/v2\/users\/5333"}],"replies":[{"embeddable":true,"href":"https:\/\/blogsaverroes.juntadeandalucia.es\/ceipramonhernandez\/wp-json\/wp\/v2\/comments?post=27842"}],"version-history":[{"count":4,"href":"https:\/\/blogsaverroes.juntadeandalucia.es\/ceipramonhernandez\/wp-json\/wp\/v2\/posts\/27842\/revisions"}],"predecessor-version":[{"id":27857,"href":"https:\/\/blogsaverroes.juntadeandalucia.es\/ceipramonhernandez\/wp-json\/wp\/v2\/posts\/27842\/revisions\/27857"}],"wp:featuredmedia":[{"embeddable":true,"href":"https:\/\/blogsaverroes.juntadeandalucia.es\/ceipramonhernandez\/wp-json\/wp\/v2\/media\/27853"}],"wp:attachment":[{"href":"https:\/\/blogsaverroes.juntadeandalucia.es\/ceipramonhernandez\/wp-json\/wp\/v2\/media?parent=27842"}],"wp:term":[{"taxonomy":"category","embeddable":true,"href":"https:\/\/blogsaverroes.juntadeandalucia.es\/ceipramonhernandez\/wp-json\/wp\/v2\/categories?post=27842"},{"taxonomy":"post_tag","embeddable":true,"href":"https:\/\/blogsaverroes.juntadeandalucia.es\/ceipramonhernandez\/wp-json\/wp\/v2\/tags?post=27842"}],"curies":[{"name":"wp","href":"https:\/\/api.w.org\/{rel}","templated":true}]}}