{"id":29214,"date":"2024-02-16T12:25:41","date_gmt":"2024-02-16T11:25:41","guid":{"rendered":"https:\/\/blogsaverroes.juntadeandalucia.es\/ceipramonhernandez\/?p=29214"},"modified":"2024-02-16T12:25:41","modified_gmt":"2024-02-16T11:25:41","slug":"pasacalles-carnaval-2024","status":"publish","type":"post","link":"https:\/\/blogsaverroes.juntadeandalucia.es\/ceipramonhernandez\/pasacalles-carnaval-2024\/","title":{"rendered":"Pasacalles Carnaval 2024"},"content":{"rendered":"<div class=\"\">\n<div class=\"_1mf _1mj\" style=\"text-align: justify\"><span style=\"font-family: 'comic sans ms', sans-serif\">Ayer celebramos la fiesta del carnaval con nuestro tradicional pasacalles por el centro del pueblo.<\/span><\/div>\n<\/div>\n<div class=\"\" style=\"text-align: justify\">\n<div class=\"_1mf _1mj\">&nbsp;<\/div>\n<\/div>\n<div class=\"\" style=\"text-align: justify\">\n<div class=\"_1mf _1mj\"><span style=\"font-family: 'comic sans ms', sans-serif\">Queremos dar las gracias a la Polic\u00eda Local de Ca\u00f1ete que nos ha ido abriendo camino y a los familiares y vecinos que nos han acompa\u00f1ado a lo largo del recorrido.<\/span><\/div>\n<\/div>\n<div class=\"\" style=\"text-align: justify\">\n<div class=\"_1mf _1mj\">&nbsp;<\/div>\n<\/div>\n<div class=\"\">\n<div class=\"_1mf _1mj\" style=\"text-align: justify\"><span style=\"font-family: 'comic sans ms', sans-serif\">Aqu\u00ed pod\u00e9is ver algunas fotos de l@s alumn@s disfrazados<\/span><\/div>\n<\/div>\n<div>&nbsp;<\/div>\n<div style=\"text-align: center\">ngg_shortcode_0_placeholder<\/div>\n<!--themify_builder_content-->\n<div id=\"themify_builder_content-29214\" data-postid=\"29214\" class=\"themify_builder_content themify_builder_content-29214 themify_builder tf_clear\">\n    <\/div>\n<!--\/themify_builder_content-->\n","protected":false},"excerpt":{"rendered":"<p>Ayer celebramos la fiesta del carnaval con nuestro tradicional pasacalles por el centro del pueblo. &nbsp; Queremos dar las gracias a la Polic\u00eda Local de Ca\u00f1ete que nos ha ido abriendo camino y a los familiares y vecinos que nos han acompa\u00f1ado a lo largo del recorrido. &nbsp; Aqu\u00ed pod\u00e9is ver algunas fotos de l@s [&hellip;]<\/p>\n","protected":false},"author":5333,"featured_media":29258,"comment_status":"open","ping_status":"closed","sticky":false,"template":"","format":"standard","meta":{"ngg_post_thumbnail":0,"footnotes":""},"categories":[1823029,526,1247054],"tags":[],"aioseo_notices":[],"_links":{"self":[{"href":"https:\/\/blogsaverroes.juntadeandalucia.es\/ceipramonhernandez\/wp-json\/wp\/v2\/posts\/29214"}],"collection":[{"href":"https:\/\/blogsaverroes.juntadeandalucia.es\/ceipramonhernandez\/wp-json\/wp\/v2\/posts"}],"about":[{"href":"https:\/\/blogsaverroes.juntadeandalucia.es\/ceipramonhernandez\/wp-json\/wp\/v2\/types\/post"}],"author":[{"embeddable":true,"href":"https:\/\/blogsaverroes.juntadeandalucia.es\/ceipramonhernandez\/wp-json\/wp\/v2\/users\/5333"}],"replies":[{"embeddable":true,"href":"https:\/\/blogsaverroes.juntadeandalucia.es\/ceipramonhernandez\/wp-json\/wp\/v2\/comments?post=29214"}],"version-history":[{"count":3,"href":"https:\/\/blogsaverroes.juntadeandalucia.es\/ceipramonhernandez\/wp-json\/wp\/v2\/posts\/29214\/revisions"}],"predecessor-version":[{"id":29326,"href":"https:\/\/blogsaverroes.juntadeandalucia.es\/ceipramonhernandez\/wp-json\/wp\/v2\/posts\/29214\/revisions\/29326"}],"wp:featuredmedia":[{"embeddable":true,"href":"https:\/\/blogsaverroes.juntadeandalucia.es\/ceipramonhernandez\/wp-json\/wp\/v2\/media\/29258"}],"wp:attachment":[{"href":"https:\/\/blogsaverroes.juntadeandalucia.es\/ceipramonhernandez\/wp-json\/wp\/v2\/media?parent=29214"}],"wp:term":[{"taxonomy":"category","embeddable":true,"href":"https:\/\/blogsaverroes.juntadeandalucia.es\/ceipramonhernandez\/wp-json\/wp\/v2\/categories?post=29214"},{"taxonomy":"post_tag","embeddable":true,"href":"https:\/\/blogsaverroes.juntadeandalucia.es\/ceipramonhernandez\/wp-json\/wp\/v2\/tags?post=29214"}],"curies":[{"name":"wp","href":"https:\/\/api.w.org\/{rel}","templated":true}]}}