{"id":30905,"date":"2024-04-29T18:31:33","date_gmt":"2024-04-29T17:31:33","guid":{"rendered":"https:\/\/blogsaverroes.juntadeandalucia.es\/ceipramonhernandez\/?p=30905"},"modified":"2024-04-29T19:04:50","modified_gmt":"2024-04-29T18:04:50","slug":"cruz-de-mayo-solidaria-2024-3","status":"publish","type":"post","link":"https:\/\/blogsaverroes.juntadeandalucia.es\/ceipramonhernandez\/cruz-de-mayo-solidaria-2024-3\/","title":{"rendered":"Cruz de mayo solidaria 2024"},"content":{"rendered":"<p style=\"text-align: justify\"><span style=\"font-family: 'comic sans ms', sans-serif\">Hoy hemos celebrado en el cole nuestra ya tradicional Cruz de Mayo Solidaria para recaudar fondos para la Asociaci\u00f3n Andaluza de Esclerosis Lateral Amiotr\u00f3fica (ELA Andaluc\u00eda).<\/span><\/p>\n<p style=\"text-align: justify\"><span style=\"font-family: 'comic sans ms', sans-serif\">Desde el colegio queremos dar las gracias:<\/span><\/p>\n<p style=\"text-align: justify\"><span style=\"font-family: 'comic sans ms', sans-serif\">\u2013 A las compa\u00f1eras que han ayudado en la decoraci\u00f3n, montaje, durante la cruz y en la recogida de la misma.<\/span><\/p>\n<p style=\"text-align: justify\"><span style=\"font-family: 'comic sans ms', sans-serif\">\u2013 A Manoli Cuenca Gonz\u00e1lez, que estuvo para todo lo que se le pidi\u00f3 durante la ma\u00f1ana de montaje.<\/span><\/p>\n<p style=\"text-align: justify\"><span style=\"font-family: 'comic sans ms', sans-serif\">\u2013 A la escuela de sevillanas de Pilar Montalb\u00e1n y a las ni\u00f1as que nos amenizaron con sus bailes.<\/span><\/p>\n<p style=\"text-align: justify\"><span style=\"font-family: 'comic sans ms', sans-serif\">\u2013 A&nbsp;Antonia Gema Cuenca Gonz\u00e1lez, Sensi Pulido, Beatriz Serrano<a href=\"https:\/\/www.facebook.com\/beatriz.serrano.9237?__tn__=%2CdK-R-R&amp;eid=ARCHXXpaglmVTQWfztSezaXAzyF_yBjonrMkAw9JV_cGuaifp8CzmKh_ETXrSMm9cEPIwgFjp_0QcZNX&amp;fref=mentions\">,<\/a> Carmen Zamora, M\u00aa Dolores Castro y Eva Garrote que, al igual que el a\u00f1o pasado se encargaron de hacer 3 paellas para darnos de comer a tod@s (y estaban riqu\u00edsimas como siempre). Tambi\u00e9n a To\u00f1i Ab\u00e1n y Encarni Navas que no pararon de preparar montaditos de lomo hasta que se acabaron.<\/span><\/p>\n<p><span style=\"font-family: 'comic sans ms', sans-serif\">&#8211; A Chips Raquel y a Celi Moral Trillo por su donaci\u00f3n, las patatas y los dulces respectivamente.<\/span><\/p>\n<p><span style=\"font-family: 'comic sans ms', sans-serif\">&#8211; A las monitoras que se quedaron en el comedor pendientes de l@s ni\u00f1@s que hicieron uso del servicio de comedor hasta que llegaron sus padres.<\/span><\/p>\n<p style=\"text-align: justify\"><span style=\"font-family: 'comic sans ms', sans-serif\">\u2013 A M\u00aa del Campo Velasco Ortega, por estar durante toda la cruz sacrificada en los tickets.&nbsp;<\/span><\/p>\n<p style=\"text-align: justify\"><span style=\"font-family: 'comic sans ms', sans-serif\">\u2013 A las maestras del colegio que se metieron en la barra y que dentro de esta echaron una mano.&nbsp;<\/span><\/p>\n<p style=\"text-align: justify\"><span style=\"font-family: 'comic sans ms', sans-serif\">\u2013 A l@s padres y madres que acudieron a acompa\u00f1arnos, que contribuyeron econ\u00f3micamente y que pasaron un buen rato con nosotros.<\/span><\/p>\n<p><span style=\"font-family: 'comic sans ms', sans-serif\">&#8211; A todas las personas que han colaborado y est\u00e1n colaborado con donativos (aunque no hayan pasado por la cruz).<\/span><\/p>\n<p style=\"text-align: justify\"><span style=\"font-family: 'comic sans ms', sans-serif\">-A l@s que ayudaron a recoger.<\/span><\/p>\n<p style=\"text-align: justify\"><span style=\"font-family: 'comic sans ms', sans-serif\">\u200bEsperamos no dejarnos atr\u00e1s a nadie, de ser as\u00ed, os pedimos disculpas de antemano y, una vez m\u00e1s, reiteramos desde aqu\u00ed nuestro agradecimiento a tod@s aquell@s que han hecho posible la realizaci\u00f3n de esta actividad.<\/span><\/p>\n<p style=\"text-align: justify\"><span style=\"font-family: 'comic sans ms', sans-serif\">Tambi\u00e9n queremos pedir disculpas a las personas que se han marchado sin probar el arroz. Para un acto de un d\u00eda, es imposible acertar con la cantidad. Si os sirve de consuelo, la gran mayor\u00eda de los maestros tampoco lo hemos probado.<\/span><\/p>\n<p style=\"text-align: justify\"><span style=\"font-family: 'comic sans ms', sans-serif\">Aqu\u00ed os dejamos las fotos del evento.<\/span><\/p>\nngg_shortcode_0_placeholder\n<!--themify_builder_content-->\n<div id=\"themify_builder_content-30905\" data-postid=\"30905\" class=\"themify_builder_content themify_builder_content-30905 themify_builder tf_clear\">\n    <\/div>\n<!--\/themify_builder_content-->\n","protected":false},"excerpt":{"rendered":"<p>Hoy hemos celebrado en el cole nuestra ya tradicional Cruz de Mayo Solidaria para recaudar fondos para la Asociaci\u00f3n Andaluza de Esclerosis Lateral Amiotr\u00f3fica (ELA Andaluc\u00eda). Desde el colegio queremos dar las gracias: \u2013 A las compa\u00f1eras que han ayudado en la decoraci\u00f3n, montaje, durante la cruz y en la recogida de la misma. \u2013 [&hellip;]<\/p>\n","protected":false},"author":5333,"featured_media":30936,"comment_status":"closed","ping_status":"closed","sticky":false,"template":"","format":"standard","meta":{"ngg_post_thumbnail":0,"footnotes":""},"categories":[1823029,1823033,526,1247054],"tags":[],"aioseo_notices":[],"_links":{"self":[{"href":"https:\/\/blogsaverroes.juntadeandalucia.es\/ceipramonhernandez\/wp-json\/wp\/v2\/posts\/30905"}],"collection":[{"href":"https:\/\/blogsaverroes.juntadeandalucia.es\/ceipramonhernandez\/wp-json\/wp\/v2\/posts"}],"about":[{"href":"https:\/\/blogsaverroes.juntadeandalucia.es\/ceipramonhernandez\/wp-json\/wp\/v2\/types\/post"}],"author":[{"embeddable":true,"href":"https:\/\/blogsaverroes.juntadeandalucia.es\/ceipramonhernandez\/wp-json\/wp\/v2\/users\/5333"}],"replies":[{"embeddable":true,"href":"https:\/\/blogsaverroes.juntadeandalucia.es\/ceipramonhernandez\/wp-json\/wp\/v2\/comments?post=30905"}],"version-history":[{"count":20,"href":"https:\/\/blogsaverroes.juntadeandalucia.es\/ceipramonhernandez\/wp-json\/wp\/v2\/posts\/30905\/revisions"}],"predecessor-version":[{"id":30938,"href":"https:\/\/blogsaverroes.juntadeandalucia.es\/ceipramonhernandez\/wp-json\/wp\/v2\/posts\/30905\/revisions\/30938"}],"wp:featuredmedia":[{"embeddable":true,"href":"https:\/\/blogsaverroes.juntadeandalucia.es\/ceipramonhernandez\/wp-json\/wp\/v2\/media\/30936"}],"wp:attachment":[{"href":"https:\/\/blogsaverroes.juntadeandalucia.es\/ceipramonhernandez\/wp-json\/wp\/v2\/media?parent=30905"}],"wp:term":[{"taxonomy":"category","embeddable":true,"href":"https:\/\/blogsaverroes.juntadeandalucia.es\/ceipramonhernandez\/wp-json\/wp\/v2\/categories?post=30905"},{"taxonomy":"post_tag","embeddable":true,"href":"https:\/\/blogsaverroes.juntadeandalucia.es\/ceipramonhernandez\/wp-json\/wp\/v2\/tags?post=30905"}],"curies":[{"name":"wp","href":"https:\/\/api.w.org\/{rel}","templated":true}]}}