{"id":33772,"date":"2024-12-20T09:44:02","date_gmt":"2024-12-20T08:44:02","guid":{"rendered":"https:\/\/blogsaverroes.juntadeandalucia.es\/ceipramonhernandez\/?p=33772"},"modified":"2024-12-20T09:48:10","modified_gmt":"2024-12-20T08:48:10","slug":"fiesta-de-navidad-2024","status":"publish","type":"post","link":"https:\/\/blogsaverroes.juntadeandalucia.es\/ceipramonhernandez\/fiesta-de-navidad-2024\/","title":{"rendered":"Fiesta de Navidad 2024"},"content":{"rendered":"<div class=\"\">\n<div class=\"_1mf _1mj\" style=\"text-align: justify\"><span style=\"font-family: 'comic sans ms', sans-serif\">Este mi\u00e9rcoles pasado, hemos celebrado en el Sal\u00f3n de Actos de la Caja Rural la tradicional fiesta de Navidad del cole, con actuaciones de tod@s l@s ni\u00f1@s, desde los peque\u00f1os de infantil de 3 a\u00f1os hasta los mayores de 6\u00ba de primaria.<\/span><\/div>\n<div>&nbsp;<\/div>\n<div class=\"_1mf _1mj\" style=\"text-align: justify\"><span style=\"font-family: 'comic sans ms', sans-serif\">La fiesta ha quedado muy chula porque adem\u00e1s de las actuaciones hemos entregado los premios del XXXVI Concurso de Tarjetas Navide\u00f1as que el jurado fall\u00f3 el viernes 13.<\/span><\/div>\n<\/div>\n<div class=\"\" style=\"text-align: justify\">\n<div class=\"_1mf _1mj\">&nbsp;<\/div>\n<\/div>\n<div class=\"\" style=\"text-align: justify\">\n<div class=\"_1mf _1mj\"><span style=\"font-family: 'comic sans ms', sans-serif\">Desde el cole queremos dar las gracias:<\/span><\/div>\n<\/div>\n<div class=\"\" style=\"text-align: justify\">\n<div class=\"_1mf _1mj\"><span style=\"font-family: 'comic sans ms', sans-serif\">\u2013 al jurado del XXXVI concurso de Tarjetas Navide\u00f1as<\/span><\/div>\n<\/div>\n<div class=\"\" style=\"text-align: justify\">\n<div class=\"_1mf _1mj\"><span style=\"font-family: 'comic sans ms', sans-serif\">\u2013 a la Caja Rural por prestarnos, como siempre y de manera desinteresada, su Sal\u00f3n de Actos para poder realizar la actuaci\u00f3n<\/span><\/div>\n<\/div>\n<div class=\"\" style=\"text-align: justify\">\n<div class=\"_1mf _1mj\"><span style=\"font-family: 'comic sans ms', sans-serif\">\u2013 al Ayuntamiento de Ca\u00f1ete de las Torres por patrocinar y colaborar en los premios del XXXVI Certamen de Tarjetas Navide\u00f1as y a la concejala&nbsp;D\u00f1a. Roc\u00edo Castillo Guti\u00e9rrez,&nbsp;por acercarse a la entrega de premios<\/span><\/div>\n<\/div>\n<div class=\"\" style=\"text-align: justify\">\n<div class=\"_1mf _1mj\"><span style=\"font-family: 'comic sans ms', sans-serif\">\u2013 a las tutoras, por su trabajo, entrega y dedicaci\u00f3n, preparando las actuaciones de hoy.<\/span><\/div>\n<\/div>\n<div class=\"\" style=\"text-align: justify\">\n<div class=\"_1mf _1mj\"><span style=\"font-family: 'comic sans ms', sans-serif\">\u2013 a tod@s l@s miembr@s de la comunidad educativa que han podido y querido pasar la ma\u00f1ana con nosotr@s disfrutando de l@s ni\u00f1@s<\/span><\/div>\n<\/div>\n<div class=\"\" style=\"text-align: justify\">\n<div class=\"_1mf _1mj\">&nbsp;<\/div>\n<\/div>\n<div class=\"\" style=\"text-align: justify\">\n<div class=\"_1mf _1mj\"><span style=\"font-family: 'comic sans ms', sans-serif\">A tod@s, MUCH\u00cd\u00cd\u00cd\u00cd\u00cd\u00cd\u00cdSIMAS GRACIAS un a\u00f1o m\u00e1s<\/span><\/div>\n<\/div>\n<div style=\"text-align: justify\">&nbsp;<\/div>\n<div style=\"text-align: justify\"><span style=\"font-family: verdana, geneva, sans-serif\">Aqu\u00ed os dejamos las fotos del acto<\/span><\/div>\n<div>ngg_shortcode_0_placeholder<\/div>\n<div>&nbsp;<\/div>\n","protected":false},"excerpt":{"rendered":"<p>Este mi\u00e9rcoles pasado, hemos celebrado en el Sal\u00f3n de Actos de la Caja Rural la tradicional fiesta de Navidad del cole, con actuaciones de tod@s l@s ni\u00f1@s, desde los peque\u00f1os de infantil de 3 a\u00f1os hasta los mayores de 6\u00ba de primaria. &nbsp; La fiesta ha quedado muy chula porque adem\u00e1s de las actuaciones hemos [&hellip;]<\/p>\n","protected":false},"author":5333,"featured_media":34261,"comment_status":"closed","ping_status":"closed","sticky":false,"template":"","format":"standard","meta":{"ngg_post_thumbnail":0,"footnotes":""},"categories":[1823034,526,1247054],"tags":[],"aioseo_notices":[],"_links":{"self":[{"href":"https:\/\/blogsaverroes.juntadeandalucia.es\/ceipramonhernandez\/wp-json\/wp\/v2\/posts\/33772"}],"collection":[{"href":"https:\/\/blogsaverroes.juntadeandalucia.es\/ceipramonhernandez\/wp-json\/wp\/v2\/posts"}],"about":[{"href":"https:\/\/blogsaverroes.juntadeandalucia.es\/ceipramonhernandez\/wp-json\/wp\/v2\/types\/post"}],"author":[{"embeddable":true,"href":"https:\/\/blogsaverroes.juntadeandalucia.es\/ceipramonhernandez\/wp-json\/wp\/v2\/users\/5333"}],"replies":[{"embeddable":true,"href":"https:\/\/blogsaverroes.juntadeandalucia.es\/ceipramonhernandez\/wp-json\/wp\/v2\/comments?post=33772"}],"version-history":[{"count":7,"href":"https:\/\/blogsaverroes.juntadeandalucia.es\/ceipramonhernandez\/wp-json\/wp\/v2\/posts\/33772\/revisions"}],"predecessor-version":[{"id":34258,"href":"https:\/\/blogsaverroes.juntadeandalucia.es\/ceipramonhernandez\/wp-json\/wp\/v2\/posts\/33772\/revisions\/34258"}],"wp:featuredmedia":[{"embeddable":true,"href":"https:\/\/blogsaverroes.juntadeandalucia.es\/ceipramonhernandez\/wp-json\/wp\/v2\/media\/34261"}],"wp:attachment":[{"href":"https:\/\/blogsaverroes.juntadeandalucia.es\/ceipramonhernandez\/wp-json\/wp\/v2\/media?parent=33772"}],"wp:term":[{"taxonomy":"category","embeddable":true,"href":"https:\/\/blogsaverroes.juntadeandalucia.es\/ceipramonhernandez\/wp-json\/wp\/v2\/categories?post=33772"},{"taxonomy":"post_tag","embeddable":true,"href":"https:\/\/blogsaverroes.juntadeandalucia.es\/ceipramonhernandez\/wp-json\/wp\/v2\/tags?post=33772"}],"curies":[{"name":"wp","href":"https:\/\/api.w.org\/{rel}","templated":true}]}}