{"id":36832,"date":"2025-05-18T08:32:48","date_gmt":"2025-05-18T07:32:48","guid":{"rendered":"https:\/\/blogsaverroes.juntadeandalucia.es\/ceipramonhernandez\/admision-copy\/"},"modified":"2026-03-01T09:13:39","modified_gmt":"2026-03-01T08:13:39","slug":"matriculacion","status":"publish","type":"post","link":"https:\/\/blogsaverroes.juntadeandalucia.es\/ceipramonhernandez\/matriculacion\/","title":{"rendered":"Matriculaci\u00f3n"},"content":{"rendered":"<!--themify_builder_content-->\n<div id=\"themify_builder_content-36832\" data-postid=\"36832\" class=\"themify_builder_content themify_builder_content-36832 themify_builder tf_clear\">\n                    <div  data-css_id=\"fjga183\" data-lazy=\"1\" class=\"module_row themify_builder_row fullwidth tb_fjga183 tb_first tf_w\">\n                        <div class=\"row_inner col_align_top tb_col_count_1 tf_box tf_rel\">\n                        <div  data-lazy=\"1\" class=\"module_column tb-column col-full tb_cgm3183 first\">\n                            <div  data-lazy=\"1\" class=\"module_subrow themify_builder_sub_row tf_w col_align_top tb_col_count_2 tb_447k362\">\n                <div  data-lazy=\"1\" class=\"module_column sub_column tb_51qa362 first\">\n                    <!-- module buttons -->\n<div  class=\"module module-buttons tb_7lnm362 buttons-horizontal transparent  large circle\" data-lazy=\"1\">\n        <div class=\"module-buttons-item tf_in_flx\">\n                        <a href=\"https:\/\/www.juntadeandalucia.es\/educacion\/portales\/web\/escolarizacion\/infantil-a-bachillerato\" class=\"ui builder_button tf_in_flx tb_default_color\" target=\"_blank\" rel=\"noopener\">\n                                                Web de escolarizaci\u00f3n de la Junta de Andaluc\u00eda                                        <\/a>\n                <\/div>\n            <\/div>\n<!-- \/module buttons -->\n        <\/div>\n                    <div  data-lazy=\"1\" class=\"module_column sub_column tb_wmf8362 last\">\n                    <!-- module buttons -->\n<div  class=\"module module-buttons tb_1zvw362 buttons-horizontal transparent  large circle\" data-lazy=\"1\">\n        <div class=\"module-buttons-item tf_in_flx\">\n                        <a href=\"https:\/\/www.juntadeandalucia.es\/educacion\/secretariavirtual\/accesoTramite\/365\/\" class=\"ui builder_button tf_in_flx tb_default_color\" target=\"_blank\" rel=\"noopener\">\n                                                Rellenar la matr\u00edcula                                        <\/a>\n                <\/div>\n            <\/div>\n<!-- \/module buttons -->\n        <\/div>\n                    <\/div>\n                <div  data-lazy=\"1\" class=\"module_subrow themify_builder_sub_row tf_w col_align_middle tb_col_count_2 tb_93ab522\">\n                <div  data-lazy=\"1\" class=\"module_column sub_column tb_45bz522 first\">\n                    <!-- module text -->\n<div  class=\"module module-text tb_5uiu522   \" data-lazy=\"1\">\n        <div  class=\"tb_text_wrap\">\n        <h4 style=\"text-align: justify\"><span style=\"color: #000000;font-size: 36px\"><strong>El proceso de MATRICULACI\u00d3N es para<\/strong>:<\/span><\/h4>\n<ul style=\"text-align: justify\">\n<li style=\"text-align: left\">\n<h4><span style=\"color: #000000;font-size: 36px\">tod@s l@s alumn@s del colegio (menos los que terminan 6\u00ba y el pr\u00f3ximo a\u00f1o ir\u00e1n al instituto)<\/span><\/h4>\n<\/li>\n<li style=\"text-align: left\">\n<h4><span style=\"color: #000000;font-size: 36px\">l@s alumn@s que el pr\u00f3ximo curso empiecen infantil de 3 a\u00f1os (da igual que hayan estado o no en guarder\u00eda).<\/span><\/h4>\n<\/li>\n<\/ul>    <\/div>\n<\/div>\n<!-- \/module text -->        <\/div>\n                    <div  data-lazy=\"1\" class=\"module_column sub_column tb_20y8522 last\">\n                    <!-- module text -->\n<div  class=\"module module-text tb_kebl522   \" data-lazy=\"1\">\n        <div  class=\"tb_text_wrap\">\n        <h1 style=\"text-align: center\"><span style=\"color: #ff0000;font-size: 90px\">Del 1 al 9 de junio<\/span><\/h1>    <\/div>\n<\/div>\n<!-- \/module text -->        <\/div>\n                    <\/div>\n                <div  data-lazy=\"1\" class=\"module_subrow themify_builder_sub_row tf_w col_align_middle gutter-narrow tb_col_count_3 tb_04mw183\">\n                <div  data-lazy=\"1\" class=\"module_column sub_column col3-1 tb_jv7a183 first\">\n                    <!-- module image -->\n<div  class=\"module module-image tb_rj3c183 image-center rounded drop-shadow bordered  tf_mw\" data-lazy=\"1\">\n        <div class=\"image-wrap tf_rel tf_mw\">\n            <img loading=\"lazy\" decoding=\"async\" src=\"https:\/\/blogsaverroes.juntadeandalucia.es\/ceipramonhernandez\/files\/2025\/05\/Aviso-reunion-matriculacion-24-25.gif\" width=\"400\" height=\"750\" class=\"wp-post-image wp-image-36823\" title=\"Aviso reuni\u00f3n matriculaci\u00f3n 24-25\" alt=\"Aviso reuni\u00f3n matriculaci\u00f3n 24-25\">    \n        <\/div>\n    <!-- \/image-wrap -->\n    \n        <\/div>\n<!-- \/module image -->        <\/div>\n                    <div  data-lazy=\"1\" class=\"module_column sub_column col3-1 tb_qyj2183\">\n                    <!-- module image -->\n<div  class=\"module module-image tb_e62i183 image-center rounded drop-shadow bordered  tf_mw\" data-lazy=\"1\">\n        <div class=\"image-wrap tf_rel tf_mw\">\n            <img loading=\"lazy\" decoding=\"async\" src=\"https:\/\/blogsaverroes.juntadeandalucia.es\/ceipramonhernandez\/files\/2025\/05\/Aviso-reunion-matriculacion-24-25-400x750.jpg\" width=\"400\" height=\"750\" class=\"wp-post-image wp-image-36825\" title=\"Aviso reuni\u00f3n matriculaci\u00f3n 24-25\" alt=\"Aviso reuni\u00f3n matriculaci\u00f3n 24-25\">    \n        <\/div>\n    <!-- \/image-wrap -->\n    \n        <\/div>\n<!-- \/module image --><!-- module buttons -->\n<div  class=\"module module-buttons tb_sp3r237 buttons-horizontal solid  xlarge circle\" data-lazy=\"1\">\n        <div class=\"module-buttons-item tf_in_flx\">\n                        <a href=\"https:\/\/drive.google.com\/file\/d\/1gVZqohf6fwpKGVm5kSHDCVmiyIaVlX0M\/preview\" class=\"ui builder_button tf_in_flx red\" target=\"_blank\" rel=\"noopener\">\n                                                DOCUMENTACI\u00d3N A PRESENTAR                                        <\/a>\n                <\/div>\n            <\/div>\n<!-- \/module buttons -->\n        <\/div>\n                    <div  data-lazy=\"1\" class=\"module_column sub_column col3-1 tb_4l5c272 last\">\n                    <!-- module text -->\n<div  class=\"module module-text tb_y9s9183    wow\" data-tf-animation=\"flash\" data-lazy=\"1\">\n        <div  class=\"tb_text_wrap\">\n        <h3 style=\"text-align: center\"><span style=\"color: #ff0000;font-size: 36px\">TUTOR\u00cdAL proceso de matriculaci\u00f3n telem\u00e1tico<\/span><\/h3>    <\/div>\n<\/div>\n<!-- \/module text --><!-- module text -->\n<div  class=\"module module-text tb_0avt504   \" data-lazy=\"1\">\n        <div  class=\"tb_text_wrap\">\n        <div style=\"width: 100%\"><iframe loading=\"lazy\" src=\"https:\/\/view.genially.com\/6834a56d33a9a024d7ba84a8\" width=\"1200\" height=\"675\" frameborder=\"0\" scrolling=\"yes\"><\/iframe><\/div>    <\/div>\n<\/div>\n<!-- \/module text -->        <\/div>\n                    <\/div>\n                <div  data-lazy=\"1\" class=\"module_subrow themify_builder_sub_row tf_w col_align_middle tb_col_count_2 tb_v5hz183 hide-desktop hide-tablet hide-tablet_landscape hide-mobile\">\n                <div  data-lazy=\"1\" class=\"module_column sub_column col4-2 tb_ilr6183 first\">\n                    <!-- module text -->\n<div  class=\"module module-text tb_z3fm183   \" data-lazy=\"1\">\n        <div  class=\"tb_text_wrap\">\n        <h4 style=\"text-align: justify\"><span style=\"color: #000000;font-size: 36px\"><strong>El proceso de MATRICULACI\u00d3N es para<\/strong>:<\/span><\/h4>\n<ul style=\"text-align: justify\">\n<li style=\"text-align: left\">\n<h4><span style=\"color: #000000;font-size: 36px\">tod@s l@s alumn@s del colegio (menos los que terminan 6\u00ba y el pr\u00f3ximo a\u00f1o ir\u00e1n al instituto)<\/span><\/h4>\n<\/li>\n<li style=\"text-align: left\">\n<h4><span style=\"color: #000000;font-size: 36px\">l@s alumn@s que el pr\u00f3ximo curso empiecen infantil de 3 a\u00f1os (da igual que hayan estado o no en guarder\u00eda).<\/span><\/h4>\n<\/li>\n<\/ul>    <\/div>\n<\/div>\n<!-- \/module text --><!-- module text -->\n<div  class=\"module module-text tb_8da7183    wow\" data-tf-animation=\"flash\" data-lazy=\"1\">\n        <div  class=\"tb_text_wrap\">\n            <\/div>\n<\/div>\n<!-- \/module text -->        <\/div>\n                    <div  data-lazy=\"1\" class=\"module_column sub_column col4-2 tb_alop183 last\">\n                    <!-- module text -->\n<div  class=\"module module-text tb_spij183   \" data-lazy=\"1\">\n        <div  class=\"tb_text_wrap\">\n        <div style=\"width: 100%\">\n<div style=\"position: relative;padding-bottom: 56.25%;padding-top: 0;height: 0\"><iframe loading=\"lazy\" src=\"https:\/\/view.genially.com\/6834a56d33a9a024d7ba84a8\" width=\"1200\" height=\"675\" frameborder=\"0\" scrolling=\"yes\"><\/iframe><\/div>\n<\/div>    <\/div>\n<\/div>\n<!-- \/module text -->        <\/div>\n                    <\/div>\n                <\/div>\n                        <\/div>\n        <\/div>\n        <\/div>\n<!--\/themify_builder_content-->&nbsp;<\/p>\n<p>&nbsp;<\/p>","protected":false},"excerpt":{"rendered":"<p>Web de escolarizaci\u00f3n de la Junta de Andaluc\u00eda Rellenar la matr\u00edcula El proceso de MATRICULACI\u00d3N es para: tod@s l@s alumn@s del colegio (menos los que terminan 6\u00ba y el pr\u00f3ximo a\u00f1o ir\u00e1n al instituto) l@s alumn@s que el pr\u00f3ximo curso empiecen infantil de 3 a\u00f1os (da igual que hayan estado o no en guarder\u00eda). Del [&hellip;]<\/p>\n","protected":false},"author":5333,"featured_media":38013,"comment_status":"open","ping_status":"closed","sticky":false,"template":"","format":"standard","meta":{"ngg_post_thumbnail":0,"footnotes":""},"categories":[1823031],"tags":[],"aioseo_notices":[],"_links":{"self":[{"href":"https:\/\/blogsaverroes.juntadeandalucia.es\/ceipramonhernandez\/wp-json\/wp\/v2\/posts\/36832"}],"collection":[{"href":"https:\/\/blogsaverroes.juntadeandalucia.es\/ceipramonhernandez\/wp-json\/wp\/v2\/posts"}],"about":[{"href":"https:\/\/blogsaverroes.juntadeandalucia.es\/ceipramonhernandez\/wp-json\/wp\/v2\/types\/post"}],"author":[{"embeddable":true,"href":"https:\/\/blogsaverroes.juntadeandalucia.es\/ceipramonhernandez\/wp-json\/wp\/v2\/users\/5333"}],"replies":[{"embeddable":true,"href":"https:\/\/blogsaverroes.juntadeandalucia.es\/ceipramonhernandez\/wp-json\/wp\/v2\/comments?post=36832"}],"version-history":[{"count":91,"href":"https:\/\/blogsaverroes.juntadeandalucia.es\/ceipramonhernandez\/wp-json\/wp\/v2\/posts\/36832\/revisions"}],"predecessor-version":[{"id":36841,"href":"https:\/\/blogsaverroes.juntadeandalucia.es\/ceipramonhernandez\/wp-json\/wp\/v2\/posts\/36832\/revisions\/36841"}],"wp:featuredmedia":[{"embeddable":true,"href":"https:\/\/blogsaverroes.juntadeandalucia.es\/ceipramonhernandez\/wp-json\/wp\/v2\/media\/38013"}],"wp:attachment":[{"href":"https:\/\/blogsaverroes.juntadeandalucia.es\/ceipramonhernandez\/wp-json\/wp\/v2\/media?parent=36832"}],"wp:term":[{"taxonomy":"category","embeddable":true,"href":"https:\/\/blogsaverroes.juntadeandalucia.es\/ceipramonhernandez\/wp-json\/wp\/v2\/categories?post=36832"},{"taxonomy":"post_tag","embeddable":true,"href":"https:\/\/blogsaverroes.juntadeandalucia.es\/ceipramonhernandez\/wp-json\/wp\/v2\/tags?post=36832"}],"curies":[{"name":"wp","href":"https:\/\/api.w.org\/{rel}","templated":true}]}}