{"id":39486,"date":"2025-11-20T22:26:23","date_gmt":"2025-11-20T21:26:23","guid":{"rendered":"https:\/\/blogsaverroes.juntadeandalucia.es\/ceipramonhernandez\/?p=39486"},"modified":"2025-11-26T22:31:51","modified_gmt":"2025-11-26T21:31:51","slug":"recogida-de-hojas-de-otono","status":"publish","type":"post","link":"https:\/\/blogsaverroes.juntadeandalucia.es\/ceipramonhernandez\/recogida-de-hojas-de-otono\/","title":{"rendered":"RECOGIDA DE HOJAS DE OTO\u00d1O"},"content":{"rendered":"<ul>\n<li style=\"text-align: center\">Los ni\u00f1os y ni\u00f1as de Educaci\u00f3n Infantil, en el d\u00eda de hoy han dado un paseo por la localidad para observar los cambios que se producen en el entorno con la llegada&nbsp; de esta estaci\u00f3n, han cantado&nbsp; canciones&nbsp; de oto\u00f1o, han jugado con las hojas y desayunado el parque. La ma\u00f1ana&nbsp; ha sido muy divertida como pod\u00e9is ver en las fotos que os dejamos a continuaci\u00f3n.&nbsp;<\/li>\n<\/ul>\nngg_shortcode_0_placeholder\n","protected":false},"excerpt":{"rendered":"<p>Los ni\u00f1os y ni\u00f1as de Educaci\u00f3n Infantil, en el d\u00eda de hoy han dado un paseo por la localidad para observar los cambios que se producen en el entorno con la llegada&nbsp; de esta estaci\u00f3n, han cantado&nbsp; canciones&nbsp; de oto\u00f1o, han jugado con las hojas y desayunado el parque. La ma\u00f1ana&nbsp; ha sido muy divertida [&hellip;]<\/p>\n","protected":false},"author":16511,"featured_media":39829,"comment_status":"closed","ping_status":"closed","sticky":false,"template":"","format":"standard","meta":{"ngg_post_thumbnail":0,"footnotes":""},"categories":[1823039,1245318,1245552,1245654,526],"tags":[],"aioseo_notices":[],"_links":{"self":[{"href":"https:\/\/blogsaverroes.juntadeandalucia.es\/ceipramonhernandez\/wp-json\/wp\/v2\/posts\/39486"}],"collection":[{"href":"https:\/\/blogsaverroes.juntadeandalucia.es\/ceipramonhernandez\/wp-json\/wp\/v2\/posts"}],"about":[{"href":"https:\/\/blogsaverroes.juntadeandalucia.es\/ceipramonhernandez\/wp-json\/wp\/v2\/types\/post"}],"author":[{"embeddable":true,"href":"https:\/\/blogsaverroes.juntadeandalucia.es\/ceipramonhernandez\/wp-json\/wp\/v2\/users\/16511"}],"replies":[{"embeddable":true,"href":"https:\/\/blogsaverroes.juntadeandalucia.es\/ceipramonhernandez\/wp-json\/wp\/v2\/comments?post=39486"}],"version-history":[{"count":7,"href":"https:\/\/blogsaverroes.juntadeandalucia.es\/ceipramonhernandez\/wp-json\/wp\/v2\/posts\/39486\/revisions"}],"predecessor-version":[{"id":39832,"href":"https:\/\/blogsaverroes.juntadeandalucia.es\/ceipramonhernandez\/wp-json\/wp\/v2\/posts\/39486\/revisions\/39832"}],"wp:featuredmedia":[{"embeddable":true,"href":"https:\/\/blogsaverroes.juntadeandalucia.es\/ceipramonhernandez\/wp-json\/wp\/v2\/media\/39829"}],"wp:attachment":[{"href":"https:\/\/blogsaverroes.juntadeandalucia.es\/ceipramonhernandez\/wp-json\/wp\/v2\/media?parent=39486"}],"wp:term":[{"taxonomy":"category","embeddable":true,"href":"https:\/\/blogsaverroes.juntadeandalucia.es\/ceipramonhernandez\/wp-json\/wp\/v2\/categories?post=39486"},{"taxonomy":"post_tag","embeddable":true,"href":"https:\/\/blogsaverroes.juntadeandalucia.es\/ceipramonhernandez\/wp-json\/wp\/v2\/tags?post=39486"}],"curies":[{"name":"wp","href":"https:\/\/api.w.org\/{rel}","templated":true}]}}